{"id":10268,"date":"2025-10-06T14:17:24","date_gmt":"2025-10-06T17:17:24","guid":{"rendered":"https:\/\/noticiasregionais.com.br\/?p=10268"},"modified":"2025-10-06T16:02:46","modified_gmt":"2025-10-06T19:02:46","slug":"publicacao-sobre-suposta-intoxicacao-por-metanol-em-ourinhos-gera-alerta-para-o-cuidado-com-informacoes-nas-redes","status":"publish","type":"post","link":"https:\/\/noticiasregionais.com.br\/?p=10268","title":{"rendered":"Publica\u00e7\u00e3o sobre suposta intoxica\u00e7\u00e3o por metanol em Ourinhos gera alerta para o cuidado com informa\u00e7\u00f5es nas redes"},"content":{"rendered":"\n<p>Uma postagem feita nas redes sociais nesta segunda-feira (6) causou preocupa\u00e7\u00e3o em Ourinhos ao relatar um caso de suposta intoxica\u00e7\u00e3o por metanol. Na imagem, a pessoa aparece internada em um leito hospitalar e exibe um atestado m\u00e9dico, afirmando ter sofrido os efeitos da subst\u00e2ncia. A publica\u00e7\u00e3o viralizou rapidamente, gerando coment\u00e1rios e especula\u00e7\u00f5es entre os moradores.<\/p>\n\n\n\n<p>A repercuss\u00e3o chamou a aten\u00e7\u00e3o de autoridades locais e da pr\u00f3pria Santa Casa de Ourinhos, onde o paciente aparece internado. Segundo informa\u00e7\u00f5es apuradas, <strong>a postagem foi feita pela pr\u00f3pria pessoa<\/strong>, e <strong>n\u00e3o se trata de uma comunica\u00e7\u00e3o oficial da institui\u00e7\u00e3o<\/strong>. O hospital informou que <strong>a Vigil\u00e2ncia Sanit\u00e1ria j\u00e1 foi notificada e \u00e9 o \u00f3rg\u00e3o respons\u00e1vel por acompanhar e confirmar os casos suspeitos<\/strong>.<\/p>\n\n\n\n<p>Diante da circula\u00e7\u00e3o de conte\u00fados como esse, profissionais de sa\u00fade e comunica\u00e7\u00e3o refor\u00e7am a import\u00e2ncia de <strong>buscar informa\u00e7\u00f5es em fontes oficiais<\/strong> e <strong>evitar o compartilhamento de postagens sem confirma\u00e7\u00e3o<\/strong>, especialmente em temas sens\u00edveis que podem gerar medo ou p\u00e2nico coletivo.<\/p>\n\n\n\n<blockquote class=\"wp-block-quote is-layout-flow wp-block-quote-is-layout-flow\">\n<p>\u201c\u00c9 uma situa\u00e7\u00e3o muito delicada. Quando algo assim se espalha sem verifica\u00e7\u00e3o, acaba estimulando o p\u00e2nico e pode at\u00e9 causar rea\u00e7\u00f5es desnecess\u00e1rias na popula\u00e7\u00e3o\u201d, comentou uma fonte ligada ao setor de sa\u00fade local.<\/p>\n<\/blockquote>\n\n\n\n<p>O caso serve como alerta para que a popula\u00e7\u00e3o mantenha a aten\u00e7\u00e3o redobrada tanto em rela\u00e7\u00e3o ao <strong>consumo de bebidas de proced\u00eancia duvidosa<\/strong> \u2014 que podem conter metanol \u2014 quanto ao <strong>cuidado na divulga\u00e7\u00e3o de informa\u00e7\u00f5es<\/strong> em redes sociais.<br>A confirma\u00e7\u00e3o ou n\u00e3o de qualquer caso deve sempre vir por meio dos canais oficiais das autoridades de sa\u00fade.<\/p>\n\n\n<div class=\"wp-block-image\">\n<figure class=\"aligncenter size-large\"><img decoding=\"async\" width=\"473\" height=\"1024\" src=\"https:\/\/noticiasregionais.com.br\/wp-content\/uploads\/2025\/10\/WhatsApp-Image-2025-10-06-at-13.57.171-473x1024.jpeg\" alt=\"\" class=\"wp-image-10269\" srcset=\"https:\/\/noticiasregionais.com.br\/wp-content\/uploads\/2025\/10\/WhatsApp-Image-2025-10-06-at-13.57.171-473x1024.jpeg 473w, https:\/\/noticiasregionais.com.br\/wp-content\/uploads\/2025\/10\/WhatsApp-Image-2025-10-06-at-13.57.171-139x300.jpeg 139w, https:\/\/noticiasregionais.com.br\/wp-content\/uploads\/2025\/10\/WhatsApp-Image-2025-10-06-at-13.57.171.jpeg 591w\" sizes=\"(max-width: 473px) 100vw, 473px\" \/><\/figure>\n<\/div><input type=\"hidden\" id=\"baseurl\" value=\"https:\/\/noticiasregionais.com.br\"><input type=\"hidden\" id=\"audio_nonce\" value=\"533fbb67b1\">","protected":false},"excerpt":{"rendered":"<p>Uma postagem feita nas redes sociais nesta segunda-feira (6) causou preocupa\u00e7\u00e3o em Ourinhos ao relatar um caso de suposta intoxica\u00e7\u00e3o&hellip;<\/p>\n","protected":false},"author":1,"featured_media":4603,"comment_status":"closed","ping_status":"open","sticky":false,"template":"","format":"standard","meta":{"sfsi_plus_gutenberg_text_before_share":"","sfsi_plus_gutenberg_show_text_before_share":"","sfsi_plus_gutenberg_icon_type":"","sfsi_plus_gutenberg_icon_alignemt":"","sfsi_plus_gutenburg_max_per_row":"","footnotes":""},"categories":[10,1,5],"tags":[16],"class_list":["post-10268","post","type-post","status-publish","format-standard","has-post-thumbnail","hentry","category-destaques","category-noticias","category-ourinhos","tag-ourinhos"],"_links":{"self":[{"href":"https:\/\/noticiasregionais.com.br\/index.php?rest_route=\/wp\/v2\/posts\/10268","targetHints":{"allow":["GET"]}}],"collection":[{"href":"https:\/\/noticiasregionais.com.br\/index.php?rest_route=\/wp\/v2\/posts"}],"about":[{"href":"https:\/\/noticiasregionais.com.br\/index.php?rest_route=\/wp\/v2\/types\/post"}],"author":[{"embeddable":true,"href":"https:\/\/noticiasregionais.com.br\/index.php?rest_route=\/wp\/v2\/users\/1"}],"replies":[{"embeddable":true,"href":"https:\/\/noticiasregionais.com.br\/index.php?rest_route=%2Fwp%2Fv2%2Fcomments&post=10268"}],"version-history":[{"count":1,"href":"https:\/\/noticiasregionais.com.br\/index.php?rest_route=\/wp\/v2\/posts\/10268\/revisions"}],"predecessor-version":[{"id":10270,"href":"https:\/\/noticiasregionais.com.br\/index.php?rest_route=\/wp\/v2\/posts\/10268\/revisions\/10270"}],"wp:featuredmedia":[{"embeddable":true,"href":"https:\/\/noticiasregionais.com.br\/index.php?rest_route=\/wp\/v2\/media\/4603"}],"wp:attachment":[{"href":"https:\/\/noticiasregionais.com.br\/index.php?rest_route=%2Fwp%2Fv2%2Fmedia&parent=10268"}],"wp:term":[{"taxonomy":"category","embeddable":true,"href":"https:\/\/noticiasregionais.com.br\/index.php?rest_route=%2Fwp%2Fv2%2Fcategories&post=10268"},{"taxonomy":"post_tag","embeddable":true,"href":"https:\/\/noticiasregionais.com.br\/index.php?rest_route=%2Fwp%2Fv2%2Ftags&post=10268"}],"curies":[{"name":"wp","href":"https:\/\/api.w.org\/{rel}","templated":true}]}}