{"id":10271,"date":"2025-10-06T16:02:09","date_gmt":"2025-10-06T19:02:09","guid":{"rendered":"https:\/\/noticiasregionais.com.br\/?p=10271"},"modified":"2025-10-06T16:15:01","modified_gmt":"2025-10-06T19:15:01","slug":"prf-apreende-cerca-de-3-mil-macos-de-cigarros-contrabandeados-em-marilia-sp","status":"publish","type":"post","link":"https:\/\/noticiasregionais.com.br\/?p=10271","title":{"rendered":"PRF apreende cerca de 3 mil ma\u00e7os de cigarros contrabandeados em Mar\u00edlia (SP)"},"content":{"rendered":"\n<p>Na noite deste domingo (5), por volta das 20h30, a Pol\u00edcia Rodovi\u00e1ria Federal (PRF) realizou a apreens\u00e3o de um ve\u00edculo carregado com aproximadamente 3 mil ma\u00e7os de cigarros contrabandeados na regi\u00e3o de Mar\u00edlia, interior de S\u00e3o Paulo.<\/p>\n\n\n\n<p>A a\u00e7\u00e3o teve in\u00edcio ap\u00f3s an\u00e1lise de risco apontar que um VW Parati, proveniente da regi\u00e3o de fronteira, poderia estar transportando produtos il\u00edcitos. Durante a fiscaliza\u00e7\u00e3o, o autom\u00f3vel foi abordado, e os agentes constataram diversas caixas de cigarros de origem estrangeira, sem qualquer documenta\u00e7\u00e3o fiscal.<\/p>\n\n\n\n<p>O motorista informou que viajava acompanhado de dois passageiros e que o ve\u00edculo havia sa\u00eddo da regi\u00e3o de Gua\u00edra (PR) com destino a Mar\u00edlia (SP). Um dos ocupantes assumiu a propriedade da carga, declarando que realizava o transporte para revenda posterior.<\/p>\n\n\n\n<p>O ve\u00edculo, a carga e os envolvidos foram encaminhados \u00e0 Delegacia da Pol\u00edcia Federal em Mar\u00edlia para os procedimentos legais. A PRF refor\u00e7a seu comprometimento no combate ao contrabando e descaminho, crimes que prejudicam a economia nacional e financiam atividades ilegais.<\/p>\n<input type=\"hidden\" id=\"baseurl\" value=\"https:\/\/noticiasregionais.com.br\"><input type=\"hidden\" id=\"audio_nonce\" value=\"533fbb67b1\">","protected":false},"excerpt":{"rendered":"<p>Na noite deste domingo (5), por volta das 20h30, a Pol\u00edcia Rodovi\u00e1ria Federal (PRF) realizou a apreens\u00e3o de um ve\u00edculo&hellip;<\/p>\n","protected":false},"author":1,"featured_media":10272,"comment_status":"closed","ping_status":"open","sticky":false,"template":"","format":"standard","meta":{"sfsi_plus_gutenberg_text_before_share":"","sfsi_plus_gutenberg_show_text_before_share":"","sfsi_plus_gutenberg_icon_type":"","sfsi_plus_gutenberg_icon_alignemt":"","sfsi_plus_gutenburg_max_per_row":"","footnotes":""},"categories":[10,1,6],"tags":[25],"class_list":["post-10271","post","type-post","status-publish","format-standard","has-post-thumbnail","hentry","category-destaques","category-noticias","category-sao_paulo","tag-marilia"],"_links":{"self":[{"href":"https:\/\/noticiasregionais.com.br\/index.php?rest_route=\/wp\/v2\/posts\/10271","targetHints":{"allow":["GET"]}}],"collection":[{"href":"https:\/\/noticiasregionais.com.br\/index.php?rest_route=\/wp\/v2\/posts"}],"about":[{"href":"https:\/\/noticiasregionais.com.br\/index.php?rest_route=\/wp\/v2\/types\/post"}],"author":[{"embeddable":true,"href":"https:\/\/noticiasregionais.com.br\/index.php?rest_route=\/wp\/v2\/users\/1"}],"replies":[{"embeddable":true,"href":"https:\/\/noticiasregionais.com.br\/index.php?rest_route=%2Fwp%2Fv2%2Fcomments&post=10271"}],"version-history":[{"count":1,"href":"https:\/\/noticiasregionais.com.br\/index.php?rest_route=\/wp\/v2\/posts\/10271\/revisions"}],"predecessor-version":[{"id":10273,"href":"https:\/\/noticiasregionais.com.br\/index.php?rest_route=\/wp\/v2\/posts\/10271\/revisions\/10273"}],"wp:featuredmedia":[{"embeddable":true,"href":"https:\/\/noticiasregionais.com.br\/index.php?rest_route=\/wp\/v2\/media\/10272"}],"wp:attachment":[{"href":"https:\/\/noticiasregionais.com.br\/index.php?rest_route=%2Fwp%2Fv2%2Fmedia&parent=10271"}],"wp:term":[{"taxonomy":"category","embeddable":true,"href":"https:\/\/noticiasregionais.com.br\/index.php?rest_route=%2Fwp%2Fv2%2Fcategories&post=10271"},{"taxonomy":"post_tag","embeddable":true,"href":"https:\/\/noticiasregionais.com.br\/index.php?rest_route=%2Fwp%2Fv2%2Ftags&post=10271"}],"curies":[{"name":"wp","href":"https:\/\/api.w.org\/{rel}","templated":true}]}}