{"id":10274,"date":"2025-10-06T16:09:38","date_gmt":"2025-10-06T19:09:38","guid":{"rendered":"https:\/\/noticiasregionais.com.br\/?p=10274"},"modified":"2025-10-06T16:10:09","modified_gmt":"2025-10-06T19:10:09","slug":"ourinhos-investiga-quatro-casos-suspeitos-de-intoxicacao-por-metanol-em-pacientes-atendidos-na-santa-casa","status":"publish","type":"post","link":"https:\/\/noticiasregionais.com.br\/?p=10274","title":{"rendered":"Ourinhos investiga quatro casos suspeitos de intoxica\u00e7\u00e3o por metanol em pacientes atendidos na Santa Casa"},"content":{"rendered":"\n<p>A Secretaria Municipal de Sa\u00fade de Ourinhos, por meio do Departamento de Vigil\u00e2ncia Sanit\u00e1ria, est\u00e1 investigando quatro casos suspeitos de intoxica\u00e7\u00e3o por metanol ocorridos recentemente na cidade. Os pacientes atendidos na Santa Casa incluem um homem de 36 anos e tr\u00eas mulheres, com idades entre 21 e 33 anos, que apresentaram sintomas leves e foram submetidos a exames laboratoriais rotineiros. Ap\u00f3s avalia\u00e7\u00e3o m\u00e9dica, todos receberam alta, sem evolu\u00e7\u00e3o para casos mais graves.<\/p>\n\n\n\n<p>Seguindo o protocolo do estado, as amostras de sangue dos pacientes foram enviadas para o Instituto Adolfo Lutz para confirma\u00e7\u00e3o da presen\u00e7a de metanol. A Vigil\u00e2ncia Sanit\u00e1ria realizou fiscaliza\u00e7\u00e3o em um estabelecimento relacionado \u00e0 investiga\u00e7\u00e3o, mas encontrou o local fechado no momento da visita.<\/p>\n\n\n\n<p>A an\u00e1lise preliminar indicou que tr\u00eas dos casos envolveram o consumo de bebidas alco\u00f3licas fora de Ourinhos, em munic\u00edpios do Paran\u00e1, que j\u00e1 foram oficialmente comunicados pela Vigil\u00e2ncia Epidemiol\u00f3gica local.<\/p>\n\n\n\n<p>As fiscaliza\u00e7\u00f5es continuam conforme orienta\u00e7\u00f5es t\u00e9cnicas da Secretaria Estadual da Sa\u00fade, com inspe\u00e7\u00f5es em pontos de venda varejistas e atacadistas de bebidas relacionados aos casos suspeitos. A Pol\u00edcia Civil pode apoiar nas apreens\u00f5es e encaminhamento dos produtos \u00e0 Pol\u00edcia Cient\u00edfica.<\/p>\n\n\n\n<p>Nos estabelecimentos que permitem consumo no local, como adegas, pode haver interdi\u00e7\u00e3o total cautelar, conforme a Lei Estadual n\u00ba 10.083\/1998. Em casos de distribui\u00e7\u00e3o ou revenda sem consumo no local, a interdi\u00e7\u00e3o parcial abrange apenas bebidas destiladas, como gim, vodca, whisky e cacha\u00e7a, com base no princ\u00edpio da precau\u00e7\u00e3o. Bebidas como cerveja, sucos e refrigerantes ficam exclu\u00eddas por n\u00e3o apresentarem risco de contamina\u00e7\u00e3o por metanol.<\/p>\n\n\n\n<p>A Secretaria de Sa\u00fade refor\u00e7a que a popula\u00e7\u00e3o deve consumir apenas bebidas alco\u00f3licas de proced\u00eancia confi\u00e1vel, evitando produtos sem r\u00f3tulo ou selo fiscal para prevenir intoxica\u00e7\u00f5es.<\/p>\n<input type=\"hidden\" id=\"baseurl\" value=\"https:\/\/noticiasregionais.com.br\"><input type=\"hidden\" id=\"audio_nonce\" value=\"533fbb67b1\">","protected":false},"excerpt":{"rendered":"<p>A Secretaria Municipal de Sa\u00fade de Ourinhos, por meio do Departamento de Vigil\u00e2ncia Sanit\u00e1ria, est\u00e1 investigando quatro casos suspeitos de&hellip;<\/p>\n","protected":false},"author":1,"featured_media":10275,"comment_status":"closed","ping_status":"open","sticky":false,"template":"","format":"standard","meta":{"sfsi_plus_gutenberg_text_before_share":"","sfsi_plus_gutenberg_show_text_before_share":"","sfsi_plus_gutenberg_icon_type":"","sfsi_plus_gutenberg_icon_alignemt":"","sfsi_plus_gutenburg_max_per_row":"","footnotes":""},"categories":[12,1,5],"tags":[16],"class_list":["post-10274","post","type-post","status-publish","format-standard","has-post-thumbnail","hentry","category-capa","category-noticias","category-ourinhos","tag-ourinhos"],"_links":{"self":[{"href":"https:\/\/noticiasregionais.com.br\/index.php?rest_route=\/wp\/v2\/posts\/10274","targetHints":{"allow":["GET"]}}],"collection":[{"href":"https:\/\/noticiasregionais.com.br\/index.php?rest_route=\/wp\/v2\/posts"}],"about":[{"href":"https:\/\/noticiasregionais.com.br\/index.php?rest_route=\/wp\/v2\/types\/post"}],"author":[{"embeddable":true,"href":"https:\/\/noticiasregionais.com.br\/index.php?rest_route=\/wp\/v2\/users\/1"}],"replies":[{"embeddable":true,"href":"https:\/\/noticiasregionais.com.br\/index.php?rest_route=%2Fwp%2Fv2%2Fcomments&post=10274"}],"version-history":[{"count":1,"href":"https:\/\/noticiasregionais.com.br\/index.php?rest_route=\/wp\/v2\/posts\/10274\/revisions"}],"predecessor-version":[{"id":10276,"href":"https:\/\/noticiasregionais.com.br\/index.php?rest_route=\/wp\/v2\/posts\/10274\/revisions\/10276"}],"wp:featuredmedia":[{"embeddable":true,"href":"https:\/\/noticiasregionais.com.br\/index.php?rest_route=\/wp\/v2\/media\/10275"}],"wp:attachment":[{"href":"https:\/\/noticiasregionais.com.br\/index.php?rest_route=%2Fwp%2Fv2%2Fmedia&parent=10274"}],"wp:term":[{"taxonomy":"category","embeddable":true,"href":"https:\/\/noticiasregionais.com.br\/index.php?rest_route=%2Fwp%2Fv2%2Fcategories&post=10274"},{"taxonomy":"post_tag","embeddable":true,"href":"https:\/\/noticiasregionais.com.br\/index.php?rest_route=%2Fwp%2Fv2%2Ftags&post=10274"}],"curies":[{"name":"wp","href":"https:\/\/api.w.org\/{rel}","templated":true}]}}