{"id":1028,"date":"2023-10-30T06:28:44","date_gmt":"2023-10-30T09:28:44","guid":{"rendered":"https:\/\/noticiasregionais.com.br\/?p=1028"},"modified":"2023-10-30T20:09:10","modified_gmt":"2023-10-30T23:09:10","slug":"forca-tatica-prende-mulher-traficando-crack-no-bairro-valeriano-marcante","status":"publish","type":"post","link":"https:\/\/noticiasregionais.com.br\/?p=1028","title":{"rendered":"For\u00e7a T\u00e1tica prende mulher traficando crack no bairro Valeriano Marcante"},"content":{"rendered":"\n<p>Uma mulher foi presa em flagrante por tr\u00e1fico de drogas na tarde deste Domingo (29), no bairro Valeriano Marcante, em Ourinhos.<\/p>\n\n\n\n<p>De acordo com a Pol\u00edcia Militar, uma equipe de For\u00e7a T\u00e1tica realizava patrulhamento t\u00e1tico na regi\u00e3o quando avistou a mulher colocando um embrulho pl\u00e1stico na boca. Devido a esta a\u00e7\u00e3o, ela foi abordada e solicitada que expelisse. Foi ent\u00e3o localizado um embrulho pl\u00e1stico contendo crack.<\/p>\n\n\n\n<p>A mulher, que n\u00e3o teve a identidade divulgada, foi presa e encaminhada \u00e0 Central de Pol\u00edcia Judici\u00e1ria de Ourinhos, onde permaneceu presa.<\/p>\n\n\n\n<p>O caso foi registrado como tr\u00e1fico de drogas.<\/p>\n<input type=\"hidden\" id=\"baseurl\" value=\"https:\/\/noticiasregionais.com.br\"><input type=\"hidden\" id=\"audio_nonce\" value=\"533fbb67b1\">","protected":false},"excerpt":{"rendered":"<p>Uma mulher foi presa em flagrante por tr\u00e1fico de drogas na tarde deste Domingo (29), no bairro Valeriano Marcante, em&hellip;<\/p>\n","protected":false},"author":1,"featured_media":1029,"comment_status":"closed","ping_status":"open","sticky":false,"template":"","format":"standard","meta":{"sfsi_plus_gutenberg_text_before_share":"","sfsi_plus_gutenberg_show_text_before_share":"","sfsi_plus_gutenberg_icon_type":"","sfsi_plus_gutenberg_icon_alignemt":"","sfsi_plus_gutenburg_max_per_row":"","footnotes":""},"categories":[5,10,1],"tags":[],"class_list":["post-1028","post","type-post","status-publish","format-standard","has-post-thumbnail","hentry","category-ourinhos","category-destaques","category-noticias"],"_links":{"self":[{"href":"https:\/\/noticiasregionais.com.br\/index.php?rest_route=\/wp\/v2\/posts\/1028","targetHints":{"allow":["GET"]}}],"collection":[{"href":"https:\/\/noticiasregionais.com.br\/index.php?rest_route=\/wp\/v2\/posts"}],"about":[{"href":"https:\/\/noticiasregionais.com.br\/index.php?rest_route=\/wp\/v2\/types\/post"}],"author":[{"embeddable":true,"href":"https:\/\/noticiasregionais.com.br\/index.php?rest_route=\/wp\/v2\/users\/1"}],"replies":[{"embeddable":true,"href":"https:\/\/noticiasregionais.com.br\/index.php?rest_route=%2Fwp%2Fv2%2Fcomments&post=1028"}],"version-history":[{"count":1,"href":"https:\/\/noticiasregionais.com.br\/index.php?rest_route=\/wp\/v2\/posts\/1028\/revisions"}],"predecessor-version":[{"id":1030,"href":"https:\/\/noticiasregionais.com.br\/index.php?rest_route=\/wp\/v2\/posts\/1028\/revisions\/1030"}],"wp:featuredmedia":[{"embeddable":true,"href":"https:\/\/noticiasregionais.com.br\/index.php?rest_route=\/wp\/v2\/media\/1029"}],"wp:attachment":[{"href":"https:\/\/noticiasregionais.com.br\/index.php?rest_route=%2Fwp%2Fv2%2Fmedia&parent=1028"}],"wp:term":[{"taxonomy":"category","embeddable":true,"href":"https:\/\/noticiasregionais.com.br\/index.php?rest_route=%2Fwp%2Fv2%2Fcategories&post=1028"},{"taxonomy":"post_tag","embeddable":true,"href":"https:\/\/noticiasregionais.com.br\/index.php?rest_route=%2Fwp%2Fv2%2Ftags&post=1028"}],"curies":[{"name":"wp","href":"https:\/\/api.w.org\/{rel}","templated":true}]}}