{"id":10281,"date":"2025-10-07T04:00:00","date_gmt":"2025-10-07T07:00:00","guid":{"rendered":"https:\/\/noticiasregionais.com.br\/?p=10281"},"modified":"2025-10-07T04:00:00","modified_gmt":"2025-10-07T07:00:00","slug":"soja-e-trigo-confira-as-cotacoes-para-esta-terca-feira-7","status":"publish","type":"post","link":"https:\/\/noticiasregionais.com.br\/?p=10281","title":{"rendered":"Soja e trigo: confira as cota\u00e7\u00f5es para esta ter\u00e7a-feira (7)"},"content":{"rendered":"<p>\t\t\t\t\t\t\t\t\t\t<audio controls class=\"b61_audio_player\" data-noticia=\"85053\" src=\"https:\/\/brasil61.com\/rails\/active_storage\/blobs\/eyJfcmFpbHMiOnsibWVzc2FnZSI6IkJBaHBBNmVuQXc9PSIsImV4cCI6bnVsbCwicHVyIjoiYmxvYl9pZCJ9fQ==--f62ed34dff1dd1aa32b47387be25eaf8f0e2b6b3\/PAGR255843A\"><\/audio><\/p>\n<p>A saca de 60 kg da soja, nesta ter\u00e7a-feira (7), registra varia\u00e7\u00e3o no interior do Paran\u00e1 e no litoral do estado, em Paranagu\u00e1. Na primeira regi\u00e3o o gr\u00e3o \u00e9 negociado a R$ 131,47, com alta de 0,13%, enquanto no litoral, a cota\u00e7\u00e3o teve queda de -0,23%, chegando a R$ 135,92.<\/p>\n<\/p>\n<h3>INDICADOR DA SOJA CEPEA\/ESALQ &#8211; PARAN\u00c1<\/h3>\n<table id=\"indicador-soja-santa-maria\">\n<thead>\n<tr>\n<th>Data<\/th>\n<th>Valor R$*<\/th>\n<th>Var.\/Dia<\/th>\n<th>Var.\/M\u00eas<\/th>\n<th>Valor US$*<\/th>\n<\/tr>\n<\/thead>\n<tbody>\n<tr>\n<td>06\/10\/2025<\/td>\n<td>131,47<\/td>\n<td>0,13%<\/td>\n<td>2,01%<\/td>\n<td>24,75<\/td>\n<\/tr>\n<tr>\n<td>03\/10\/2025<\/td>\n<td>131,30<\/td>\n<td>0,79%<\/td>\n<td>1,88%<\/td>\n<td>24,64<\/td>\n<\/tr>\n<tr>\n<td>02\/10\/2025<\/td>\n<td>130,27<\/td>\n<td>1,17%<\/td>\n<td>1,08%<\/td>\n<td>24,40<\/td>\n<\/tr>\n<tr>\n<td>01\/10\/2025<\/td>\n<td>128,76<\/td>\n<td>-0,09%<\/td>\n<td>-0,09%<\/td>\n<td>24,20<\/td>\n<\/tr>\n<tr>\n<td>30\/09\/2025<\/td>\n<td>128,88<\/td>\n<td>-0,10%<\/td>\n<td>-4,00%<\/td>\n<td>24,21<\/td>\n<\/tr>\n<\/tbody>\n<\/table>\n<h3>INDICADOR DA SOJA CEPEA\/ESALQ &#8211; PARANAGU\u00c1<\/h3>\n<table id=\"indicador-soja-paranagua\">\n<thead>\n<tr>\n<th>Data<\/th>\n<th>Valor R$*<\/th>\n<th>Var.\/Dia<\/th>\n<th>Var.\/M\u00eas<\/th>\n<th>Valor US$*<\/th>\n<\/tr>\n<\/thead>\n<tbody>\n<tr>\n<td>06\/10\/2025<\/td>\n<td>135,92<\/td>\n<td>-0,23%<\/td>\n<td>1,72%<\/td>\n<td>25,59<\/td>\n<\/tr>\n<tr>\n<td>03\/10\/2025<\/td>\n<td>136,24<\/td>\n<td>0,83%<\/td>\n<td>1,96%<\/td>\n<td>25,56<\/td>\n<\/tr>\n<tr>\n<td>02\/10\/2025<\/td>\n<td>135,12<\/td>\n<td>0,51%<\/td>\n<td>1,12%<\/td>\n<td>25,30<\/td>\n<\/tr>\n<tr>\n<td>01\/10\/2025<\/td>\n<td>134,43<\/td>\n<td>0,61%<\/td>\n<td>0,61%<\/td>\n<td>25,26<\/td>\n<\/tr>\n<tr>\n<td>30\/09\/2025<\/td>\n<td>133,62<\/td>\n<td>-0,57%<\/td>\n<td>-4,26%<\/td>\n<td>25,10<\/td>\n<\/tr>\n<\/tbody>\n<\/table>\n<h2>Trigo<\/h2>\n<p>O pre\u00e7o do trigo apresenta queda de -0,38% no Paran\u00e1 e a tonelada \u00e9 negociada a R$ 1.230,04. J\u00e1 no Rio Grande do Sul, a tonelada do gr\u00e3o registra alta de 0,12% e \u00e9 cotado a R$ 1.199,29.<\/p>\n<h3>PRE\u00c7O M\u00c9DIO DO TRIGO CEPEA\/ESALQ &#8211; PARAN\u00c1<\/h3>\n<table id=\"indicador-trigo-parana\">\n<thead>\n<tr>\n<th>Data<\/th>\n<th>Valor R$\/t*<\/th>\n<th>Var.\/Dia<\/th>\n<th>Var.\/M\u00eas<\/th>\n<th>Valor US$\/t*<\/th>\n<\/tr>\n<\/thead>\n<tbody>\n<tr>\n<td>06\/10\/2025<\/td>\n<td>1.230,04<\/td>\n<td>-0,38%<\/td>\n<td>-2,45%<\/td>\n<td>231,60<\/td>\n<\/tr>\n<tr>\n<td>03\/10\/2025<\/td>\n<td>1.234,79<\/td>\n<td>-0,49%<\/td>\n<td>-2,07%<\/td>\n<td>231,67<\/td>\n<\/tr>\n<tr>\n<td>02\/10\/2025<\/td>\n<td>1.240,89<\/td>\n<td>-2,52%<\/td>\n<td>-1,58%<\/td>\n<td>232,38<\/td>\n<\/tr>\n<tr>\n<td>01\/10\/2025<\/td>\n<td>1.272,97<\/td>\n<td>0,96%<\/td>\n<td>0,96%<\/td>\n<td>239,24<\/td>\n<\/tr>\n<tr>\n<td>30\/09\/2025<\/td>\n<td>1.260,87<\/td>\n<td>-1,83%<\/td>\n<td>-10,47%<\/td>\n<td>236,83<\/td>\n<\/tr>\n<\/tbody>\n<\/table>\n<h3>PRE\u00c7O M\u00c9DIO DO TRIGO CEPEA\/ESALQ &#8211; RIO GRANDE DO SUL<\/h3>\n<table id=\"indicador-trigo-rs\">\n<thead>\n<tr>\n<th>Data<\/th>\n<th>Valor R$\/t*<\/th>\n<th>Var.\/Dia<\/th>\n<th>Var.\/M\u00eas<\/th>\n<th>Valor US$\/t*<\/th>\n<\/tr>\n<\/thead>\n<tbody>\n<tr>\n<td>06\/10\/2025<\/td>\n<td>1.199,29<\/td>\n<td>0,12%<\/td>\n<td>-2,17%<\/td>\n<td>225,81<\/td>\n<\/tr>\n<tr>\n<td>03\/10\/2025<\/td>\n<td>1.197,90<\/td>\n<td>-1,36%<\/td>\n<td>-2,28%<\/td>\n<td>224,75<\/td>\n<\/tr>\n<tr>\n<td>02\/10\/2025<\/td>\n<td>1.214,43<\/td>\n<td>-0,18%<\/td>\n<td>-0,93%<\/td>\n<td>227,42<\/td>\n<\/tr>\n<tr>\n<td>01\/10\/2025<\/td>\n<td>1.216,57<\/td>\n<td>-0,76%<\/td>\n<td>-0,76%<\/td>\n<td>228,64<\/td>\n<\/tr>\n<tr>\n<td>30\/09\/2025<\/td>\n<td>1.225,86<\/td>\n<td>-0,12%<\/td>\n<td>-4,52%<\/td>\n<td>230,25<\/td>\n<\/tr>\n<\/tbody>\n<\/table>\n<p>Os dados s\u00e3o do <a href=\"https:\/\/www.cepea.org.br\/br\/indicador\/trigo.aspx\" target=\"_blank\" rel=\"noopener\">Cepea<\/a>.<\/p>\n<h2>O que \u00e9 uma saca de soja ou de trigo? Entenda a unidade de medida no mercado de gr\u00e3os<\/h2>\n<p>A saca de soja e a saca de trigo s\u00e3o as principais unidades de comercializa\u00e7\u00e3o de gr\u00e3os no Brasil. Cada saca equivale a 60 quilos, padr\u00e3o adotado por \u00f3rg\u00e3os oficiais como a Companhia Nacional de Abastecimento (Conab), o Minist\u00e9rio da Agricultura (MAPA) e o Centro de Estudos Avan\u00e7ados em Economia Aplicada (Cepea).<\/p>\n<p>Esse formato padronizado facilita o com\u00e9rcio da soja e do trigo, al\u00e9m de permitir um acompanhamento mais preciso das cota\u00e7\u00f5es e varia\u00e7\u00f5es de pre\u00e7os no mercado nacional.<\/p>\n<p>\u00a0<\/p>\n<p>\t\t\t\t\t\t\t\t\t<img decoding=\"async\" src=\"https:\/\/brasil61.com\/api\/v1\/serve_pixel\/22254\/85053\" alt=\"Pixel Brasil 61\" class=\"b61_pixel\" width=\"0\" height=\"0\"><\/p>\n<div class=\"br61_backlink\">\n<p>\n\t\t\t\tFonte: <a href=\"https:\/\/brasil61.com\/soja-e-trigo-confira-as-cotacoes-para-esta-terca-feira-7-pagr255843\" title=\"Artigo Original: Soja e trigo: confira as cota\u00e7\u00f5es para esta ter\u00e7a-feira (7)\" target=\"_blank\" rel=\"noopener\">Brasil 61<\/a>\n\t\t\t<\/p>\n<\/p><\/div>\n<input type=\"hidden\" id=\"baseurl\" value=\"https:\/\/noticiasregionais.com.br\"><input type=\"hidden\" id=\"audio_nonce\" value=\"d4b05dd706\">","protected":false},"excerpt":{"rendered":"<p>Cota\u00e7\u00f5es da soja caem at\u00e9 0,23% em Paranagu\u00e1; trigo registra queda no Paran\u00e1<\/p>\n","protected":false},"author":1,"featured_media":10282,"comment_status":"","ping_status":"open","sticky":false,"template":"","format":"standard","meta":{"sfsi_plus_gutenberg_text_before_share":"","sfsi_plus_gutenberg_show_text_before_share":"","sfsi_plus_gutenberg_icon_type":"","sfsi_plus_gutenberg_icon_alignemt":"","sfsi_plus_gutenburg_max_per_row":"","footnotes":""},"categories":[8],"tags":[],"class_list":["post-10281","post","type-post","status-publish","format-standard","has-post-thumbnail","hentry","category-brasil"],"_links":{"self":[{"href":"https:\/\/noticiasregionais.com.br\/index.php?rest_route=\/wp\/v2\/posts\/10281","targetHints":{"allow":["GET"]}}],"collection":[{"href":"https:\/\/noticiasregionais.com.br\/index.php?rest_route=\/wp\/v2\/posts"}],"about":[{"href":"https:\/\/noticiasregionais.com.br\/index.php?rest_route=\/wp\/v2\/types\/post"}],"author":[{"embeddable":true,"href":"https:\/\/noticiasregionais.com.br\/index.php?rest_route=\/wp\/v2\/users\/1"}],"replies":[{"embeddable":true,"href":"https:\/\/noticiasregionais.com.br\/index.php?rest_route=%2Fwp%2Fv2%2Fcomments&post=10281"}],"version-history":[{"count":0,"href":"https:\/\/noticiasregionais.com.br\/index.php?rest_route=\/wp\/v2\/posts\/10281\/revisions"}],"wp:featuredmedia":[{"embeddable":true,"href":"https:\/\/noticiasregionais.com.br\/index.php?rest_route=\/wp\/v2\/media\/10282"}],"wp:attachment":[{"href":"https:\/\/noticiasregionais.com.br\/index.php?rest_route=%2Fwp%2Fv2%2Fmedia&parent=10281"}],"wp:term":[{"taxonomy":"category","embeddable":true,"href":"https:\/\/noticiasregionais.com.br\/index.php?rest_route=%2Fwp%2Fv2%2Fcategories&post=10281"},{"taxonomy":"post_tag","embeddable":true,"href":"https:\/\/noticiasregionais.com.br\/index.php?rest_route=%2Fwp%2Fv2%2Ftags&post=10281"}],"curies":[{"name":"wp","href":"https:\/\/api.w.org\/{rel}","templated":true}]}}