{"id":10287,"date":"2025-10-07T04:10:00","date_gmt":"2025-10-07T07:10:00","guid":{"rendered":"https:\/\/noticiasregionais.com.br\/?p=10287"},"modified":"2025-10-07T04:10:00","modified_gmt":"2025-10-07T07:10:00","slug":"boi-gordo-confira-as-cotacoes-para-segunda-7","status":"publish","type":"post","link":"https:\/\/noticiasregionais.com.br\/?p=10287","title":{"rendered":"Boi gordo: confira as cota\u00e7\u00f5es para segunda (7)"},"content":{"rendered":"<p>\t\t\t\t\t\t\t\t\t\t<audio controls class=\"b61_audio_player\" data-noticia=\"85054\" src=\"https:\/\/brasil61.com\/rails\/active_storage\/blobs\/eyJfcmFpbHMiOnsibWVzc2FnZSI6IkJBaHBBNnFuQXc9PSIsImV4cCI6bnVsbCwicHVyIjoiYmxvYl9pZCJ9fQ==--28b03a3f8a0b157aeb95c00d6dda12376b304dbe\/PAGR255844A\"><\/audio><\/p>\n<p>O pre\u00e7o do <strong>boi gordo<\/strong> registra <strong>estabilidade<\/strong> nesta ter\u00e7a-feira (7)\u00a0e a arroba ainda \u00e9 negociada a<strong> R$ 307,35<\/strong>, no estado de S\u00e3o Paulo.<\/p>\n<p><strong>INDICADOR DO BOI GORDO CEPEA\/ESALQ<\/strong><\/p>\n<table id=\"imagenet-indicador1\">\n<thead>\n<tr>\n<th>Data<\/th>\n<th>Valor R$*<\/th>\n<th>Var.\/Dia<\/th>\n<th>Var.\/M\u00eas<\/th>\n<th>Valor US$*<\/th>\n<\/tr>\n<\/thead>\n<tbody>\n<tr>\n<td>06\/10\/2025<\/td>\n<td>307,35<\/td>\n<td>0,00%<\/td>\n<td>1,07%<\/td>\n<td>57,66<\/td>\n<\/tr>\n<tr>\n<td>03\/10\/2025<\/td>\n<td>307,35<\/td>\n<td>0,51%<\/td>\n<td>1,07%<\/td>\n<td>57,66<\/td>\n<\/tr>\n<tr>\n<td>02\/10\/2025<\/td>\n<td>305,80<\/td>\n<td>0,07%<\/td>\n<td>0,56%<\/td>\n<td>57,27<\/td>\n<\/tr>\n<tr>\n<td>01\/10\/2025<\/td>\n<td>305,60<\/td>\n<td>0,49%<\/td>\n<td>0,49%<\/td>\n<td>57,43<\/td>\n<\/tr>\n<tr>\n<td>30\/09\/2025<\/td>\n<td>304,10<\/td>\n<td>0,05%<\/td>\n<td>-2,06%<\/td>\n<td>57,12<\/td>\n<\/tr>\n<\/tbody>\n<\/table>\n<h2>Pre\u00e7o do frango congelado e resfriado<\/h2>\n<p>Nos atacados da Grande S\u00e3o Paulo, S\u00e3o Jos\u00e9 do Rio Preto e Descalvado, os pre\u00e7os do <strong>frango congelado e resfriado<\/strong> apresentaram <strong>alta de 0,25%<\/strong>. A primeira mercadoria \u00e9 vendida a<strong> R$ 8,09<\/strong>, enquanto a segunda \u00e9 comercializada a <strong>R$ 8,11<\/strong>.<\/p>\n<p><strong>PRE\u00c7OS DO FRANGO CONGELADO CEPEA\/ESALQ &#8211; ESTADO SP\u00a0<\/strong><\/p>\n<table id=\"imagenet-indicador1\">\n<thead>\n<tr>\n<th>Data<\/th>\n<th>Valor R$<\/th>\n<th>Var.\/Dia<\/th>\n<th>Var.\/M\u00eas<\/th>\n<\/tr>\n<\/thead>\n<tbody>\n<tr>\n<td>06\/10\/2025<\/td>\n<td>8,09<\/td>\n<td>0,25%<\/td>\n<td>1,25%<\/td>\n<\/tr>\n<tr>\n<td>03\/10\/2025<\/td>\n<td>8,07<\/td>\n<td>0,12%<\/td>\n<td>1,00%<\/td>\n<\/tr>\n<tr>\n<td>02\/10\/2025<\/td>\n<td>8,06<\/td>\n<td>0,88%<\/td>\n<td>0,88%<\/td>\n<\/tr>\n<tr>\n<td>01\/10\/2025<\/td>\n<td>7,99<\/td>\n<td>0,00%<\/td>\n<td>0,00%<\/td>\n<\/tr>\n<tr>\n<td>30\/09\/2025<\/td>\n<td>7,99<\/td>\n<td>0,00%<\/td>\n<td>11,28%<\/td>\n<\/tr>\n<\/tbody>\n<\/table>\n<p><strong>PRE\u00c7OS DO FRANGO RESFRIADO CEPEA\/ESALQ &#8211; ESTADO SP<\/strong><\/p>\n<table id=\"imagenet-indicador2\">\n<thead>\n<tr>\n<th>Data<\/th>\n<th>Valor R$<\/th>\n<th>Var.\/Dia<\/th>\n<th>Var.\/M\u00eas<\/th>\n<\/tr>\n<\/thead>\n<tbody>\n<tr>\n<td>06\/10\/2025<\/td>\n<td>8,11<\/td>\n<td>0,25%<\/td>\n<td>-0,49%<\/td>\n<\/tr>\n<tr>\n<td>03\/10\/2025<\/td>\n<td>8,09<\/td>\n<td>0,12%<\/td>\n<td>-0,74%<\/td>\n<\/tr>\n<tr>\n<td>02\/10\/2025<\/td>\n<td>8,08<\/td>\n<td>-0,86%<\/td>\n<td>-0,86%<\/td>\n<\/tr>\n<tr>\n<td>01\/10\/2025<\/td>\n<td>8,15<\/td>\n<td>0,00%<\/td>\n<td>0,00%<\/td>\n<\/tr>\n<tr>\n<td>30\/09\/2025<\/td>\n<td>8,15<\/td>\n<td>0,12%<\/td>\n<td>13,35%<\/td>\n<\/tr>\n<\/tbody>\n<\/table>\n<h2>Pre\u00e7o da carca\u00e7a su\u00edna especial e su\u00edno vivo<\/h2>\n<p>A <strong>carca\u00e7a su\u00edna especial <\/strong>aponta <strong>desvaloriza\u00e7\u00e3o de 1,89%<\/strong>\u00a0no pre\u00e7o, sendo negociada a <strong>R$ 12,47\u00a0<\/strong>por quilo nos atacados da Grande S\u00e3o Paulo.\u00a0<\/p>\n<p><strong>PRE\u00c7OS DA CARCA\u00c7A SU\u00cdNA ESPECIAL (R$\/kg)<\/strong><\/p>\n<table id=\"imagenet-indicador3\">\n<thead>\n<tr>\n<th>Data<\/th>\n<th>M\u00e9dia<\/th>\n<th>Var.\/Dia<\/th>\n<th>Var.\/M\u00eas<\/th>\n<\/tr>\n<\/thead>\n<tbody>\n<tr>\n<td>06\/10\/2025<\/td>\n<td>12,47<\/td>\n<td>-1,89%<\/td>\n<td>-3,78%<\/td>\n<\/tr>\n<tr>\n<td>03\/10\/2025<\/td>\n<td>12,71<\/td>\n<td>-1,78%<\/td>\n<td>-1,93%<\/td>\n<\/tr>\n<tr>\n<td>02\/10\/2025<\/td>\n<td>12,94<\/td>\n<td>0,00%<\/td>\n<td>-0,15%<\/td>\n<\/tr>\n<tr>\n<td>01\/10\/2025<\/td>\n<td>12,94<\/td>\n<td>-0,15%<\/td>\n<td>-0,15%<\/td>\n<\/tr>\n<tr>\n<td>30\/09\/2025<\/td>\n<td>12,96<\/td>\n<td>-1,22%<\/td>\n<td>-5,05%<\/td>\n<\/tr>\n<\/tbody>\n<\/table>\n<p>O pre\u00e7o do<strong> su\u00edno vivo<\/strong> registra <strong>queda em quase\u00a0todos os estados<\/strong>, exceto em\u00a0<strong>Santa Catarina<\/strong>, onde\u00a0h\u00e1 estabilidade no pre\u00e7o. As mercadorias variam entre\u00a0<strong>R$ 8,23\u00a0<\/strong>e<strong> R$8,79<\/strong>.<\/p>\n<p><strong>INDICADOR DO SU\u00cdNO VIVO CEPEA\/ESALQ (R$\/kg)\u00a0<\/strong><\/p>\n<table id=\"imagenet-indicador2\">\n<thead>\n<tr>\n<th>Data<\/th>\n<th>Estado<\/th>\n<th>Valor R$*<\/th>\n<th>Var.\/Dia<\/th>\n<th>Var.\/M\u00eas<\/th>\n<\/tr>\n<\/thead>\n<tbody>\n<tr>\n<td>06\/10\/2025<\/td>\n<td>MG &#8211; posto<\/td>\n<td>8,23<\/td>\n<td>-0,24%<\/td>\n<td>-0,24%<\/td>\n<\/tr>\n<tr>\n<td>06\/10\/2025<\/td>\n<td>PR &#8211; a retirar<\/td>\n<td>8,47<\/td>\n<td>-0,70%<\/td>\n<td>-1,28%<\/td>\n<\/tr>\n<tr>\n<td>06\/10\/2025<\/td>\n<td>RS &#8211; a retirar<\/td>\n<td>8,37<\/td>\n<td>-0,24%<\/td>\n<td>-0,36%<\/td>\n<\/tr>\n<tr>\n<td>06\/10\/2025<\/td>\n<td>SC &#8211; a retirar<\/td>\n<td>8,24<\/td>\n<td>0,00%<\/td>\n<td>-0,12%<\/td>\n<\/tr>\n<tr>\n<td>06\/10\/2025<\/td>\n<td>SP &#8211; posto<\/td>\n<td>8,79<\/td>\n<td>-1,01%<\/td>\n<td>-1,35%<\/td>\n<\/tr>\n<\/tbody>\n<\/table>\n<p>Os valores s\u00e3o do <a href=\"http:\/\/www.cepea.org.br\" target=\"_blank\" rel=\"noopener\"><strong>Cepea<\/strong><\/a>.<\/p>\n<h2>O que \u00e9 o boi gordo? Entenda o termo do mercado bovino<\/h2>\n<p>O <strong>boi gordo \u00e9 o bovino macho pronto para o abate, com peso m\u00ednimo de 16 arrobas l\u00edquidas de carca\u00e7a (aproximadamente 240 kg) e at\u00e9 42 meses de idade<\/strong>. Atende aos padr\u00f5es do mercado nacional e internacional, incluindo exporta\u00e7\u00f5es para Europa, China e cota Hilton.<\/p>\n<h2>Diferen\u00e7as entre frango congelado e frango resfriado<\/h2>\n<p>O<strong> frango congelado passa por congelamento r\u00e1pido, com temperaturas abaixo de -12\u00b0C<\/strong>, garantindo maior vida \u00fatil para armazenamento e transporte a longas dist\u00e2ncias. J\u00e1 o<strong> frango resfriado \u00e9 mantido entre 0\u00b0C e 4\u00b0C, com validade de 5 a 7 dias<\/strong>, oferecendo textura e sabor mais pr\u00f3ximos do fresco, ideal para consumidores exigentes e restaurantes.<\/p>\n<p>\t\t\t\t\t\t\t\t\t<img decoding=\"async\" src=\"https:\/\/brasil61.com\/api\/v1\/serve_pixel\/22254\/85054\" alt=\"Pixel Brasil 61\" class=\"b61_pixel\" width=\"0\" height=\"0\"><\/p>\n<div class=\"br61_backlink\">\n<p>\n\t\t\t\tFonte: <a href=\"https:\/\/brasil61.com\/boi-gordo-confira-as-cotacoes-para-segunda-7-pagr255844\" title=\"Artigo Original: Boi gordo: confira as cota\u00e7\u00f5es para segunda (7)\" target=\"_blank\" rel=\"noopener\">Brasil 61<\/a>\n\t\t\t<\/p>\n<\/p><\/div>\n<input type=\"hidden\" id=\"baseurl\" value=\"https:\/\/noticiasregionais.com.br\"><input type=\"hidden\" id=\"audio_nonce\" value=\"5c13e0637f\">","protected":false},"excerpt":{"rendered":"<p>Carca\u00e7a su\u00edna especial apresenta estabilidade; frango congelado e resfriado e su\u00edno vivo apresentam reajuste no valor da mercadoria<\/p>\n","protected":false},"author":1,"featured_media":10288,"comment_status":"","ping_status":"open","sticky":false,"template":"","format":"standard","meta":{"sfsi_plus_gutenberg_text_before_share":"","sfsi_plus_gutenberg_show_text_before_share":"","sfsi_plus_gutenberg_icon_type":"","sfsi_plus_gutenberg_icon_alignemt":"","sfsi_plus_gutenburg_max_per_row":"","footnotes":""},"categories":[8],"tags":[],"class_list":["post-10287","post","type-post","status-publish","format-standard","has-post-thumbnail","hentry","category-brasil"],"_links":{"self":[{"href":"https:\/\/noticiasregionais.com.br\/index.php?rest_route=\/wp\/v2\/posts\/10287","targetHints":{"allow":["GET"]}}],"collection":[{"href":"https:\/\/noticiasregionais.com.br\/index.php?rest_route=\/wp\/v2\/posts"}],"about":[{"href":"https:\/\/noticiasregionais.com.br\/index.php?rest_route=\/wp\/v2\/types\/post"}],"author":[{"embeddable":true,"href":"https:\/\/noticiasregionais.com.br\/index.php?rest_route=\/wp\/v2\/users\/1"}],"replies":[{"embeddable":true,"href":"https:\/\/noticiasregionais.com.br\/index.php?rest_route=%2Fwp%2Fv2%2Fcomments&post=10287"}],"version-history":[{"count":0,"href":"https:\/\/noticiasregionais.com.br\/index.php?rest_route=\/wp\/v2\/posts\/10287\/revisions"}],"wp:featuredmedia":[{"embeddable":true,"href":"https:\/\/noticiasregionais.com.br\/index.php?rest_route=\/wp\/v2\/media\/10288"}],"wp:attachment":[{"href":"https:\/\/noticiasregionais.com.br\/index.php?rest_route=%2Fwp%2Fv2%2Fmedia&parent=10287"}],"wp:term":[{"taxonomy":"category","embeddable":true,"href":"https:\/\/noticiasregionais.com.br\/index.php?rest_route=%2Fwp%2Fv2%2Fcategories&post=10287"},{"taxonomy":"post_tag","embeddable":true,"href":"https:\/\/noticiasregionais.com.br\/index.php?rest_route=%2Fwp%2Fv2%2Ftags&post=10287"}],"curies":[{"name":"wp","href":"https:\/\/api.w.org\/{rel}","templated":true}]}}