{"id":10289,"date":"2025-10-07T04:40:00","date_gmt":"2025-10-07T07:40:00","guid":{"rendered":"https:\/\/noticiasregionais.com.br\/?p=10289"},"modified":"2025-10-07T04:40:00","modified_gmt":"2025-10-07T07:40:00","slug":"governo-amplia-distribuicao-de-antidotos-apos-casos-de-intoxicacao-por-metanol","status":"publish","type":"post","link":"https:\/\/noticiasregionais.com.br\/?p=10289","title":{"rendered":"Governo amplia distribui\u00e7\u00e3o de ant\u00eddotos ap\u00f3s casos de intoxica\u00e7\u00e3o por metanol"},"content":{"rendered":"<p>\t\t\t\t\t\t\t\t\t\t<audio controls class=\"b61_audio_player\" data-noticia=\"85041\" src=\"https:\/\/brasil61.com\/rails\/active_storage\/blobs\/eyJfcmFpbHMiOnsibWVzc2FnZSI6IkJBaHBBNXVuQXc9PSIsImV4cCI6bnVsbCwicHVyIjoiYmxvYl9pZCJ9fQ==--68598b5fb82180fbf984b28968b47e297ada4999\/BRAS2514869A\"><\/audio><\/p>\n<p>O <a href=\"https:\/\/www.gov.br\/saude\/pt-br\/assuntos\/noticias\/2025\/outubro\/ministerio-da-saude-confirma-225-registros-de-intoxicacao-por-metanol-apos-ingestao-de-bebida-alcoolica\" target=\"_blank\" rel=\"noopener\">Minist\u00e9rio da Sa\u00fade<\/a> informou <strong>225 casos de intoxica\u00e7\u00e3o por metanol<\/strong> ap\u00f3s ingest\u00e3o de bebida alco\u00f3lica no pa\u00eds, entre investigados e confirmados. At\u00e9 o momento, <strong>16 casos foram confirmados laboratorialmente<\/strong>, sendo <strong>14 em S\u00e3o Paulo<\/strong> e <a href=\"https:\/\/www.parana.pr.gov.br\/aen\/Noticia\/Intoxicacao-por-metanol-Parana-reforca-investigacao-e-orientacoes-apos-confirmacoes\" target=\"_blank\" rel=\"noopener\"><strong>2 no Paran\u00e1<\/strong><\/a>. Outros 209 permanecem sob an\u00e1lise em diferentes estados.<\/p>\n<\/p>\n<p dir=\"ltr\" style=\"text-align: justify\">As ocorr\u00eancias foram notificadas em 13 estados. <strong>Bahia<\/strong> e <strong>Esp\u00edrito Santo<\/strong> chegaram a notificar suspeitas, mas os casos foram descartados. J\u00e1 o <strong>Cear\u00e1 <\/strong>foi notificou o primeiro caso suspeito. O pa\u00eds contabiliza <strong>15 registros de \u00f3bitos<\/strong>, dois confirmados no estado de S\u00e3o Paulo e 13 em investiga\u00e7\u00e3o.\u00a0<\/p>\n<p dir=\"ltr\" style=\"text-align: justify\"><span style=\"font-size:18px\">Ant\u00eddoto<\/span><\/p>\n<p dir=\"ltr\" style=\"text-align: justify\">O <a href=\"https:\/\/www.gov.br\/saude\/pt-br\/assuntos\/noticias\/2025\/outubro\/ministerio-da-saude-confirma-225-registros-de-intoxicacao-por-metanol-apos-ingestao-de-bebida-alcoolica\" target=\"_blank\" rel=\"noopener\">minist\u00e9rio <\/a>iniciou a distribui\u00e7\u00e3o de <strong>etanol farmac\u00eautico<\/strong>, usado como ant\u00eddoto no tratamento das v\u00edtimas. A primeira remessa contou com<strong> 580 ampolas <\/strong>para\u00a0a cinco estados.<\/p>\n<ul dir=\"ltr\">\n<li style=\"text-align: justify\">240 para Pernambuco;<\/li>\n<li style=\"text-align: justify\">100 para o Paran\u00e1;<\/li>\n<li style=\"text-align: justify\">90 para a Bahia;<\/li>\n<li style=\"text-align: justify\">90 para o Distrito Federal;<\/li>\n<li style=\"text-align: justify\">60 para Mato Grosso do Sul.<\/li>\n<\/ul>\n<p dir=\"ltr\" style=\"text-align: justify\">O ministro da Sa\u00fade, Alexandre Padilha, <a href=\"https:\/\/www.gov.br\/saude\/pt-br\/assuntos\/noticias\/2025\/outubro\/ministerio-da-saude-fecha-compra-de-2-5-mil-unidades-de-fomepizol-e-garante-mais-12-mil-ampolas-de-etanol\" target=\"_blank\" rel=\"noopener\">anunciou <\/a>no s\u00e1bado (4) a <strong>aquisi\u00e7\u00e3o de mais de 12 mil ampolas de etanol farmac\u00eautico<\/strong>, al\u00e9m das 4,3 mil unidades j\u00e1 entregues aos estoques do SUS\u00a0e<strong> 2,5 mil unidades de fomepizol<\/strong>, outro ant\u00eddoto utilizado em casos graves. A previs\u00e3o \u00e9 que os ant\u00eddotos estejam dispon\u00edveis at\u00e9 o <strong>final da pr\u00f3xima semana<\/strong>.\u00a0<\/p>\n<p dir=\"ltr\" style=\"text-align: justify\"><span style=\"font-size:18px\">Projeto de lei em tramita\u00e7\u00e3o<\/span><\/p>\n<p dir=\"ltr\" style=\"text-align: justify\">Enquanto as a\u00e7\u00f5es de conten\u00e7\u00e3o avan\u00e7am, a <a href=\"https:\/\/www.camara.leg.br\/noticias\/1207463-motta-projeto-que-aumenta-pena-para-falsificacao-de-bebidas-sera-votado-o-quanto-antes\/\" target=\"_blank\" rel=\"noopener\">C\u00e2mara dos Deputados<\/a> deve votar nos pr\u00f3ximos dias o <strong>Projeto de Lei (<a href=\"https:\/\/www.camara.leg.br\/noticias\/113635-adulteracao-de-alimentos-podera-ser-crime-hediondo\" target=\"_blank\" rel=\"noopener\">PL 2307\/07<\/a>),\u00a0<\/strong>que classifica como <strong>crime hediondo a adi\u00e7\u00e3o, em bebidas e alimentos, de subst\u00e2ncias <\/strong>que representem risco \u00e0 vida ou grave amea\u00e7a \u00e0 sa\u00fade da popula\u00e7\u00e3o. A proposta prev\u00ea tornar o crime mais severo, com puni\u00e7\u00f5es ampliadas para quem fabricar, vender ou distribuir bebidas adulteradas que coloquem em risco a sa\u00fade da popula\u00e7\u00e3o.<\/p>\n<p dir=\"ltr\" style=\"text-align: justify\">Com informa\u00e7\u00f5es do Minist\u00e9rio da Sa\u00fade e Ag\u00eancia C\u00e2mara de Not\u00edcias.<\/p>\n<p>\t\t\t\t\t\t\t\t\t<img decoding=\"async\" src=\"https:\/\/brasil61.com\/api\/v1\/serve_pixel\/22254\/85041\" alt=\"Pixel Brasil 61\" class=\"b61_pixel\" width=\"0\" height=\"0\"><\/p>\n<div class=\"br61_backlink\">\n<p>\n\t\t\t\tFonte: <a href=\"https:\/\/brasil61.com\/governo-amplia-distribuicao-de-antidotos-apos-casos-de-intoxicacao-por-metanol-bras2514869\" title=\"Artigo Original: Governo amplia distribui\u00e7\u00e3o de ant\u00eddotos ap\u00f3s casos de intoxica\u00e7\u00e3o por metanol\" target=\"_blank\" rel=\"noopener\">Brasil 61<\/a>\n\t\t\t<\/p>\n<\/p><\/div>\n<input type=\"hidden\" id=\"baseurl\" value=\"https:\/\/noticiasregionais.com.br\"><input type=\"hidden\" id=\"audio_nonce\" value=\"5c13e0637f\">","protected":false},"excerpt":{"rendered":"<p>No Congresso, projeto discute puni\u00e7\u00f5es mais severas para bebidas adulteradas<\/p>\n","protected":false},"author":1,"featured_media":10290,"comment_status":"","ping_status":"open","sticky":false,"template":"","format":"standard","meta":{"sfsi_plus_gutenberg_text_before_share":"","sfsi_plus_gutenberg_show_text_before_share":"","sfsi_plus_gutenberg_icon_type":"","sfsi_plus_gutenberg_icon_alignemt":"","sfsi_plus_gutenburg_max_per_row":"","footnotes":""},"categories":[8],"tags":[],"class_list":["post-10289","post","type-post","status-publish","format-standard","has-post-thumbnail","hentry","category-brasil"],"_links":{"self":[{"href":"https:\/\/noticiasregionais.com.br\/index.php?rest_route=\/wp\/v2\/posts\/10289","targetHints":{"allow":["GET"]}}],"collection":[{"href":"https:\/\/noticiasregionais.com.br\/index.php?rest_route=\/wp\/v2\/posts"}],"about":[{"href":"https:\/\/noticiasregionais.com.br\/index.php?rest_route=\/wp\/v2\/types\/post"}],"author":[{"embeddable":true,"href":"https:\/\/noticiasregionais.com.br\/index.php?rest_route=\/wp\/v2\/users\/1"}],"replies":[{"embeddable":true,"href":"https:\/\/noticiasregionais.com.br\/index.php?rest_route=%2Fwp%2Fv2%2Fcomments&post=10289"}],"version-history":[{"count":0,"href":"https:\/\/noticiasregionais.com.br\/index.php?rest_route=\/wp\/v2\/posts\/10289\/revisions"}],"wp:featuredmedia":[{"embeddable":true,"href":"https:\/\/noticiasregionais.com.br\/index.php?rest_route=\/wp\/v2\/media\/10290"}],"wp:attachment":[{"href":"https:\/\/noticiasregionais.com.br\/index.php?rest_route=%2Fwp%2Fv2%2Fmedia&parent=10289"}],"wp:term":[{"taxonomy":"category","embeddable":true,"href":"https:\/\/noticiasregionais.com.br\/index.php?rest_route=%2Fwp%2Fv2%2Fcategories&post=10289"},{"taxonomy":"post_tag","embeddable":true,"href":"https:\/\/noticiasregionais.com.br\/index.php?rest_route=%2Fwp%2Fv2%2Ftags&post=10289"}],"curies":[{"name":"wp","href":"https:\/\/api.w.org\/{rel}","templated":true}]}}