{"id":10291,"date":"2025-10-07T04:25:00","date_gmt":"2025-10-07T07:25:00","guid":{"rendered":"https:\/\/noticiasregionais.com.br\/?p=10291"},"modified":"2025-10-07T04:25:00","modified_gmt":"2025-10-07T07:25:00","slug":"municipios-de-sp-e-rs-sao-pre-selecionados-para-obras-de-pavimentacao","status":"publish","type":"post","link":"https:\/\/noticiasregionais.com.br\/?p=10291","title":{"rendered":"Munic\u00edpios de SP e RS s\u00e3o pr\u00e9-selecionados para obras de pavimenta\u00e7\u00e3o"},"content":{"rendered":"<p>\t\t\t\t\t\t\t\t\t\t<audio controls class=\"b61_audio_player\" data-noticia=\"85035\" src=\"https:\/\/brasil61.com\/rails\/active_storage\/blobs\/eyJfcmFpbHMiOnsibWVzc2FnZSI6IkJBaHBBM21uQXc9PSIsImV4cCI6bnVsbCwicHVyIjoiYmxvYl9pZCJ9fQ==--814461c68272f5dfbfbbecfe7df630cc740ccd56\/BRAS2514866A\"><\/audio><\/p>\n<p>O Minist\u00e9rio das Cidades <strong>divulgou a 34\u00aa lista atualizada de projetos pr\u00e9-selecionados no \u00e2mbito do Programa Avan\u00e7ar Cidades \u2013 Mobilidade Urbana<\/strong>. Os munic\u00edpios de Sert\u00e3ozinho, Mogi das Cruzes e Piracicaba, em S\u00e3o Paulo, e Pelotas, no Rio Grande do Sul, foram contemplados nesta nova etapa e <strong>poder\u00e3o receber at\u00e9 R$ 230 milh\u00f5es em investimentos para obras de pavimenta\u00e7\u00e3o e melhoria das vias p\u00fablicas.<\/strong><\/p>\n<\/p>\n<p dir=\"ltr\">O Avan\u00e7ar Cidades \u00e9 uma iniciativa do governo federal que <strong>apoia prefeituras na execu\u00e7\u00e3o de projetos voltados \u00e0 melhoria da mobilidade urbana<\/strong> nos munic\u00edpios do Brasil. O programa permite que os munic\u00edpios obtenham financiamento <strong>com condi\u00e7\u00f5es facilitadas, por meio de recursos do Fundo de Garantia do Tempo de Servi\u00e7o (FGTS),<\/strong> operados pela <a href=\"https:\/\/www.caixa.gov.br\/Paginas\/home-caixa.aspx?gad_source=1&amp;gad_campaignid=22897982389&amp;gbraid=0AAAAAounJoI8rWNaiELpFsys9BOVRkH1X&amp;gclid=Cj0KCQjw0Y3HBhCxARIsAN7931VTZp8EmJkt9KEyMd1Qhj09bt-wsjmxViKOLZ4Gpr33MzgPKc_F0cIaArPVEALw_wcB\" target=\"_blank\" rel=\"noopener\">Caixa Econ\u00f4mica Federal<\/a>.<\/p>\n<p dir=\"ltr\">Com os recursos, as <strong>administra\u00e7\u00f5es municipais poder\u00e3o investir em obras de pavimenta\u00e7\u00e3o, recapeamento asf\u00e1ltico, drenagem, cal\u00e7adas e acessibilidade<\/strong>, contribuindo para o aumento da seguran\u00e7a no tr\u00e2nsito e da qualidade de vida da popula\u00e7\u00e3o.<\/p>\n<p dir=\"ltr\">As propostas passam por etapas de an\u00e1lise t\u00e9cnica e financeira antes da contrata\u00e7\u00e3o definitiva dos financiamentos. Ap\u00f3s a homologa\u00e7\u00e3o, os munic\u00edpios poder\u00e3o iniciar as obras previstas nos projetos aprovados.<\/p>\n<p dir=\"ltr\">As informa\u00e7\u00f5es s\u00e3o do <a href=\"https:\/\/www.gov.br\/cidades\/pt-br\" target=\"_blank\" rel=\"noopener\">Minist\u00e9rio das Cidades\u00a0<\/a><\/p>\n<p>\t\t\t\t\t\t\t\t\t<img decoding=\"async\" src=\"https:\/\/brasil61.com\/api\/v1\/serve_pixel\/22254\/85035\" alt=\"Pixel Brasil 61\" class=\"b61_pixel\" width=\"0\" height=\"0\"><\/p>\n<div class=\"br61_backlink\">\n<p>\n\t\t\t\tFonte: <a href=\"https:\/\/brasil61.com\/municipios-de-sp-e-rs-sao-pre-selecionados-para-obras-de-pavimentacao-bras2514866\" title=\"Artigo Original: Munic\u00edpios de SP e RS s\u00e3o pr\u00e9-selecionados para obras de pavimenta\u00e7\u00e3o\" target=\"_blank\" rel=\"noopener\">Brasil 61<\/a>\n\t\t\t<\/p>\n<\/p><\/div>\n<input type=\"hidden\" id=\"baseurl\" value=\"https:\/\/noticiasregionais.com.br\"><input type=\"hidden\" id=\"audio_nonce\" value=\"5c13e0637f\">","protected":false},"excerpt":{"rendered":"<p>Os munic\u00edpios de Sert\u00e3ozinho, Mogi das Cruzes e Piracicaba, em S\u00e3o Paulo, e Pelotas, no Rio Grande do Sul, foram contemplados nesta nova etapa e poder\u00e3o receber at\u00e9 R$ 230 milh\u00f5es em investimentos para obras de pavimenta\u00e7\u00e3o e melhoria das vias p\u00fablicas.<\/p>\n","protected":false},"author":1,"featured_media":10292,"comment_status":"","ping_status":"open","sticky":false,"template":"","format":"standard","meta":{"sfsi_plus_gutenberg_text_before_share":"","sfsi_plus_gutenberg_show_text_before_share":"","sfsi_plus_gutenberg_icon_type":"","sfsi_plus_gutenberg_icon_alignemt":"","sfsi_plus_gutenburg_max_per_row":"","footnotes":""},"categories":[8],"tags":[],"class_list":["post-10291","post","type-post","status-publish","format-standard","has-post-thumbnail","hentry","category-brasil"],"_links":{"self":[{"href":"https:\/\/noticiasregionais.com.br\/index.php?rest_route=\/wp\/v2\/posts\/10291","targetHints":{"allow":["GET"]}}],"collection":[{"href":"https:\/\/noticiasregionais.com.br\/index.php?rest_route=\/wp\/v2\/posts"}],"about":[{"href":"https:\/\/noticiasregionais.com.br\/index.php?rest_route=\/wp\/v2\/types\/post"}],"author":[{"embeddable":true,"href":"https:\/\/noticiasregionais.com.br\/index.php?rest_route=\/wp\/v2\/users\/1"}],"replies":[{"embeddable":true,"href":"https:\/\/noticiasregionais.com.br\/index.php?rest_route=%2Fwp%2Fv2%2Fcomments&post=10291"}],"version-history":[{"count":0,"href":"https:\/\/noticiasregionais.com.br\/index.php?rest_route=\/wp\/v2\/posts\/10291\/revisions"}],"wp:featuredmedia":[{"embeddable":true,"href":"https:\/\/noticiasregionais.com.br\/index.php?rest_route=\/wp\/v2\/media\/10292"}],"wp:attachment":[{"href":"https:\/\/noticiasregionais.com.br\/index.php?rest_route=%2Fwp%2Fv2%2Fmedia&parent=10291"}],"wp:term":[{"taxonomy":"category","embeddable":true,"href":"https:\/\/noticiasregionais.com.br\/index.php?rest_route=%2Fwp%2Fv2%2Fcategories&post=10291"},{"taxonomy":"post_tag","embeddable":true,"href":"https:\/\/noticiasregionais.com.br\/index.php?rest_route=%2Fwp%2Fv2%2Ftags&post=10291"}],"curies":[{"name":"wp","href":"https:\/\/api.w.org\/{rel}","templated":true}]}}