{"id":10293,"date":"2025-10-07T04:35:00","date_gmt":"2025-10-07T07:35:00","guid":{"rendered":"https:\/\/noticiasregionais.com.br\/?p=10293"},"modified":"2025-10-07T04:35:00","modified_gmt":"2025-10-07T07:35:00","slug":"ferrovia-de-integracao-oeste-leste-auditoria-identifica-atraso-na-obra","status":"publish","type":"post","link":"https:\/\/noticiasregionais.com.br\/?p=10293","title":{"rendered":"Ferrovia de Integra\u00e7\u00e3o Oeste-Leste: auditoria identifica atraso na obra"},"content":{"rendered":"<p>\t\t\t\t\t\t\t\t\t\t<audio controls class=\"b61_audio_player\" data-noticia=\"85043\" src=\"https:\/\/brasil61.com\/rails\/active_storage\/blobs\/eyJfcmFpbHMiOnsibWVzc2FnZSI6IkJBaHBBNStuQXc9PSIsImV4cCI6bnVsbCwicHVyIjoiYmxvYl9pZCJ9fQ==--cbe16c1fbdc86a4d5e3312efd58b56e74be64ae9\/BRAS2514871A\"><\/audio><\/p>\n<p>Uma <strong>auditoria <\/strong>realizada pelo <a href=\"https:\/\/portal.tcu.gov.br\/\" target=\"_blank\" rel=\"noopener\">Tribunal de Contas da Uni\u00e3o (TCU) <\/a>nas obras de constru\u00e7\u00e3o da Ferrovia de Integra\u00e7\u00e3o Oeste Leste (Fiol), trecho Caetit\u00e9 &#8211; Barreiras (BA), Lote 5F, <strong>constatou que a execu\u00e7\u00e3o do Contrato 7\/2024 est\u00e1 com atraso significativo em rela\u00e7\u00e3o ao cronograma original<\/strong>. A fiscaliza\u00e7\u00e3o ocorreu no \u00e2mbito do Plano Anual de Fiscaliza\u00e7\u00e3o de Obras P\u00fablicas do TCU (Fiscobras 2025).<\/p>\n<p>Em nota oficial, o TCU afirmou que, <strong>em nove meses de execu\u00e7\u00e3o<\/strong> \u2013 dos 26 meses de vig\u00eancia contratual prevista \u2013<strong> apenas 3% do contrato foi medido<\/strong>. Al\u00e9m disso, a obra tem seguido, conforme o TCU, sem que nenhum projeto executivo tenha sido aprovado ou que tenha ocorrido o come\u00e7o das etapas de constru\u00e7\u00e3o.\u00a0<\/p>\n<p>O tribunal afirma que o cen\u00e1rio representa atrasos de nove meses para projetos e quatro meses para obras.\u00a0<\/p>\n<h2>Aus\u00eancia de servi\u00e7os<\/h2>\n<p>A equipe do TCU identificou que<strong> n\u00e3o houve servi\u00e7o de constru\u00e7\u00e3o iniciado, como terraplenagem, servi\u00e7os preliminares, obras de arte especiais, drenagem, obras de arte corrente e superestrutura, por conta da falta de projetos executivos aprovados.\u00a0<\/strong><\/p>\n<p>Pelo cronograma inicial, <strong>a fase de elabora\u00e7\u00e3o e aprova\u00e7\u00e3o de projetos executivos acabou em dezembro do ano passado. <\/strong>O prazo expirou sem que os projetos tivessem sido aceitos pela Infra S.A. \u2013 com apoio em pareceres de empresas supervisoras.<\/p>\n<p>O Tribunal informou \u00e0 Infra S.A. que <strong>a aus\u00eancia de instaura\u00e7\u00e3o de processos sancionat\u00f3rios a empresas contratadas que estejam descumprindo marcos contratuais pode caracterizar omiss\u00e3o do gestor p\u00fablico.<\/strong> Nesse caso, devem ser consideradas as circunst\u00e2ncias e as implica\u00e7\u00f5es dos atrasos no caso concreto, al\u00e9m de ser necess\u00e1rio observar as garantias constitucionais do contradit\u00f3rio e da ampla defesa.<\/p>\n<p>De acordo com o Tribunal, \u00e9 relevante analisar cada caso com cautela, considerando os motivos e as consequ\u00eancias dos atrasos. \u201cAl\u00e9m disso, \u00e9 essencial garantir que as empresas tenham a chance de se defender e apresentar suas justificativas, seguindo as regras de justi\u00e7a e os direitos previstos na Constitui\u00e7\u00e3o\u201d, diz um trecho da nota do CNU.<\/p>\n<h2>Fiol<\/h2>\n<p><strong>A Fiol \u00e9 uma ferrovia projetada para ter extens\u00e3o de 1.527 km e interligar a Ferrovia Norte-Sul (FNS) ao futuro porto de Ilh\u00e9us\/BA \u2013 com travessia pelo estado baiano.<\/strong><\/p>\n<p>O lote auditado pelo TCU faz parte da Fiol II \u2013 que compreende o trecho da Fiol situado entre as cidades baianas de Caetit\u00e9 e Barreiras. As constru\u00e7\u00f5es est\u00e3o sob responsabilidade da empresa estatal Valec &#8211; Engenharia, Constru\u00e7\u00f5es e Ferrovias (Infra S.A.).<\/p>\n<h2>Ferrovias paradas<\/h2>\n<p><strong>Um estudo divulgado pelo TCU revela que 64% da malha ferrovi\u00e1ria do Brasil est\u00e1 subutilizada. O dado considera os trechos com ociosidade acima de 70%. Nas situa\u00e7\u00f5es em que a ociosidade ultrapassa 90%, o trecho da malha ferrovi\u00e1ria subutilizada \u00e9 de 44%.\u00a0<\/strong><\/p>\n<p>Conforme o relat\u00f3rio, os problemas mais recorrentes no setor s\u00e3o no transporte de cargas, descumprimento de investimentos obrigat\u00f3rios e abandono de trechos de ferrovias.<br \/>\n\u00a0<\/p>\n<p>\t\t\t\t\t\t\t\t\t<img decoding=\"async\" src=\"https:\/\/brasil61.com\/api\/v1\/serve_pixel\/22254\/85043\" alt=\"Pixel Brasil 61\" class=\"b61_pixel\" width=\"0\" height=\"0\"><\/p>\n<div class=\"br61_backlink\">\n<p>\n\t\t\t\tFonte: <a href=\"https:\/\/brasil61.com\/ferrovia-de-integracao-oeste-leste-auditoria-identifica-atraso-na-obra-bras2514871\" title=\"Artigo Original: Ferrovia de Integra\u00e7\u00e3o Oeste-Leste: auditoria identifica atraso na obra\" target=\"_blank\" rel=\"noopener\">Brasil 61<\/a>\n\t\t\t<\/p>\n<\/p><\/div>\n<input type=\"hidden\" id=\"baseurl\" value=\"https:\/\/noticiasregionais.com.br\"><input type=\"hidden\" id=\"audio_nonce\" value=\"5c13e0637f\">","protected":false},"excerpt":{"rendered":"<p>Fiscaliza\u00e7\u00e3o das constru\u00e7\u00f5es no trecho Caetit\u00e9 \u2013 Barreiras, na Bahia, tamb\u00e9m identificou aus\u00eancia de projetos executivos aprovados<\/p>\n","protected":false},"author":1,"featured_media":10294,"comment_status":"","ping_status":"open","sticky":false,"template":"","format":"standard","meta":{"sfsi_plus_gutenberg_text_before_share":"","sfsi_plus_gutenberg_show_text_before_share":"","sfsi_plus_gutenberg_icon_type":"","sfsi_plus_gutenberg_icon_alignemt":"","sfsi_plus_gutenburg_max_per_row":"","footnotes":""},"categories":[8],"tags":[],"class_list":["post-10293","post","type-post","status-publish","format-standard","has-post-thumbnail","hentry","category-brasil"],"_links":{"self":[{"href":"https:\/\/noticiasregionais.com.br\/index.php?rest_route=\/wp\/v2\/posts\/10293","targetHints":{"allow":["GET"]}}],"collection":[{"href":"https:\/\/noticiasregionais.com.br\/index.php?rest_route=\/wp\/v2\/posts"}],"about":[{"href":"https:\/\/noticiasregionais.com.br\/index.php?rest_route=\/wp\/v2\/types\/post"}],"author":[{"embeddable":true,"href":"https:\/\/noticiasregionais.com.br\/index.php?rest_route=\/wp\/v2\/users\/1"}],"replies":[{"embeddable":true,"href":"https:\/\/noticiasregionais.com.br\/index.php?rest_route=%2Fwp%2Fv2%2Fcomments&post=10293"}],"version-history":[{"count":0,"href":"https:\/\/noticiasregionais.com.br\/index.php?rest_route=\/wp\/v2\/posts\/10293\/revisions"}],"wp:featuredmedia":[{"embeddable":true,"href":"https:\/\/noticiasregionais.com.br\/index.php?rest_route=\/wp\/v2\/media\/10294"}],"wp:attachment":[{"href":"https:\/\/noticiasregionais.com.br\/index.php?rest_route=%2Fwp%2Fv2%2Fmedia&parent=10293"}],"wp:term":[{"taxonomy":"category","embeddable":true,"href":"https:\/\/noticiasregionais.com.br\/index.php?rest_route=%2Fwp%2Fv2%2Fcategories&post=10293"},{"taxonomy":"post_tag","embeddable":true,"href":"https:\/\/noticiasregionais.com.br\/index.php?rest_route=%2Fwp%2Fv2%2Ftags&post=10293"}],"curies":[{"name":"wp","href":"https:\/\/api.w.org\/{rel}","templated":true}]}}