{"id":10297,"date":"2025-10-07T04:45:00","date_gmt":"2025-10-07T07:45:00","guid":{"rendered":"https:\/\/noticiasregionais.com.br\/?p=10297"},"modified":"2025-10-07T04:45:00","modified_gmt":"2025-10-07T07:45:00","slug":"inscricoes-para-a-segunda-chamada-de-medicos-no-sus-estao-abertas","status":"publish","type":"post","link":"https:\/\/noticiasregionais.com.br\/?p=10297","title":{"rendered":"Inscri\u00e7\u00f5es para a segunda chamada de m\u00e9dicos no SUS est\u00e3o abertas"},"content":{"rendered":"<p>\t\t\t\t\t\t\t\t\t\t<audio controls class=\"b61_audio_player\" data-noticia=\"85048\" src=\"https:\/\/brasil61.com\/rails\/active_storage\/blobs\/eyJfcmFpbHMiOnsibWVzc2FnZSI6IkJBaHBBNkNuQXc9PSIsImV4cCI6bnVsbCwicHVyIjoiYmxvYl9pZCJ9fQ==--fa86db94c6cdd609543a424326e8800bafef406f\/BRAS2514874A\"><\/audio><\/p>\n<p>O <strong>Minist\u00e9rio da Sa\u00fade<\/strong> abriu as inscri\u00e7\u00f5es, na \u00faltima quinta-feira (2) para a <strong>segunda chamada do Projeto Mais M\u00e9dicos Especialistas<\/strong>. Com a inscri\u00e7\u00e3o aberta <strong>at\u00e9 o dia 12 de outubro<\/strong>, a iniciativa do Agora tem Especialistas visa ampliar o acesso ao atendimento especializado no <strong>Sistema \u00danico de Sa\u00fade (SUS)<\/strong>.\u00a0<\/p>\n<p>Est\u00e3o sendo ofertadas <strong>vagas em quase tr\u00eas mil postos<\/strong> em <strong>servi\u00e7os hospitalares e ambulat\u00f3rios especializados da rede p\u00fablica de sa\u00fade<\/strong>. Nesses locais, o m\u00e9dico inscrito poder\u00e1 indicar onde deseja atuar. Em seguida, a partir da compatibilidade entre a escolha do candidato do local de atua\u00e7\u00e3o e a disponibilidade de vagas no curso de aperfei\u00e7oamento \u00e9 que o profissional ser\u00e1 alocado para desenvolver as atividades do programa.\u00a0<\/p>\n<p>As inscri\u00e7\u00f5es podem ser feitas na <strong>plataforma da <a href=\"https:\/\/www.unasus.gov.br\/noticia\/ministerio-da-saude-anuncia-chamamento-para-medicos-especialistas-no-projeto-mais-medicos-especialistas-pmm-e\" target=\"_blank\" rel=\"noopener\">UNA-SUS<\/a><\/strong>, com o preenchimento de formul\u00e1rio. Os aprovados ser\u00e3o chamados em futuras convoca\u00e7\u00f5es, de acordo com a disponibilidade de vagas nas institui\u00e7\u00f5es formadoras.\u00a0<\/p>\n<h2>\u00c1reas de interesse<\/h2>\n<p><strong>Foram convocados especialistas das seguintes \u00e1reas:<\/strong><\/p>\n<ul>\n<li>Anestesiologia<\/li>\n<li>Cirurgia geral<\/li>\n<li>Cirurgia do aparelho digestivo<\/li>\n<li>Cirurgia oncol\u00f3gica<\/li>\n<li>Ginecologia<\/li>\n<li>Endoscopia<\/li>\n<li>Coloproctologia<\/li>\n<li>Gastroenterologia<\/li>\n<li>Obstetr\u00edcia<\/li>\n<li>Cardiologia<\/li>\n<li>Oncologia cl\u00ednica<\/li>\n<li>Radiologia<\/li>\n<li>Otorrinolaringologia.\u00a0\u00a0<\/li>\n<\/ul>\n<h2>Agora tem Especialistas: o que \u00e9?<\/h2>\n<p>O programa do governo federal tem como proposta a redu\u00e7\u00e3o do tempo de espera da popula\u00e7\u00e3o por atendimento, e tem como meta encaminhar <strong>500 especialistas at\u00e9 o fim de 2025<\/strong>. Na primeira etapa, foram selecionados 320 profissionais para atuar em 156 munic\u00edpios de todas as regi\u00f5es do pa\u00eds.\u00a0\u00a0<\/p>\n<p>Com dura\u00e7\u00e3o de 12 meses, o aprimoramento profissional, em sua \u00e1rea de forma\u00e7\u00e3o, ser\u00e1 ministrado por profissionais de hospitais do Programa de Apoio ao Desenvolvimento Institucional do Sistema \u00danico de Sa\u00fade (<a href=\"https:\/\/www.gov.br\/saude\/pt-br\/composicao\/se\/proadi-sus\" target=\"_blank\" rel=\"noopener\">PROADI-SUS<\/a>) e da Rede Ebserh. Est\u00e3o inclu\u00eddos temas como cirurgia coloproctol\u00f3gica com foco em tumores colorretais; cirurgia ginecol\u00f3gica com foco em tumores ginecol\u00f3gicos; oncologia cl\u00ednica: c\u00e2nceres prevalentes no SUS; radioterapia: planejamento e execu\u00e7\u00e3o no SUS; e ultrassonografia mam\u00e1ria diagn\u00f3stica e intervencionista.\u00a0<\/p>\n<p>\u00a0<\/p>\n<p>\t\t\t\t\t\t\t\t\t<img decoding=\"async\" src=\"https:\/\/brasil61.com\/api\/v1\/serve_pixel\/22254\/85048\" alt=\"Pixel Brasil 61\" class=\"b61_pixel\" width=\"0\" height=\"0\"><\/p>\n<div class=\"br61_backlink\">\n<p>\n\t\t\t\tFonte: <a href=\"https:\/\/brasil61.com\/inscricoes-para-a-segunda-chamada-de-medicos-no-sus-estao-abertas-bras2514874\" title=\"Artigo Original: Inscri\u00e7\u00f5es para a segunda chamada de m\u00e9dicos no SUS est\u00e3o abertas\" target=\"_blank\" rel=\"noopener\">Brasil 61<\/a>\n\t\t\t<\/p>\n<\/p><\/div>\n<input type=\"hidden\" id=\"baseurl\" value=\"https:\/\/noticiasregionais.com.br\"><input type=\"hidden\" id=\"audio_nonce\" value=\"5c13e0637f\">","protected":false},"excerpt":{"rendered":"<p>Est\u00e3o sendo ofertadas quase tr\u00eas postos em servi\u00e7os hospitalares e ambulat\u00f3rios especializados<\/p>\n","protected":false},"author":1,"featured_media":10298,"comment_status":"","ping_status":"open","sticky":false,"template":"","format":"standard","meta":{"sfsi_plus_gutenberg_text_before_share":"","sfsi_plus_gutenberg_show_text_before_share":"","sfsi_plus_gutenberg_icon_type":"","sfsi_plus_gutenberg_icon_alignemt":"","sfsi_plus_gutenburg_max_per_row":"","footnotes":""},"categories":[8],"tags":[],"class_list":["post-10297","post","type-post","status-publish","format-standard","has-post-thumbnail","hentry","category-brasil"],"_links":{"self":[{"href":"https:\/\/noticiasregionais.com.br\/index.php?rest_route=\/wp\/v2\/posts\/10297","targetHints":{"allow":["GET"]}}],"collection":[{"href":"https:\/\/noticiasregionais.com.br\/index.php?rest_route=\/wp\/v2\/posts"}],"about":[{"href":"https:\/\/noticiasregionais.com.br\/index.php?rest_route=\/wp\/v2\/types\/post"}],"author":[{"embeddable":true,"href":"https:\/\/noticiasregionais.com.br\/index.php?rest_route=\/wp\/v2\/users\/1"}],"replies":[{"embeddable":true,"href":"https:\/\/noticiasregionais.com.br\/index.php?rest_route=%2Fwp%2Fv2%2Fcomments&post=10297"}],"version-history":[{"count":0,"href":"https:\/\/noticiasregionais.com.br\/index.php?rest_route=\/wp\/v2\/posts\/10297\/revisions"}],"wp:featuredmedia":[{"embeddable":true,"href":"https:\/\/noticiasregionais.com.br\/index.php?rest_route=\/wp\/v2\/media\/10298"}],"wp:attachment":[{"href":"https:\/\/noticiasregionais.com.br\/index.php?rest_route=%2Fwp%2Fv2%2Fmedia&parent=10297"}],"wp:term":[{"taxonomy":"category","embeddable":true,"href":"https:\/\/noticiasregionais.com.br\/index.php?rest_route=%2Fwp%2Fv2%2Fcategories&post=10297"},{"taxonomy":"post_tag","embeddable":true,"href":"https:\/\/noticiasregionais.com.br\/index.php?rest_route=%2Fwp%2Fv2%2Ftags&post=10297"}],"curies":[{"name":"wp","href":"https:\/\/api.w.org\/{rel}","templated":true}]}}