{"id":1031,"date":"2023-10-30T19:33:50","date_gmt":"2023-10-30T22:33:50","guid":{"rendered":"https:\/\/noticiasregionais.com.br\/?p=1031"},"modified":"2023-10-30T19:34:02","modified_gmt":"2023-10-30T22:34:02","slug":"sedett-educacao-e-senac-viabilizam-estudos-para-reestruturacao-do-museu-historico-e-pedagogico","status":"publish","type":"post","link":"https:\/\/noticiasregionais.com.br\/?p=1031","title":{"rendered":"SEDETT, Educa\u00e7\u00e3o e SENAC viabilizam estudos para reestrutura\u00e7\u00e3o do Museu Hist\u00f3rico e Pedag\u00f3gico"},"content":{"rendered":"\n<p>O Museu Hist\u00f3rico e Pedag\u00f3gico agora est\u00e1 sob responsabilidade da Secretaria Municipal de Desenvolvimento Econ\u00f4mico, Trabalho e Turismo. A Secretaria de Cultura disponibilizou o espa\u00e7o em setembro para a pasta de Turismo, com intuito de fortalecer a integra\u00e7\u00e3o do Museu Pedag\u00f3gico ao Centro Hist\u00f3rico Ferrovi\u00e1rio, uma \u00e1rea que engloba desde o Centro de Conviv\u00eancia at\u00e9 o Museu Hist\u00f3rico Ferrovi\u00e1rio, todos localizados na Rua Henrique Tocalino.<\/p>\n\n\n\n<p>A revitaliza\u00e7\u00e3o do espa\u00e7o p\u00fablico j\u00e1 est\u00e1 em andamento, com recursos pr\u00f3prios da SEDETT e inclui a renova\u00e7\u00e3o da pintura interna, limpeza e o refor\u00e7o nas portas de acesso, entre outras melhorias. O acervo hist\u00f3rico que inclui objetos hist\u00f3ricos, fotografias e documentos, j\u00e1 est\u00e1 passando por um processo de reorganiza\u00e7\u00e3o e cataloga\u00e7\u00e3o para proporcionar uma experi\u00eancia de visita\u00e7\u00e3o ainda mais enriquecedora para o p\u00fablico. Importante ressaltar que o Museu permanece aberto ao p\u00fablico durante este per\u00edodo de aprimoramento.<\/p>\n\n\n\n<p><strong>Mais parcerias para reestrutura\u00e7\u00e3o<\/strong><\/p>\n\n\n\n<p>Al\u00e9m dos esfor\u00e7os da SEDETT, a renova\u00e7\u00e3o do Museu conta com parcerias estrat\u00e9gicas como da Secretaria de Educa\u00e7\u00e3o e do SENAC (Servi\u00e7o Nacional de Aprendizagem Comercial). Em uma reuni\u00e3o realizada no dia 04, no pr\u00f3prio Museu, representantes dessas institui\u00e7\u00f5es se uniram para discutir e compartilhar ideias e estrat\u00e9gias para aprimorar ainda mais o espa\u00e7o cultural e hist\u00f3rico.<\/p>\n\n\n\n<p>O secret\u00e1rio Tiago Moreira e os assessores de Turismo, Andr\u00e9 Paladino e Reinaldo Gaiquer, receberam a professora Luciana Carvalho, representando o secret\u00e1rio de Educa\u00e7\u00e3o e Vice-Prefeito, Lucas Suzuki e pelo SENAC a coordenadora de Neg\u00f3cios Locais, Lilian Amorim, representando o gerente Emerson Mello dos Santos e a turma de alunos do per\u00edodo noturno de Design de Interiores, liderada pelo docente de Arquitetura e Design, Alessandro Tineli.<\/p>\n\n\n\n<p>O secret\u00e1rio Tiago Moreira destacou a import\u00e2ncia desta soma de esfor\u00e7os: \u201cDesejamos com esse trabalho em conjunto, pelas parcerias com Educa\u00e7\u00e3o e SENAC, contribuir para termos um olhar mais t\u00e9cnico e moderno, preparando o Museu de maneira mais acolhedora e interativa com o p\u00fablico e ao mesmo tempo, preservar o patrim\u00f4nio de Ourinhos, oferecendo uma nova perspectiva sobre sua hist\u00f3ria e mem\u00f3ria\u201d.<\/p>\n\n\n\n<p>A professora Luciana elogiou a iniciativa: \u201cEstou muito feliz em participar deste momento especial para Ourinhos, todos engajados nessa parceria, pensando num novo olhar para o Museu Hist\u00f3rico e Pedag\u00f3gico, para que seja mais atrativo e educativo, preparado para contar as hist\u00f3rias e mem\u00f3rias de Ourinhos\u201d.<\/p>\n\n\n\n<p>Alessandro Tineli, docente de Arquitetura e Design do SENAC, expressou otimismo em rela\u00e7\u00e3o \u00e0 parceria. \u201cA convite do Tiago, n\u00f3s do SENAC estamos aqui para pensar propostas para revitalizar o Museu e essa experi\u00eancia vai ser muito rica para os alunos, pois \u00e9 algo que pertence \u00e0 hist\u00f3ria de vida deles e est\u00e1 alinhado com o modelo educacional proposto pelo Senac. A parceria tem tudo para ser um sucesso!\u201d, finalizou.<\/p>\n<input type=\"hidden\" id=\"baseurl\" value=\"https:\/\/noticiasregionais.com.br\"><input type=\"hidden\" id=\"audio_nonce\" value=\"533fbb67b1\">","protected":false},"excerpt":{"rendered":"<p>O Museu Hist\u00f3rico e Pedag\u00f3gico agora est\u00e1 sob responsabilidade da Secretaria Municipal de Desenvolvimento Econ\u00f4mico, Trabalho e Turismo. A Secretaria&hellip;<\/p>\n","protected":false},"author":1,"featured_media":1032,"comment_status":"closed","ping_status":"open","sticky":false,"template":"","format":"standard","meta":{"sfsi_plus_gutenberg_text_before_share":"","sfsi_plus_gutenberg_show_text_before_share":"","sfsi_plus_gutenberg_icon_type":"","sfsi_plus_gutenberg_icon_alignemt":"","sfsi_plus_gutenburg_max_per_row":"","footnotes":""},"categories":[5,10,1],"tags":[],"class_list":["post-1031","post","type-post","status-publish","format-standard","has-post-thumbnail","hentry","category-ourinhos","category-destaques","category-noticias"],"_links":{"self":[{"href":"https:\/\/noticiasregionais.com.br\/index.php?rest_route=\/wp\/v2\/posts\/1031","targetHints":{"allow":["GET"]}}],"collection":[{"href":"https:\/\/noticiasregionais.com.br\/index.php?rest_route=\/wp\/v2\/posts"}],"about":[{"href":"https:\/\/noticiasregionais.com.br\/index.php?rest_route=\/wp\/v2\/types\/post"}],"author":[{"embeddable":true,"href":"https:\/\/noticiasregionais.com.br\/index.php?rest_route=\/wp\/v2\/users\/1"}],"replies":[{"embeddable":true,"href":"https:\/\/noticiasregionais.com.br\/index.php?rest_route=%2Fwp%2Fv2%2Fcomments&post=1031"}],"version-history":[{"count":1,"href":"https:\/\/noticiasregionais.com.br\/index.php?rest_route=\/wp\/v2\/posts\/1031\/revisions"}],"predecessor-version":[{"id":1033,"href":"https:\/\/noticiasregionais.com.br\/index.php?rest_route=\/wp\/v2\/posts\/1031\/revisions\/1033"}],"wp:featuredmedia":[{"embeddable":true,"href":"https:\/\/noticiasregionais.com.br\/index.php?rest_route=\/wp\/v2\/media\/1032"}],"wp:attachment":[{"href":"https:\/\/noticiasregionais.com.br\/index.php?rest_route=%2Fwp%2Fv2%2Fmedia&parent=1031"}],"wp:term":[{"taxonomy":"category","embeddable":true,"href":"https:\/\/noticiasregionais.com.br\/index.php?rest_route=%2Fwp%2Fv2%2Fcategories&post=1031"},{"taxonomy":"post_tag","embeddable":true,"href":"https:\/\/noticiasregionais.com.br\/index.php?rest_route=%2Fwp%2Fv2%2Ftags&post=1031"}],"curies":[{"name":"wp","href":"https:\/\/api.w.org\/{rel}","templated":true}]}}