{"id":10312,"date":"2025-10-08T04:20:00","date_gmt":"2025-10-08T07:20:00","guid":{"rendered":"https:\/\/noticiasregionais.com.br\/?p=10312"},"modified":"2025-10-08T04:20:00","modified_gmt":"2025-10-08T07:20:00","slug":"crise-do-metanol-leva-governo-a-formar-comite-de-emergencia-com-setor-de-bebidas","status":"publish","type":"post","link":"https:\/\/noticiasregionais.com.br\/?p=10312","title":{"rendered":"Crise do metanol leva governo a formar comit\u00ea de emerg\u00eancia com setor de bebidas"},"content":{"rendered":"<p>\t\t\t\t\t\t\t\t\t\t<audio controls class=\"b61_audio_player\" data-noticia=\"85062\" src=\"https:\/\/brasil61.com\/rails\/active_storage\/blobs\/eyJfcmFpbHMiOnsibWVzc2FnZSI6IkJBaHBBL2VuQXc9PSIsImV4cCI6bnVsbCwicHVyIjoiYmxvYl9pZCJ9fQ==--29945ef7e9e2cf486082d26229e5dd2d2cce2a22\/BRAS2514876A\"><\/audio><\/p>\n<p>\u00a0<\/p>\n<\/p>\n<p style=\"text-align: justify\">O ministro da Justi\u00e7a, Ricardo Lewandowsi, anunciou a cria\u00e7\u00e3o de um <strong>comit\u00ea informal de enfrentamento da crise do metanol<\/strong> em <a href=\"https:\/\/www.youtube.com\/live\/mEuFmOG5-lY?si=4PD0weyWSQF14rt9\" target=\"_blank\" rel=\"noopener\">entrevista coletiva<\/a> concedida na ter\u00e7a-feira (7), ap\u00f3s reuni\u00e3o com ind\u00fastrias de bebidas alco\u00f3licas e associa\u00e7\u00f5es de combate \u00e0 falsifica\u00e7\u00e3o.\u00a0<\/p>\n<p style=\"text-align: justify\">&#8220;Chegamos \u00e0 conclus\u00e3o de que \u00e9 Importante montar um comit\u00ea de enfrentamento da crise do metanol, informal, onde possa haver troca de informa\u00e7\u00f5es, de boas pr\u00e1ticas e an\u00fancios das provid\u00eancias para avan\u00e7armos mais rapidamente na solu\u00e7\u00e3o do problema&#8221;, explicou o ministro.\u00a0<\/p>\n<p style=\"text-align: justify\">Destacou ainda que o governo precisa atuar de forma integrada com a <strong>iniciativa privada e a sociedade civil<\/strong>, compartilhando informa\u00e7\u00f5es sobre os casos de intoxica\u00e7\u00e3o por metanol no pa\u00eds.\u00a0<\/p>\n<p style=\"text-align: justify\"><span style=\"font-size:20px\">Impacto da crise do Metanol<\/span><\/p>\n<p style=\"text-align: justify\">Em nota conjunta, a<strong> Federa\u00e7\u00e3o de Hot\u00e9is, Restaurantes e Bares do Estado de S\u00e3o Paulo (Fhoresp)<\/strong> e a <strong>Associa\u00e7\u00e3o Brasileira de Combate \u00e0 falsifica\u00e7\u00e3o (ABCF)<\/strong> afirmaram que o atual cen\u00e1rio de intoxica\u00e7\u00f5es e mortes provocadas pela contamina\u00e7\u00e3o por metanol, <strong>exp\u00f5e a fragilidade da fiscaliza\u00e7\u00e3o e amea\u00e7a a credibilidade do setor de bebidas e alimentos fora do lar.<\/strong> \u00a0<\/p>\n<p style=\"text-align: justify\">De acordo com a ABCF, a falsifica\u00e7\u00e3o de destilados <strong>cresceu 25,8%<\/strong> entre 2023 e 2024\u00a0e j\u00e1 atinge <strong>36% das bebidas comercializadas<\/strong>, conforme o <a href=\"https:\/\/fhoresp.com.br\/wp-content\/uploads\/2025\/04\/Nucleo_Abril25_Golpes_EdsonPinto.pdf\" target=\"_blank\" rel=\"noopener\">estudo <\/a>divulgado pela Fhoresp em abril deste ano.\u00a0<\/p>\n<p style=\"text-align: justify\">As entidades solicitaram provid\u00eancias imediatas diante da crise, entre elas, o <strong>retorno do Sistema de Controle de Produ\u00e7\u00e3o de Bebidas (Sicobe)<\/strong>, criado em 2008 e desativado em 2016, que tinha como principal fun\u00e7\u00e3o rastrear a origem e autenticidade das bebidas.<\/p>\n<p style=\"text-align: justify\">\u201cA aus\u00eancia de um controle efetivo como o SICOBE facilita a a\u00e7\u00e3o do crime organizado e coloca em risco a vida dos cidad\u00e3os, o que \u00e9 inaceit\u00e1vel, e atenta tamb\u00e9m contra o sustento e a gera\u00e7\u00e3o de empregos em todo o setor de bares e restaurantes, t\u00e3o importante para a economia brasileira.\u201d<\/p>\n<p style=\"text-align: justify\">A Fhoresp estima que o movimento nos estabelecimentos varia de <strong>20% a 30%<\/strong> \u00a0devido \u00e0 crise. O preju\u00edzo com bebidas destiladas (vodka, whisky, gin, entre outras) pode chegar a <strong>50%, reduzindo pela metade o faturamento de bares e restaurantes que dependem desse tipo de produto<\/strong>.\u00a0<\/p>\n<p style=\"text-align: justify\"><span style=\"font-size:20px\">Cen\u00e1rio nacional<\/span><\/p>\n<p style=\"text-align: justify\">Segundo dados atualizados pelo <a href=\"https:\/\/www.gov.br\/saude\/pt-br\/assuntos\/noticias\/2025\/outubro\/saude-reforca-rede-nacional-de-diagnostico-para-identificar-casos-de-intoxicacao-por-metanol\" target=\"_blank\" rel=\"noopener\">Minist\u00e9rio da Sa\u00fade<\/a> na segunda-feira (6), foram registradas <strong>217 notifica\u00e7\u00f5es de intoxica\u00e7\u00e3o por metanol <\/strong>ap\u00f3s consumo de bebida alco\u00f3lica. Sendo <strong>17 casos confirmados e 200 em investiga\u00e7\u00e3o<\/strong>.\u00a0<\/p>\n<p style=\"text-align: justify\">O estado de <strong>S\u00e3o Paulo<\/strong> registra o maior n\u00famero de casos (82,49%), com <strong>15 confirmados e 164 em investiga\u00e7\u00e3o<\/strong>. O <strong>Paran\u00e1<\/strong> registra dois casos e quatro em investiga\u00e7\u00e3o. J\u00e1 <strong>Bahia<\/strong>, <strong>Distrito Federal<\/strong> e <strong>Mato Grosso<\/strong> descartaram os casos que estavam sob an\u00e1lise.\u00a0<\/p>\n<p style=\"text-align: justify\">At\u00e9 o momento, <strong>dois \u00f3bitos<\/strong> foram confirmados em S\u00e3o Paulo\u00a0e outros 12 seguem em investiga\u00e7\u00e3o.<\/p>\n<p style=\"text-align: justify\">Com informa\u00e7\u00f5es do <a href=\"https:\/\/www.gov.br\/mj\/pt-br\" target=\"_blank\" rel=\"noopener\">Minist\u00e9rio da Justi\u00e7a e Seguran\u00e7a P\u00fablica<\/a>, <a href=\"https:\/\/www.gov.br\/saude\/pt-br\" target=\"_blank\" rel=\"noopener\">Minist\u00e9rio da Sa\u00fade<\/a> e <a href=\"https:\/\/abcf.org.br\/\" target=\"_blank\" rel=\"noopener\">ABCF<\/a> e <a href=\"https:\/\/fhoresp.com.br\/\" target=\"_blank\" rel=\"noopener\">Fhoresp<\/a><br \/>\n\u00a0<\/p>\n<p>\t\t\t\t\t\t\t\t\t<img decoding=\"async\" src=\"https:\/\/brasil61.com\/api\/v1\/serve_pixel\/22254\/85062\" alt=\"Pixel Brasil 61\" class=\"b61_pixel\" width=\"0\" height=\"0\"><\/p>\n<div class=\"br61_backlink\">\n<p>\n\t\t\t\tFonte: <a href=\"https:\/\/brasil61.com\/crise-do-metanol-leva-governo-a-formar-comite-de-emergencia-com-setor-de-bebidas-bras2514876\" title=\"Artigo Original: Crise do metanol leva governo a formar comit\u00ea de emerg\u00eancia com setor de bebidas\" target=\"_blank\" rel=\"noopener\">Brasil 61<\/a>\n\t\t\t<\/p>\n<\/p><\/div>\n<input type=\"hidden\" id=\"baseurl\" value=\"https:\/\/noticiasregionais.com.br\"><input type=\"hidden\" id=\"audio_nonce\" value=\"533fbb67b1\">","protected":false},"excerpt":{"rendered":"<p>Com aumento dos casos de intoxica\u00e7\u00e3o e mortes por metanol, o Minist\u00e9rio da Justi\u00e7a cria comit\u00ea informal para integrar governo, ind\u00fastria e sociedade civil no combate \u00e0 falsifica\u00e7\u00e3o de bebidas<\/p>\n","protected":false},"author":1,"featured_media":10313,"comment_status":"","ping_status":"open","sticky":false,"template":"","format":"standard","meta":{"sfsi_plus_gutenberg_text_before_share":"","sfsi_plus_gutenberg_show_text_before_share":"","sfsi_plus_gutenberg_icon_type":"","sfsi_plus_gutenberg_icon_alignemt":"","sfsi_plus_gutenburg_max_per_row":"","footnotes":""},"categories":[8],"tags":[],"class_list":["post-10312","post","type-post","status-publish","format-standard","has-post-thumbnail","hentry","category-brasil"],"_links":{"self":[{"href":"https:\/\/noticiasregionais.com.br\/index.php?rest_route=\/wp\/v2\/posts\/10312","targetHints":{"allow":["GET"]}}],"collection":[{"href":"https:\/\/noticiasregionais.com.br\/index.php?rest_route=\/wp\/v2\/posts"}],"about":[{"href":"https:\/\/noticiasregionais.com.br\/index.php?rest_route=\/wp\/v2\/types\/post"}],"author":[{"embeddable":true,"href":"https:\/\/noticiasregionais.com.br\/index.php?rest_route=\/wp\/v2\/users\/1"}],"replies":[{"embeddable":true,"href":"https:\/\/noticiasregionais.com.br\/index.php?rest_route=%2Fwp%2Fv2%2Fcomments&post=10312"}],"version-history":[{"count":0,"href":"https:\/\/noticiasregionais.com.br\/index.php?rest_route=\/wp\/v2\/posts\/10312\/revisions"}],"wp:featuredmedia":[{"embeddable":true,"href":"https:\/\/noticiasregionais.com.br\/index.php?rest_route=\/wp\/v2\/media\/10313"}],"wp:attachment":[{"href":"https:\/\/noticiasregionais.com.br\/index.php?rest_route=%2Fwp%2Fv2%2Fmedia&parent=10312"}],"wp:term":[{"taxonomy":"category","embeddable":true,"href":"https:\/\/noticiasregionais.com.br\/index.php?rest_route=%2Fwp%2Fv2%2Fcategories&post=10312"},{"taxonomy":"post_tag","embeddable":true,"href":"https:\/\/noticiasregionais.com.br\/index.php?rest_route=%2Fwp%2Fv2%2Ftags&post=10312"}],"curies":[{"name":"wp","href":"https:\/\/api.w.org\/{rel}","templated":true}]}}