{"id":10315,"date":"2025-10-08T09:33:18","date_gmt":"2025-10-08T12:33:18","guid":{"rendered":"https:\/\/noticiasregionais.com.br\/?p=10315"},"modified":"2025-10-08T09:33:20","modified_gmt":"2025-10-08T12:33:20","slug":"ourinhos-basquete-aobe-leva-esporte-e-motivacao-a-alunos-em-acao-social-da-lbf","status":"publish","type":"post","link":"https:\/\/noticiasregionais.com.br\/?p=10315","title":{"rendered":"Ourinhos Basquete\/AOBE leva esporte e motiva\u00e7\u00e3o a alunos em a\u00e7\u00e3o social da LBF"},"content":{"rendered":"\n<p>As jogadoras do Ourinhos Basquete\/AOBE participaram, nesta segunda-feira (6), de uma manh\u00e3 especial com estudantes da EMEF Professora Adelaide Pedroso Racanello. A visita faz parte do projeto <strong>\u201cLBF Caixa nas Escolas\u201d<\/strong>, promovido pela Liga de Basquete Feminino (LBF), que busca aproximar crian\u00e7as e adolescentes do universo esportivo e incentivar a inclus\u00e3o por meio do basquete.<\/p>\n\n\n\n<p>A atividade reuniu cerca de <strong>250 estudantes dos 6\u00ba e 7\u00ba anos<\/strong>, com idades entre 11 e 13 anos. Em um ambiente descontra\u00eddo, as atletas compartilharam suas experi\u00eancias dentro das quadras, relataram desafios enfrentados ao longo da carreira e responderam perguntas dos alunos. O encontro foi marcado por momentos de inspira\u00e7\u00e3o, incentivo e troca de viv\u00eancias.<\/p>\n\n\n\n<p>Segundo <strong>Renato dos Santos<\/strong>, diretor do Departamento T\u00e9cnico da LBF, o projeto tem como principal meta <strong>estimular o interesse das novas gera\u00e7\u00f5es pelo esporte<\/strong>.<\/p>\n\n\n\n<blockquote class=\"wp-block-quote is-layout-flow wp-block-quote-is-layout-flow\">\n<p>\u201cLevar o basquete para dentro das escolas \u00e9 uma maneira de revelar talentos e mostrar que o esporte \u00e9 capaz de transformar vidas, fortalecendo valores como disciplina, trabalho em equipe e autoconhecimento\u201d, afirmou.<\/p>\n<\/blockquote>\n\n\n\n<p>A iniciativa integra a contrapartida social do patroc\u00ednio da <strong>Caixa Econ\u00f4mica Federal<\/strong> \u00e0 LBF. Neste ano, as <strong>11 equipes que disputam a temporada<\/strong> t\u00eam o compromisso de realizar a\u00e7\u00f5es de impacto social em suas respectivas cidades.<\/p>\n\n\n\n<p>Para o Ourinhos Basquete\/AOBE, a a\u00e7\u00e3o representou um <strong>reencontro com a comunidade escolar<\/strong>, refor\u00e7ando o papel do clube n\u00e3o apenas nas competi\u00e7\u00f5es, mas tamb\u00e9m na forma\u00e7\u00e3o cidad\u00e3. O evento contou com apoio da <strong>Prefeitura de Ourinhos<\/strong>, por meio das Secretarias Municipais de Esportes e de Educa\u00e7\u00e3o, fortalecendo os la\u00e7os entre esporte e educa\u00e7\u00e3o e incentivando a forma\u00e7\u00e3o de novos talentos.<\/p>\n\n\n\n<h3 class=\"wp-block-heading\"><strong>Tradi\u00e7\u00e3o vitoriosa<\/strong><\/h3>\n\n\n\n<p>Ourinhos tem uma hist\u00f3ria marcante no basquete feminino brasileiro. O time \u00e9 <strong>o maior campe\u00e3o nacional<\/strong>, com <strong>cinco t\u00edtulos brasileiros<\/strong>, al\u00e9m de <strong>sete conquistas do Campeonato Paulista<\/strong> e <strong>dois t\u00edtulos sul-americanos<\/strong>. Em 2025, a equipe representa novamente o munic\u00edpio em diversas competi\u00e7\u00f5es, como a <strong>Liga Nacional<\/strong>, os <strong>Jogos Regionais<\/strong>, o <strong>Paulista<\/strong> e os <strong>Jogos Abertos do Interior<\/strong>.<\/p>\n\n\n\n<figure class=\"wp-block-gallery has-nested-images columns-4 is-cropped wp-block-gallery-1 is-layout-flex wp-block-gallery-is-layout-flex\">\n<figure class=\"wp-block-image size-large\"><img decoding=\"async\" width=\"1024\" height=\"819\" data-id=\"10316\" src=\"https:\/\/noticiasregionais.com.br\/wp-content\/uploads\/2025\/10\/WhatsApp-Image-2025-10-07-at-17.26.241-1024x819.jpeg\" alt=\"\" class=\"wp-image-10316\" srcset=\"https:\/\/noticiasregionais.com.br\/wp-content\/uploads\/2025\/10\/WhatsApp-Image-2025-10-07-at-17.26.241-1024x819.jpeg 1024w, https:\/\/noticiasregionais.com.br\/wp-content\/uploads\/2025\/10\/WhatsApp-Image-2025-10-07-at-17.26.241-300x240.jpeg 300w, https:\/\/noticiasregionais.com.br\/wp-content\/uploads\/2025\/10\/WhatsApp-Image-2025-10-07-at-17.26.241-768x614.jpeg 768w, https:\/\/noticiasregionais.com.br\/wp-content\/uploads\/2025\/10\/WhatsApp-Image-2025-10-07-at-17.26.241-1536x1228.jpeg 1536w, https:\/\/noticiasregionais.com.br\/wp-content\/uploads\/2025\/10\/WhatsApp-Image-2025-10-07-at-17.26.241.jpeg 1600w\" sizes=\"(max-width: 1024px) 100vw, 1024px\" \/><\/figure>\n\n\n\n<figure class=\"wp-block-image size-large\"><img decoding=\"async\" width=\"1024\" height=\"819\" data-id=\"10317\" src=\"https:\/\/noticiasregionais.com.br\/wp-content\/uploads\/2025\/10\/WhatsApp-Image-2025-10-07-at-17.26.232-1024x819.jpeg\" alt=\"\" class=\"wp-image-10317\" srcset=\"https:\/\/noticiasregionais.com.br\/wp-content\/uploads\/2025\/10\/WhatsApp-Image-2025-10-07-at-17.26.232-1024x819.jpeg 1024w, https:\/\/noticiasregionais.com.br\/wp-content\/uploads\/2025\/10\/WhatsApp-Image-2025-10-07-at-17.26.232-300x240.jpeg 300w, https:\/\/noticiasregionais.com.br\/wp-content\/uploads\/2025\/10\/WhatsApp-Image-2025-10-07-at-17.26.232-768x614.jpeg 768w, https:\/\/noticiasregionais.com.br\/wp-content\/uploads\/2025\/10\/WhatsApp-Image-2025-10-07-at-17.26.232-1536x1228.jpeg 1536w, https:\/\/noticiasregionais.com.br\/wp-content\/uploads\/2025\/10\/WhatsApp-Image-2025-10-07-at-17.26.232.jpeg 1600w\" sizes=\"(max-width: 1024px) 100vw, 1024px\" \/><\/figure>\n\n\n\n<figure class=\"wp-block-image size-large\"><img decoding=\"async\" width=\"1024\" height=\"819\" data-id=\"10323\" src=\"https:\/\/noticiasregionais.com.br\/wp-content\/uploads\/2025\/10\/WhatsApp-Image-2025-10-07-at-17.26.231-1024x819.jpeg\" alt=\"\" class=\"wp-image-10323\" srcset=\"https:\/\/noticiasregionais.com.br\/wp-content\/uploads\/2025\/10\/WhatsApp-Image-2025-10-07-at-17.26.231-1024x819.jpeg 1024w, https:\/\/noticiasregionais.com.br\/wp-content\/uploads\/2025\/10\/WhatsApp-Image-2025-10-07-at-17.26.231-300x240.jpeg 300w, https:\/\/noticiasregionais.com.br\/wp-content\/uploads\/2025\/10\/WhatsApp-Image-2025-10-07-at-17.26.231-768x614.jpeg 768w, https:\/\/noticiasregionais.com.br\/wp-content\/uploads\/2025\/10\/WhatsApp-Image-2025-10-07-at-17.26.231-1536x1228.jpeg 1536w, https:\/\/noticiasregionais.com.br\/wp-content\/uploads\/2025\/10\/WhatsApp-Image-2025-10-07-at-17.26.231.jpeg 1600w\" sizes=\"(max-width: 1024px) 100vw, 1024px\" \/><\/figure>\n\n\n\n<figure class=\"wp-block-image size-large\"><img decoding=\"async\" width=\"1024\" height=\"819\" data-id=\"10319\" src=\"https:\/\/noticiasregionais.com.br\/wp-content\/uploads\/2025\/10\/WhatsApp-Image-2025-10-07-at-17.26.23-1024x819.jpeg\" alt=\"\" class=\"wp-image-10319\" srcset=\"https:\/\/noticiasregionais.com.br\/wp-content\/uploads\/2025\/10\/WhatsApp-Image-2025-10-07-at-17.26.23-1024x819.jpeg 1024w, https:\/\/noticiasregionais.com.br\/wp-content\/uploads\/2025\/10\/WhatsApp-Image-2025-10-07-at-17.26.23-300x240.jpeg 300w, https:\/\/noticiasregionais.com.br\/wp-content\/uploads\/2025\/10\/WhatsApp-Image-2025-10-07-at-17.26.23-768x614.jpeg 768w, https:\/\/noticiasregionais.com.br\/wp-content\/uploads\/2025\/10\/WhatsApp-Image-2025-10-07-at-17.26.23-1536x1228.jpeg 1536w, https:\/\/noticiasregionais.com.br\/wp-content\/uploads\/2025\/10\/WhatsApp-Image-2025-10-07-at-17.26.23.jpeg 1600w\" sizes=\"(max-width: 1024px) 100vw, 1024px\" \/><\/figure>\n\n\n\n<figure class=\"wp-block-image size-large\"><img decoding=\"async\" width=\"1024\" height=\"819\" data-id=\"10321\" src=\"https:\/\/noticiasregionais.com.br\/wp-content\/uploads\/2025\/10\/WhatsApp-Image-2025-10-07-at-17.26.222-1024x819.jpeg\" alt=\"\" class=\"wp-image-10321\" srcset=\"https:\/\/noticiasregionais.com.br\/wp-content\/uploads\/2025\/10\/WhatsApp-Image-2025-10-07-at-17.26.222-1024x819.jpeg 1024w, https:\/\/noticiasregionais.com.br\/wp-content\/uploads\/2025\/10\/WhatsApp-Image-2025-10-07-at-17.26.222-300x240.jpeg 300w, https:\/\/noticiasregionais.com.br\/wp-content\/uploads\/2025\/10\/WhatsApp-Image-2025-10-07-at-17.26.222-768x614.jpeg 768w, https:\/\/noticiasregionais.com.br\/wp-content\/uploads\/2025\/10\/WhatsApp-Image-2025-10-07-at-17.26.222-1536x1228.jpeg 1536w, https:\/\/noticiasregionais.com.br\/wp-content\/uploads\/2025\/10\/WhatsApp-Image-2025-10-07-at-17.26.222.jpeg 1600w\" sizes=\"(max-width: 1024px) 100vw, 1024px\" \/><\/figure>\n\n\n\n<figure class=\"wp-block-image size-large\"><img decoding=\"async\" width=\"1024\" height=\"819\" data-id=\"10322\" src=\"https:\/\/noticiasregionais.com.br\/wp-content\/uploads\/2025\/10\/WhatsApp-Image-2025-10-07-at-17.26.221-1024x819.jpeg\" alt=\"\" class=\"wp-image-10322\" srcset=\"https:\/\/noticiasregionais.com.br\/wp-content\/uploads\/2025\/10\/WhatsApp-Image-2025-10-07-at-17.26.221-1024x819.jpeg 1024w, https:\/\/noticiasregionais.com.br\/wp-content\/uploads\/2025\/10\/WhatsApp-Image-2025-10-07-at-17.26.221-300x240.jpeg 300w, https:\/\/noticiasregionais.com.br\/wp-content\/uploads\/2025\/10\/WhatsApp-Image-2025-10-07-at-17.26.221-768x614.jpeg 768w, https:\/\/noticiasregionais.com.br\/wp-content\/uploads\/2025\/10\/WhatsApp-Image-2025-10-07-at-17.26.221-1536x1228.jpeg 1536w, https:\/\/noticiasregionais.com.br\/wp-content\/uploads\/2025\/10\/WhatsApp-Image-2025-10-07-at-17.26.221.jpeg 1600w\" sizes=\"(max-width: 1024px) 100vw, 1024px\" \/><\/figure>\n\n\n\n<figure class=\"wp-block-image size-large\"><img decoding=\"async\" width=\"1024\" height=\"819\" data-id=\"10320\" src=\"https:\/\/noticiasregionais.com.br\/wp-content\/uploads\/2025\/10\/WhatsApp-Image-2025-10-07-at-17.26.22-1024x819.jpeg\" alt=\"\" class=\"wp-image-10320\" srcset=\"https:\/\/noticiasregionais.com.br\/wp-content\/uploads\/2025\/10\/WhatsApp-Image-2025-10-07-at-17.26.22-1024x819.jpeg 1024w, https:\/\/noticiasregionais.com.br\/wp-content\/uploads\/2025\/10\/WhatsApp-Image-2025-10-07-at-17.26.22-300x240.jpeg 300w, https:\/\/noticiasregionais.com.br\/wp-content\/uploads\/2025\/10\/WhatsApp-Image-2025-10-07-at-17.26.22-768x614.jpeg 768w, https:\/\/noticiasregionais.com.br\/wp-content\/uploads\/2025\/10\/WhatsApp-Image-2025-10-07-at-17.26.22-1536x1228.jpeg 1536w, https:\/\/noticiasregionais.com.br\/wp-content\/uploads\/2025\/10\/WhatsApp-Image-2025-10-07-at-17.26.22.jpeg 1600w\" sizes=\"(max-width: 1024px) 100vw, 1024px\" \/><\/figure>\n<\/figure>\n<input type=\"hidden\" id=\"baseurl\" value=\"https:\/\/noticiasregionais.com.br\"><input type=\"hidden\" id=\"audio_nonce\" value=\"533fbb67b1\">","protected":false},"excerpt":{"rendered":"<p>As jogadoras do Ourinhos Basquete\/AOBE participaram, nesta segunda-feira (6), de uma manh\u00e3 especial com estudantes da EMEF Professora Adelaide Pedroso&hellip;<\/p>\n","protected":false},"author":1,"featured_media":10318,"comment_status":"closed","ping_status":"open","sticky":false,"template":"","format":"standard","meta":{"sfsi_plus_gutenberg_text_before_share":"","sfsi_plus_gutenberg_show_text_before_share":"","sfsi_plus_gutenberg_icon_type":"","sfsi_plus_gutenberg_icon_alignemt":"","sfsi_plus_gutenburg_max_per_row":"","footnotes":""},"categories":[10,1,5],"tags":[16],"class_list":["post-10315","post","type-post","status-publish","format-standard","has-post-thumbnail","hentry","category-destaques","category-noticias","category-ourinhos","tag-ourinhos"],"_links":{"self":[{"href":"https:\/\/noticiasregionais.com.br\/index.php?rest_route=\/wp\/v2\/posts\/10315","targetHints":{"allow":["GET"]}}],"collection":[{"href":"https:\/\/noticiasregionais.com.br\/index.php?rest_route=\/wp\/v2\/posts"}],"about":[{"href":"https:\/\/noticiasregionais.com.br\/index.php?rest_route=\/wp\/v2\/types\/post"}],"author":[{"embeddable":true,"href":"https:\/\/noticiasregionais.com.br\/index.php?rest_route=\/wp\/v2\/users\/1"}],"replies":[{"embeddable":true,"href":"https:\/\/noticiasregionais.com.br\/index.php?rest_route=%2Fwp%2Fv2%2Fcomments&post=10315"}],"version-history":[{"count":1,"href":"https:\/\/noticiasregionais.com.br\/index.php?rest_route=\/wp\/v2\/posts\/10315\/revisions"}],"predecessor-version":[{"id":10324,"href":"https:\/\/noticiasregionais.com.br\/index.php?rest_route=\/wp\/v2\/posts\/10315\/revisions\/10324"}],"wp:featuredmedia":[{"embeddable":true,"href":"https:\/\/noticiasregionais.com.br\/index.php?rest_route=\/wp\/v2\/media\/10318"}],"wp:attachment":[{"href":"https:\/\/noticiasregionais.com.br\/index.php?rest_route=%2Fwp%2Fv2%2Fmedia&parent=10315"}],"wp:term":[{"taxonomy":"category","embeddable":true,"href":"https:\/\/noticiasregionais.com.br\/index.php?rest_route=%2Fwp%2Fv2%2Fcategories&post=10315"},{"taxonomy":"post_tag","embeddable":true,"href":"https:\/\/noticiasregionais.com.br\/index.php?rest_route=%2Fwp%2Fv2%2Ftags&post=10315"}],"curies":[{"name":"wp","href":"https:\/\/api.w.org\/{rel}","templated":true}]}}