{"id":10325,"date":"2025-10-08T09:46:32","date_gmt":"2025-10-08T12:46:32","guid":{"rendered":"https:\/\/noticiasregionais.com.br\/?p=10325"},"modified":"2025-10-08T09:46:36","modified_gmt":"2025-10-08T12:46:36","slug":"policia-apreende-armas-municoes-e-simulacro-durante-operacao-em-cambara","status":"publish","type":"post","link":"https:\/\/noticiasregionais.com.br\/?p=10325","title":{"rendered":"Pol\u00edcia apreende armas, muni\u00e7\u00f5es e simulacro durante opera\u00e7\u00e3o em Cambar\u00e1"},"content":{"rendered":"\n<p>Na manh\u00e3 desta ter\u00e7a-feira (7), uma opera\u00e7\u00e3o conjunta entre as Pol\u00edcias Civil e Militar resultou na <strong>apreens\u00e3o de um arsenal e de um simulacro de arma de fogo<\/strong> em dois endere\u00e7os no munic\u00edpio de Cambar\u00e1. A a\u00e7\u00e3o foi deflagrada para cumprir um mandado de busca e apreens\u00e3o expedido pela Justi\u00e7a.<\/p>\n\n\n\n<p>Equipes da <strong>R\u00e1dio Patrulha (RPA)<\/strong> e agentes da Pol\u00edcia Civil participaram da opera\u00e7\u00e3o. No primeiro im\u00f3vel vistoriado, os policiais localizaram <strong>diversos armamentos, muni\u00e7\u00f5es e outros objetos<\/strong>, incluindo:<\/p>\n\n\n\n<ul class=\"wp-block-list\">\n<li>110 muni\u00e7\u00f5es calibre .357 intactas<\/li>\n\n\n\n<li>50 muni\u00e7\u00f5es calibre .22 intactas<\/li>\n\n\n\n<li>57 muni\u00e7\u00f5es calibre .22 deflagradas<\/li>\n\n\n\n<li>13 muni\u00e7\u00f5es calibre 12 deflagradas<\/li>\n\n\n\n<li>2 muni\u00e7\u00f5es calibre 20 deflagradas<\/li>\n\n\n\n<li>1 muni\u00e7\u00e3o calibre 36 deflagrada<\/li>\n\n\n\n<li>Uma carabina calibre .357<\/li>\n\n\n\n<li>Uma carabina calibre .22<\/li>\n\n\n\n<li>Uma espingarda de chumbinho<\/li>\n\n\n\n<li>Uma balaclava e duas facas<\/li>\n<\/ul>\n\n\n\n<p>Segundo as investiga\u00e7\u00f5es, o mandado foi emitido ap\u00f3s a circula\u00e7\u00e3o de <strong>imagens que mostravam dois indiv\u00edduos usando balaclavas<\/strong>, sendo que um deles estava <strong>com uma arma de fogo na cintura<\/strong>, levantando suspeitas sobre poss\u00edvel posse irregular de armamentos.<\/p>\n\n\n\n<p>Durante o cumprimento da ordem judicial, <strong>um dos homens que apareciam nas fotos chegou \u00e0 resid\u00eancia<\/strong> e confirmou ter posado para a imagem ao lado de um amigo \u2014 este, supostamente, o propriet\u00e1rio do simulacro utilizado na ocasi\u00e3o. Com base nessas informa\u00e7\u00f5es, os policiais se dirigiram a um segundo endere\u00e7o ligado aos suspeitos.<\/p>\n\n\n\n<p>No local, <strong>foi apreendido um simulacro de arma de fogo e uma muni\u00e7\u00e3o calibre .380 intacta<\/strong>. O homem foi encaminhado ao pronto-socorro para exame de corpo de delito e, em seguida, conduzido \u00e0 Delegacia de Pol\u00edcia Civil de Cambar\u00e1, onde foram tomadas as medidas legais. <strong>Testemunhas tamb\u00e9m foram ouvidas<\/strong> durante o procedimento.<\/p>\n\n\n\n<p>A opera\u00e7\u00e3o refor\u00e7a o trabalho integrado entre as for\u00e7as de seguran\u00e7a do munic\u00edpio no combate a pr\u00e1ticas il\u00edcitas relacionadas \u00e0 posse e uso de armas de fogo.<\/p>\n<input type=\"hidden\" id=\"baseurl\" value=\"https:\/\/noticiasregionais.com.br\"><input type=\"hidden\" id=\"audio_nonce\" value=\"533fbb67b1\">","protected":false},"excerpt":{"rendered":"<p>Na manh\u00e3 desta ter\u00e7a-feira (7), uma opera\u00e7\u00e3o conjunta entre as Pol\u00edcias Civil e Militar resultou na apreens\u00e3o de um arsenal&hellip;<\/p>\n","protected":false},"author":1,"featured_media":10326,"comment_status":"closed","ping_status":"open","sticky":false,"template":"","format":"standard","meta":{"sfsi_plus_gutenberg_text_before_share":"","sfsi_plus_gutenberg_show_text_before_share":"","sfsi_plus_gutenberg_icon_type":"","sfsi_plus_gutenberg_icon_alignemt":"","sfsi_plus_gutenburg_max_per_row":"","footnotes":""},"categories":[10,1,7],"tags":[14],"class_list":["post-10325","post","type-post","status-publish","format-standard","has-post-thumbnail","hentry","category-destaques","category-noticias","category-parana","tag-cambara"],"_links":{"self":[{"href":"https:\/\/noticiasregionais.com.br\/index.php?rest_route=\/wp\/v2\/posts\/10325","targetHints":{"allow":["GET"]}}],"collection":[{"href":"https:\/\/noticiasregionais.com.br\/index.php?rest_route=\/wp\/v2\/posts"}],"about":[{"href":"https:\/\/noticiasregionais.com.br\/index.php?rest_route=\/wp\/v2\/types\/post"}],"author":[{"embeddable":true,"href":"https:\/\/noticiasregionais.com.br\/index.php?rest_route=\/wp\/v2\/users\/1"}],"replies":[{"embeddable":true,"href":"https:\/\/noticiasregionais.com.br\/index.php?rest_route=%2Fwp%2Fv2%2Fcomments&post=10325"}],"version-history":[{"count":2,"href":"https:\/\/noticiasregionais.com.br\/index.php?rest_route=\/wp\/v2\/posts\/10325\/revisions"}],"predecessor-version":[{"id":10328,"href":"https:\/\/noticiasregionais.com.br\/index.php?rest_route=\/wp\/v2\/posts\/10325\/revisions\/10328"}],"wp:featuredmedia":[{"embeddable":true,"href":"https:\/\/noticiasregionais.com.br\/index.php?rest_route=\/wp\/v2\/media\/10326"}],"wp:attachment":[{"href":"https:\/\/noticiasregionais.com.br\/index.php?rest_route=%2Fwp%2Fv2%2Fmedia&parent=10325"}],"wp:term":[{"taxonomy":"category","embeddable":true,"href":"https:\/\/noticiasregionais.com.br\/index.php?rest_route=%2Fwp%2Fv2%2Fcategories&post=10325"},{"taxonomy":"post_tag","embeddable":true,"href":"https:\/\/noticiasregionais.com.br\/index.php?rest_route=%2Fwp%2Fv2%2Ftags&post=10325"}],"curies":[{"name":"wp","href":"https:\/\/api.w.org\/{rel}","templated":true}]}}