{"id":10329,"date":"2025-10-08T09:56:53","date_gmt":"2025-10-08T12:56:53","guid":{"rendered":"https:\/\/noticiasregionais.com.br\/?p=10329"},"modified":"2025-10-08T09:58:39","modified_gmt":"2025-10-08T12:58:39","slug":"prf-apreende-mais-de-400-quilos-de-maconha-e-emagrecedores-ilegais-no-interior-de-sao-paulo","status":"publish","type":"post","link":"https:\/\/noticiasregionais.com.br\/?p=10329","title":{"rendered":"PRF apreende mais de 400 quilos de Maconha e emagrecedores ilegais no interior de S\u00e3o Paulo"},"content":{"rendered":"\n<p>Uma a\u00e7\u00e3o da Pol\u00edcia Rodovi\u00e1ria Federal (PRF) resultou na apreens\u00e3o de 403 quilos de maconha na regi\u00e3o de Nhandeara (SP), na manh\u00e3 desta quarta-feira (8). A droga estava sendo transportada em um Volkswagen Gol clonado, e o motorista foi preso em flagrante.<\/p>\n\n\n\n<p>Ap\u00f3s informa\u00e7\u00e3o proveniente de indicativo de an\u00e1lise de risco, a equipe deslocou-se para a regi\u00e3o de Nhandeara. O ve\u00edculo suspeito foi abordado e, logo no in\u00edcio da fiscaliza\u00e7\u00e3o, os policiais visualizaram diversos tabletes de maconha espalhados por toda o banco traseiro e no porta-malas. Tamb\u00e9m foram encontradas 16 seringas de lipoless &#8220;mounjaro&#8221;, importadas ilegalmente do Paraguai.<\/p>\n\n\n\n<p>O condutor, um homem de 34 anos, disse ser pintor e afirmou que n\u00e3o sabia a cidade de origem nem o destino da droga. Segundo ele, recebia instru\u00e7\u00f5es por telefone sobre os locais para onde deveria seguir, como forma de pagar uma d\u00edvida com criminosos.<\/p>\n\n\n\n<p>Durante a verifica\u00e7\u00e3o dos sinais identificadores, os policiais descobriram que o autom\u00f3vel estava com as placas de outro ve\u00edculo para despistar a fiscaliza\u00e7\u00e3o.<\/p>\n\n\n\n<p>O homem foi preso e encaminhado, junto com o ve\u00edculo e o entorpecente, \u00e0 Delegacia da Pol\u00edcia Federal em S\u00e3o Jos\u00e9 do Rio Preto (SP).<\/p>\n\n\n\n<p>A pesagem oficial da contabilizou\u2069 403,6 kg de maconha.<\/p>\n\n\n<div class=\"wp-block-image\">\n<figure class=\"aligncenter size-full\"><img decoding=\"async\" width=\"502\" height=\"897\" src=\"https:\/\/noticiasregionais.com.br\/wp-content\/uploads\/2025\/10\/Maconha-PRF1.jpg\" alt=\"\" class=\"wp-image-10331\" srcset=\"https:\/\/noticiasregionais.com.br\/wp-content\/uploads\/2025\/10\/Maconha-PRF1.jpg 502w, https:\/\/noticiasregionais.com.br\/wp-content\/uploads\/2025\/10\/Maconha-PRF1-168x300.jpg 168w\" sizes=\"(max-width: 502px) 100vw, 502px\" \/><\/figure>\n<\/div><input type=\"hidden\" id=\"baseurl\" value=\"https:\/\/noticiasregionais.com.br\"><input type=\"hidden\" id=\"audio_nonce\" value=\"533fbb67b1\">","protected":false},"excerpt":{"rendered":"<p>Uma a\u00e7\u00e3o da Pol\u00edcia Rodovi\u00e1ria Federal (PRF) resultou na apreens\u00e3o de 403 quilos de maconha na regi\u00e3o de Nhandeara (SP),&hellip;<\/p>\n","protected":false},"author":1,"featured_media":10330,"comment_status":"closed","ping_status":"open","sticky":false,"template":"","format":"standard","meta":{"sfsi_plus_gutenberg_text_before_share":"","sfsi_plus_gutenberg_show_text_before_share":"","sfsi_plus_gutenberg_icon_type":"","sfsi_plus_gutenberg_icon_alignemt":"","sfsi_plus_gutenburg_max_per_row":"","footnotes":""},"categories":[12,1,6],"tags":[],"class_list":["post-10329","post","type-post","status-publish","format-standard","has-post-thumbnail","hentry","category-capa","category-noticias","category-sao_paulo"],"_links":{"self":[{"href":"https:\/\/noticiasregionais.com.br\/index.php?rest_route=\/wp\/v2\/posts\/10329","targetHints":{"allow":["GET"]}}],"collection":[{"href":"https:\/\/noticiasregionais.com.br\/index.php?rest_route=\/wp\/v2\/posts"}],"about":[{"href":"https:\/\/noticiasregionais.com.br\/index.php?rest_route=\/wp\/v2\/types\/post"}],"author":[{"embeddable":true,"href":"https:\/\/noticiasregionais.com.br\/index.php?rest_route=\/wp\/v2\/users\/1"}],"replies":[{"embeddable":true,"href":"https:\/\/noticiasregionais.com.br\/index.php?rest_route=%2Fwp%2Fv2%2Fcomments&post=10329"}],"version-history":[{"count":1,"href":"https:\/\/noticiasregionais.com.br\/index.php?rest_route=\/wp\/v2\/posts\/10329\/revisions"}],"predecessor-version":[{"id":10332,"href":"https:\/\/noticiasregionais.com.br\/index.php?rest_route=\/wp\/v2\/posts\/10329\/revisions\/10332"}],"wp:featuredmedia":[{"embeddable":true,"href":"https:\/\/noticiasregionais.com.br\/index.php?rest_route=\/wp\/v2\/media\/10330"}],"wp:attachment":[{"href":"https:\/\/noticiasregionais.com.br\/index.php?rest_route=%2Fwp%2Fv2%2Fmedia&parent=10329"}],"wp:term":[{"taxonomy":"category","embeddable":true,"href":"https:\/\/noticiasregionais.com.br\/index.php?rest_route=%2Fwp%2Fv2%2Fcategories&post=10329"},{"taxonomy":"post_tag","embeddable":true,"href":"https:\/\/noticiasregionais.com.br\/index.php?rest_route=%2Fwp%2Fv2%2Ftags&post=10329"}],"curies":[{"name":"wp","href":"https:\/\/api.w.org\/{rel}","templated":true}]}}