{"id":10333,"date":"2025-10-08T10:06:31","date_gmt":"2025-10-08T13:06:31","guid":{"rendered":"https:\/\/noticiasregionais.com.br\/?p=10333"},"modified":"2025-10-08T10:07:01","modified_gmt":"2025-10-08T13:07:01","slug":"policia-rodoviaria-apreende-medicamentos-e-mercadorias-irregulares-na-raposo-tavares-em-palmital","status":"publish","type":"post","link":"https:\/\/noticiasregionais.com.br\/?p=10333","title":{"rendered":"Pol\u00edcia Rodovi\u00e1ria apreende medicamentos e mercadorias irregulares na Raposo Tavares, em Palmital"},"content":{"rendered":"\n<h3 class=\"wp-block-heading has-text-align-center\"><strong>Produtos estrangeiros sem nota fiscal estavam em ve\u00edculo que vinha do Paraguai com destino a Santo Andr\u00e9 (SP)<\/strong><\/h3>\n\n\n\n<p>Na tarde desta ter\u00e7a-feira (7), equipes do <strong>Policiamento Rodovi\u00e1rio<\/strong> apreenderam <strong>medicamentos e diversas mercadorias de descaminho<\/strong> durante uma fiscaliza\u00e7\u00e3o de rotina na <strong>Rodovia Raposo Tavares (SP-270), km 413,300<\/strong>, em Palmital (SP). A a\u00e7\u00e3o ocorreu no \u00e2mbito da <strong>Opera\u00e7\u00e3o Impacto<\/strong>, voltada ao combate de il\u00edcitos nas rodovias estaduais.<\/p>\n\n\n\n<p>Por volta das 13h30, os policiais abordaram um <strong>Hyundai\/Creta<\/strong>, ocupado pelo condutor, de <strong>42 anos<\/strong>, uma passageira de <strong>28 anos<\/strong> e um <strong>menor de 11 anos<\/strong>. O ve\u00edculo seguia de <strong>Pedro Juan Caballero (Paraguai)<\/strong> com destino a <strong>Santo Andr\u00e9 (SP)<\/strong>.<\/p>\n\n\n\n<p>Durante a vistoria, os agentes localizaram <strong>uma caixa t\u00e9rmica pequena com oito ampolas do medicamento Tirzepatida<\/strong>, subst\u00e2ncia utilizada para emagrecimento, al\u00e9m de <strong>diversos produtos de origem estrangeira sem documenta\u00e7\u00e3o fiscal<\/strong>. Os ocupantes n\u00e3o apresentaram notas ou comprovantes de importa\u00e7\u00e3o.<\/p>\n\n\n\n<p>A ocorr\u00eancia foi encaminhada \u00e0 <strong>Delegacia da Pol\u00edcia Federal em Mar\u00edlia<\/strong>, respons\u00e1vel pela investiga\u00e7\u00e3o de crimes de descaminho. O ve\u00edculo e os ocupantes foram liberados ap\u00f3s os procedimentos de praxe. As <strong>ampolas de medicamento ser\u00e3o encaminhadas para per\u00edcia t\u00e9cnica<\/strong>, enquanto as demais mercadorias ficar\u00e3o sob responsabilidade da <strong>Receita Federal<\/strong> para os tr\u00e2mites legais.<\/p>\n\n\n\n<p>A a\u00e7\u00e3o integra as estrat\u00e9gias de fiscaliza\u00e7\u00e3o intensificada nas principais rodovias paulistas, com o objetivo de <strong>coibir o transporte de produtos irregulares e proteger a sa\u00fade p\u00fablica e a economia nacional<\/strong>.<\/p>\n\n\n\n<figure class=\"wp-block-image size-large\"><img decoding=\"async\" width=\"1024\" height=\"769\" src=\"https:\/\/noticiasregionais.com.br\/wp-content\/uploads\/2025\/10\/WhatsApp-Image-2025-10-07-at-20.31.381-1024x769.jpeg\" alt=\"\" class=\"wp-image-10335\" srcset=\"https:\/\/noticiasregionais.com.br\/wp-content\/uploads\/2025\/10\/WhatsApp-Image-2025-10-07-at-20.31.381-1024x769.jpeg 1024w, https:\/\/noticiasregionais.com.br\/wp-content\/uploads\/2025\/10\/WhatsApp-Image-2025-10-07-at-20.31.381-300x225.jpeg 300w, https:\/\/noticiasregionais.com.br\/wp-content\/uploads\/2025\/10\/WhatsApp-Image-2025-10-07-at-20.31.381-768x576.jpeg 768w, https:\/\/noticiasregionais.com.br\/wp-content\/uploads\/2025\/10\/WhatsApp-Image-2025-10-07-at-20.31.381-1536x1153.jpeg 1536w, https:\/\/noticiasregionais.com.br\/wp-content\/uploads\/2025\/10\/WhatsApp-Image-2025-10-07-at-20.31.381.jpeg 1600w\" sizes=\"(max-width: 1024px) 100vw, 1024px\" \/><\/figure>\n<input type=\"hidden\" id=\"baseurl\" value=\"https:\/\/noticiasregionais.com.br\"><input type=\"hidden\" id=\"audio_nonce\" value=\"533fbb67b1\">","protected":false},"excerpt":{"rendered":"<p>Produtos estrangeiros sem nota fiscal estavam em ve\u00edculo que vinha do Paraguai com destino a Santo Andr\u00e9 (SP) Na tarde&hellip;<\/p>\n","protected":false},"author":1,"featured_media":10334,"comment_status":"closed","ping_status":"open","sticky":false,"template":"","format":"standard","meta":{"sfsi_plus_gutenberg_text_before_share":"","sfsi_plus_gutenberg_show_text_before_share":"","sfsi_plus_gutenberg_icon_type":"","sfsi_plus_gutenberg_icon_alignemt":"","sfsi_plus_gutenburg_max_per_row":"","footnotes":""},"categories":[10,1,6],"tags":[27],"class_list":["post-10333","post","type-post","status-publish","format-standard","has-post-thumbnail","hentry","category-destaques","category-noticias","category-sao_paulo","tag-palmital"],"_links":{"self":[{"href":"https:\/\/noticiasregionais.com.br\/index.php?rest_route=\/wp\/v2\/posts\/10333","targetHints":{"allow":["GET"]}}],"collection":[{"href":"https:\/\/noticiasregionais.com.br\/index.php?rest_route=\/wp\/v2\/posts"}],"about":[{"href":"https:\/\/noticiasregionais.com.br\/index.php?rest_route=\/wp\/v2\/types\/post"}],"author":[{"embeddable":true,"href":"https:\/\/noticiasregionais.com.br\/index.php?rest_route=\/wp\/v2\/users\/1"}],"replies":[{"embeddable":true,"href":"https:\/\/noticiasregionais.com.br\/index.php?rest_route=%2Fwp%2Fv2%2Fcomments&post=10333"}],"version-history":[{"count":1,"href":"https:\/\/noticiasregionais.com.br\/index.php?rest_route=\/wp\/v2\/posts\/10333\/revisions"}],"predecessor-version":[{"id":10336,"href":"https:\/\/noticiasregionais.com.br\/index.php?rest_route=\/wp\/v2\/posts\/10333\/revisions\/10336"}],"wp:featuredmedia":[{"embeddable":true,"href":"https:\/\/noticiasregionais.com.br\/index.php?rest_route=\/wp\/v2\/media\/10334"}],"wp:attachment":[{"href":"https:\/\/noticiasregionais.com.br\/index.php?rest_route=%2Fwp%2Fv2%2Fmedia&parent=10333"}],"wp:term":[{"taxonomy":"category","embeddable":true,"href":"https:\/\/noticiasregionais.com.br\/index.php?rest_route=%2Fwp%2Fv2%2Fcategories&post=10333"},{"taxonomy":"post_tag","embeddable":true,"href":"https:\/\/noticiasregionais.com.br\/index.php?rest_route=%2Fwp%2Fv2%2Ftags&post=10333"}],"curies":[{"name":"wp","href":"https:\/\/api.w.org\/{rel}","templated":true}]}}