{"id":10337,"date":"2025-10-08T12:57:50","date_gmt":"2025-10-08T15:57:50","guid":{"rendered":"https:\/\/noticiasregionais.com.br\/?p=10337"},"modified":"2025-10-08T12:57:54","modified_gmt":"2025-10-08T15:57:54","slug":"presidente-da-camara-de-ourinhos-cobra-instalacao-de-cameras-e-acoes-contra-invasoes-para-reforcar-a-seguranca-na-cidade","status":"publish","type":"post","link":"https:\/\/noticiasregionais.com.br\/?p=10337","title":{"rendered":"Presidente da C\u00e2mara de Ourinhos cobra instala\u00e7\u00e3o de c\u00e2meras e a\u00e7\u00f5es contra invas\u00f5es para refor\u00e7ar a seguran\u00e7a na cidade"},"content":{"rendered":"\n<h3 class=\"wp-block-heading has-text-align-center\"><strong>C\u00edcero Investigador destaca problemas recorrentes de vandalismo nas imedia\u00e7\u00f5es do shopping e ocupa\u00e7\u00f5es irregulares no bairro Boa Esperan\u00e7a<\/strong><\/h3>\n\n\n\n<p>Durante a <strong>34\u00aa Sess\u00e3o Ordin\u00e1ria da C\u00e2mara Municipal de Ourinhos<\/strong>, realizada na segunda-feira (6), o presidente do Legislativo, <strong>vereador C\u00edcero Investigador<\/strong>, apresentou dois requerimentos voltados ao fortalecimento da seguran\u00e7a p\u00fablica e \u00e0 preserva\u00e7\u00e3o da ordem em diferentes regi\u00f5es do munic\u00edpio.<\/p>\n\n\n\n<p>O <strong>Requerimento n\u00ba 1374\/2025<\/strong> solicita que a Administra\u00e7\u00e3o Municipal e a Secretaria de Seguran\u00e7a P\u00fablica avaliem a <strong>instala\u00e7\u00e3o de c\u00e2meras de videomonitoramento<\/strong> em trechos estrat\u00e9gicos das ruas <strong>Cardoso Ribeiro, Prefeito Eduardo Salgueiro, Dom Jos\u00e9 Marelo e Fernando Prestes<\/strong>, no entorno do <strong>Ourinhos Plaza Shopping<\/strong>.<\/p>\n\n\n\n<p>Para embasar o pedido, C\u00edcero exibiu <strong>imagens de c\u00e2meras residenciais<\/strong> que flagraram atos de vandalismo cometidos por grupos de jovens que costumam se reunir na \u00e1rea aos fins de semana. Segundo ele, moradores relatam epis\u00f3dios constantes de depreda\u00e7\u00e3o e perturba\u00e7\u00e3o do sossego.<\/p>\n\n\n\n<blockquote class=\"wp-block-quote is-layout-flow wp-block-quote-is-layout-flow\">\n<p>\u201cAs pessoas que vivem naquela regi\u00e3o n\u00e3o podem mais conviver com esse tipo de situa\u00e7\u00e3o. Port\u00f5es s\u00e3o chutados, muros pichados e o patrim\u00f4nio \u00e9 desrespeitado. Precisamos de uma a\u00e7\u00e3o efetiva do poder p\u00fablico, da GCM e da PM para restabelecer a ordem\u201d, afirmou o vereador.<\/p>\n<\/blockquote>\n\n\n\n<p>C\u00edcero tamb\u00e9m ressaltou a import\u00e2ncia de <strong>responsabilizar os menores envolvidos e seus respons\u00e1veis legais<\/strong>, destacando que muitos pais desconhecem o comportamento dos filhos fora de casa.<\/p>\n\n\n\n<blockquote class=\"wp-block-quote is-layout-flow wp-block-quote-is-layout-flow\">\n<p>\u201cAquela sempre foi uma \u00e1rea tranquila. \u00c9 hora de devolver a paz aos moradores\u201d, completou, pedindo apoio direto do prefeito e das secretarias municipais para solucionar o problema de forma definitiva.<\/p>\n<\/blockquote>\n\n\n\n<p>Al\u00e9m da quest\u00e3o do videomonitoramento, o parlamentar apresentou o <strong>Requerimento n\u00ba 1371\/2025<\/strong>, direcionado \u00e0 <strong>Secretaria Municipal de Assist\u00eancia Social<\/strong> e \u00e0 <strong>Administra\u00e7\u00e3o Municipal<\/strong>, pedindo informa\u00e7\u00f5es sobre medidas adotadas para conter a <strong>invas\u00e3o de pessoas em situa\u00e7\u00e3o de rua<\/strong> no pr\u00e9dio da <strong>Associa\u00e7\u00e3o de Moradores do Bairro Boa Esperan\u00e7a<\/strong>.<\/p>\n\n\n\n<p>Durante a sess\u00e3o, ele exibiu fotos do local, que, segundo afirmou, se tornou <strong>ponto de inseguran\u00e7a e uso de drogas<\/strong>, comprometendo a integridade da comunidade do entorno.<\/p>\n\n\n\n<blockquote class=\"wp-block-quote is-layout-flow wp-block-quote-is-layout-flow\">\n<p>\u201cInfelizmente, aquele espa\u00e7o se transformou em um problema grave. Ou \u00e9 recuperado ou precisa ser fechado definitivamente\u201d, alertou.<\/p>\n<\/blockquote>\n\n\n\n<p>Ao final, C\u00edcero Investigador refor\u00e7ou que <strong>continuar\u00e1 cobrando provid\u00eancias concretas<\/strong> do Executivo e das secretarias competentes para garantir <strong>seguran\u00e7a, dignidade e tranquilidade \u00e0 popula\u00e7\u00e3o de Ourinhos<\/strong>.<\/p>\n<input type=\"hidden\" id=\"baseurl\" value=\"https:\/\/noticiasregionais.com.br\"><input type=\"hidden\" id=\"audio_nonce\" value=\"533fbb67b1\">","protected":false},"excerpt":{"rendered":"<p>C\u00edcero Investigador destaca problemas recorrentes de vandalismo nas imedia\u00e7\u00f5es do shopping e ocupa\u00e7\u00f5es irregulares no bairro Boa Esperan\u00e7a Durante a&hellip;<\/p>\n","protected":false},"author":1,"featured_media":10338,"comment_status":"closed","ping_status":"open","sticky":false,"template":"","format":"standard","meta":{"sfsi_plus_gutenberg_text_before_share":"","sfsi_plus_gutenberg_show_text_before_share":"","sfsi_plus_gutenberg_icon_type":"","sfsi_plus_gutenberg_icon_alignemt":"","sfsi_plus_gutenburg_max_per_row":"","footnotes":""},"categories":[10,1,5],"tags":[16],"class_list":["post-10337","post","type-post","status-publish","format-standard","has-post-thumbnail","hentry","category-destaques","category-noticias","category-ourinhos","tag-ourinhos"],"_links":{"self":[{"href":"https:\/\/noticiasregionais.com.br\/index.php?rest_route=\/wp\/v2\/posts\/10337","targetHints":{"allow":["GET"]}}],"collection":[{"href":"https:\/\/noticiasregionais.com.br\/index.php?rest_route=\/wp\/v2\/posts"}],"about":[{"href":"https:\/\/noticiasregionais.com.br\/index.php?rest_route=\/wp\/v2\/types\/post"}],"author":[{"embeddable":true,"href":"https:\/\/noticiasregionais.com.br\/index.php?rest_route=\/wp\/v2\/users\/1"}],"replies":[{"embeddable":true,"href":"https:\/\/noticiasregionais.com.br\/index.php?rest_route=%2Fwp%2Fv2%2Fcomments&post=10337"}],"version-history":[{"count":1,"href":"https:\/\/noticiasregionais.com.br\/index.php?rest_route=\/wp\/v2\/posts\/10337\/revisions"}],"predecessor-version":[{"id":10339,"href":"https:\/\/noticiasregionais.com.br\/index.php?rest_route=\/wp\/v2\/posts\/10337\/revisions\/10339"}],"wp:featuredmedia":[{"embeddable":true,"href":"https:\/\/noticiasregionais.com.br\/index.php?rest_route=\/wp\/v2\/media\/10338"}],"wp:attachment":[{"href":"https:\/\/noticiasregionais.com.br\/index.php?rest_route=%2Fwp%2Fv2%2Fmedia&parent=10337"}],"wp:term":[{"taxonomy":"category","embeddable":true,"href":"https:\/\/noticiasregionais.com.br\/index.php?rest_route=%2Fwp%2Fv2%2Fcategories&post=10337"},{"taxonomy":"post_tag","embeddable":true,"href":"https:\/\/noticiasregionais.com.br\/index.php?rest_route=%2Fwp%2Fv2%2Ftags&post=10337"}],"curies":[{"name":"wp","href":"https:\/\/api.w.org\/{rel}","templated":true}]}}