{"id":10346,"date":"2025-10-09T04:00:00","date_gmt":"2025-10-09T07:00:00","guid":{"rendered":"https:\/\/noticiasregionais.com.br\/?p=10346"},"modified":"2025-10-09T04:00:00","modified_gmt":"2025-10-09T07:00:00","slug":"soja-e-trigo-hoje-confira-as-cotacoes-para-esta-quinta-9","status":"publish","type":"post","link":"https:\/\/noticiasregionais.com.br\/?p=10346","title":{"rendered":"Soja e trigo hoje: confira as cota\u00e7\u00f5es para esta quinta (9)"},"content":{"rendered":"<p>\t\t\t\t\t\t\t\t\t\t<audio controls class=\"b61_audio_player\" data-noticia=\"85099\" src=\"https:\/\/brasil61.com\/rails\/active_storage\/blobs\/eyJfcmFpbHMiOnsibWVzc2FnZSI6IkJBaHBBd09wQXc9PSIsImV4cCI6bnVsbCwicHVyIjoiYmxvYl9pZCJ9fQ==--4bb1286ebe4488768b06377cfc63b6b3044fb25b\/PAGR255851A\"><\/audio><\/p>\n<p>O valor da saca de 60 kg da <strong>soja <\/strong>abre esta quinta-feira (9) em <strong>alta\u00a0<\/strong>tanto no interior do Paran\u00e1 quanto no litoral do estado, em Paranagu\u00e1.\u00a0<\/p>\n<p>Na primeira regi\u00e3o, o gr\u00e3o teve <strong>valoriza\u00e7\u00e3o de 0,46%<\/strong> e \u00e9 negociado a <strong>R$ 131,90<\/strong>; na segunda, o\u00a0<strong>ajuste <\/strong>foi <strong>de 0,29%<\/strong>, com a mercadoria cotada a <strong>R$ 136,94<\/strong>.<\/p>\n<p><strong>INDICADOR DA SOJA CEPEA\/ESALQ &#8211; PARAN\u00c1<\/strong><\/p>\n<table>\n<tbody>\n<tr>\n<th>Data<\/th>\n<th>Valor R$*<\/th>\n<th>Var.\/Dia<\/th>\n<th>Var.\/M\u00eas<\/th>\n<th>Valor US$*<\/th>\n<\/tr>\n<tr>\n<td>08\/10\/2025<\/td>\n<td>131,90<\/td>\n<td>0,46%<\/td>\n<td>2,34%<\/td>\n<td>24,68<\/td>\n<\/tr>\n<tr>\n<td>07\/10\/2025<\/td>\n<td>131,29<\/td>\n<td>-0,14%<\/td>\n<td>1,87%<\/td>\n<td>24,55<\/td>\n<\/tr>\n<tr>\n<td>06\/10\/2025<\/td>\n<td>131,47<\/td>\n<td>0,13%<\/td>\n<td>2,01%<\/td>\n<td>24,75<\/td>\n<\/tr>\n<tr>\n<td>03\/10\/2025<\/td>\n<td>131,30<\/td>\n<td>0,79%<\/td>\n<td>1,88%<\/td>\n<td>24,64<\/td>\n<\/tr>\n<tr>\n<td>02\/10\/2025<\/td>\n<td>130,27<\/td>\n<td>1,17%<\/td>\n<td>1,08%<\/td>\n<td>24,40<\/td>\n<\/tr>\n<\/tbody>\n<\/table>\n<p><strong>INDICADOR DA SOJA CEPEA\/ESALQ &#8211; PARANAGU\u00c1<\/strong><\/p>\n<table>\n<tbody>\n<tr>\n<th>Data<\/th>\n<th>Valor R$*<\/th>\n<th>Var.\/Dia<\/th>\n<th>Var.\/M\u00eas<\/th>\n<th>Valor US$*<\/th>\n<\/tr>\n<tr>\n<td>08\/10\/2025<\/td>\n<td>136,94<\/td>\n<td>0,29%<\/td>\n<td>2,48%<\/td>\n<td>25,63<\/td>\n<\/tr>\n<tr>\n<td>07\/10\/2025<\/td>\n<td>136,54<\/td>\n<td>0,46%<\/td>\n<td>2,19%<\/td>\n<td>25,53<\/td>\n<\/tr>\n<tr>\n<td>06\/10\/2025<\/td>\n<td>135,92<\/td>\n<td>-0,23%<\/td>\n<td>1,72%<\/td>\n<td>25,59<\/td>\n<\/tr>\n<tr>\n<td>03\/10\/2025<\/td>\n<td>136,24<\/td>\n<td>0,83%<\/td>\n<td>1,96%<\/td>\n<td>25,56<\/td>\n<\/tr>\n<tr>\n<td>02\/10\/2025<\/td>\n<td>135,12<\/td>\n<td>0,51%<\/td>\n<td>1,12%<\/td>\n<td>25,30<\/td>\n<\/tr>\n<\/tbody>\n<\/table>\n<h2>Trigo<\/h2>\n<p>O pre\u00e7o do <strong>trigo<\/strong>, por sua vez, registra <strong>valoriza\u00e7\u00e3o de 0,62% no Paran\u00e1 <\/strong>e<strong>\u00a0desvaloriza\u00e7\u00e3o de 0,86% no Rio Grande do Sul<\/strong>.<strong>\u00a0<\/strong>No primeiro estado, a tonelada\u00a0\u00e9 vendida a<strong> R$ 1.234,10<\/strong>, enquanto no segundo \u00e9 comercializada a<strong> R$ 1.188,98<\/strong>.<\/p>\n<p><strong>PRE\u00c7O M\u00c9DIO DO TRIGO CEPEA\/ESALQ &#8211; PARAN\u00c1<\/strong><\/p>\n<table>\n<tbody>\n<tr>\n<th>Data<\/th>\n<th>Valor R$\/t*<\/th>\n<th>Var.\/Dia<\/th>\n<th>Var.\/M\u00eas<\/th>\n<th>Valor US$\/t*<\/th>\n<\/tr>\n<tr>\n<td>08\/10\/2025<\/td>\n<td>1.234,10<\/td>\n<td>0,62%<\/td>\n<td>-2,12%<\/td>\n<td>230,93<\/td>\n<\/tr>\n<tr>\n<td>07\/10\/2025<\/td>\n<td>1.226,51<\/td>\n<td>-0,29%<\/td>\n<td>-2,73%<\/td>\n<td>229,34<\/td>\n<\/tr>\n<tr>\n<td>06\/10\/2025<\/td>\n<td>1.230,04<\/td>\n<td>-0,38%<\/td>\n<td>-2,45%<\/td>\n<td>231,60<\/td>\n<\/tr>\n<tr>\n<td>03\/10\/2025<\/td>\n<td>1.234,79<\/td>\n<td>-0,49%<\/td>\n<td>-2,07%<\/td>\n<td>231,67<\/td>\n<\/tr>\n<tr>\n<td>02\/10\/2025<\/td>\n<td>1.240,89<\/td>\n<td>-2,52%<\/td>\n<td>-1,58%<\/td>\n<td>232,38<\/td>\n<\/tr>\n<\/tbody>\n<\/table>\n<p><strong>PRE\u00c7O M\u00c9DIO DO TRIGO CEPEA\/ESALQ &#8211; RIO GRANDE DO SUL<\/strong><\/p>\n<table>\n<tbody>\n<tr>\n<th>Data<\/th>\n<th>Valor R$\/t*<\/th>\n<th>Var.\/Dia<\/th>\n<th>Var.\/M\u00eas<\/th>\n<th>Valor US$\/t*<\/th>\n<\/tr>\n<tr>\n<td>08\/10\/2025<\/td>\n<td>1.188,98<\/td>\n<td>-0,86%<\/td>\n<td>-3,01%<\/td>\n<td>222,49<\/td>\n<\/tr>\n<tr>\n<td>07\/10\/2025<\/td>\n<td>1.199,29<\/td>\n<td>0,00%<\/td>\n<td>-2,17%<\/td>\n<td>224,25<\/td>\n<\/tr>\n<tr>\n<td>06\/10\/2025<\/td>\n<td>1.199,29<\/td>\n<td>0,12%<\/td>\n<td>-2,17%<\/td>\n<td>225,81<\/td>\n<\/tr>\n<tr>\n<td>03\/10\/2025<\/td>\n<td>1.197,90<\/td>\n<td>-1,36%<\/td>\n<td>-2,28%<\/td>\n<td>224,75<\/td>\n<\/tr>\n<tr>\n<td>02\/10\/2025<\/td>\n<td>1.214,43<\/td>\n<td>-0,18%<\/td>\n<td>-0,93%<\/td>\n<td>227,42<\/td>\n<\/tr>\n<\/tbody>\n<\/table>\n<p>Os valores s\u00e3o do <a href=\"http:\/\/www.cepea.org.br\" target=\"_blank\" rel=\"noopener\">Cepea<\/a>.<\/p>\n<h2>O que \u00e9 uma saca de soja ou de trigo? Entenda a unidade de medida no mercado de gr\u00e3os<\/h2>\n<p>A saca de soja e a saca de trigo s\u00e3o as principais unidades de comercializa\u00e7\u00e3o de gr\u00e3os no Brasil. Cada saca equivale a 60 quilos, padr\u00e3o adotado por \u00f3rg\u00e3os oficiais como a <strong>Companhia Nacional de Abastecimento (<a href=\"https:\/\/www.gov.br\/conab\/pt-br\" target=\"_blank\" rel=\"noopener\">Conab<\/a>)<\/strong>, o<strong> Minist\u00e9rio da Agricultura (<a href=\"http:\/\/www.gov.br\/agricultura\/pt-br\" target=\"_blank\" rel=\"noopener\">MAPA<\/a>)<\/strong> e o<strong> Centro de Estudos Avan\u00e7ados em Economia Aplicada (<a href=\"http:\/\/www.cepea.org.br\" target=\"_blank\" rel=\"noopener\">Cepea<\/a>)<\/strong>.<\/p>\n<p>Esse formato padronizado facilita o com\u00e9rcio da soja e do trigo, al\u00e9m de permitir um acompanhamento mais preciso das cota\u00e7\u00f5es e varia\u00e7\u00f5es de pre\u00e7os no mercado nacional.<\/p>\n<p>\t\t\t\t\t\t\t\t\t<img decoding=\"async\" src=\"https:\/\/brasil61.com\/api\/v1\/serve_pixel\/22254\/85099\" alt=\"Pixel Brasil 61\" class=\"b61_pixel\" width=\"0\" height=\"0\"><\/p>\n<div class=\"br61_backlink\">\n<p>\n\t\t\t\tFonte: <a href=\"https:\/\/brasil61.com\/soja-e-trigo-hoje-confira-as-cotacoes-para-esta-quinta-9-pagr255851\" title=\"Artigo Original: Soja e trigo hoje: confira as cota\u00e7\u00f5es para esta quinta (9)\" target=\"_blank\" rel=\"noopener\">Brasil 61<\/a>\n\t\t\t<\/p>\n<\/p><\/div>\n<input type=\"hidden\" id=\"baseurl\" value=\"https:\/\/noticiasregionais.com.br\"><input type=\"hidden\" id=\"audio_nonce\" value=\"5c13e0637f\">","protected":false},"excerpt":{"rendered":"<p>A soja apresenta alta no Paran\u00e1 e em Paranagu\u00e1; o trigo, por sua vez, aponta baixa no Rio Grande do Sul e alta no Paran\u00e1<\/p>\n","protected":false},"author":1,"featured_media":10347,"comment_status":"","ping_status":"open","sticky":false,"template":"","format":"standard","meta":{"sfsi_plus_gutenberg_text_before_share":"","sfsi_plus_gutenberg_show_text_before_share":"","sfsi_plus_gutenberg_icon_type":"","sfsi_plus_gutenberg_icon_alignemt":"","sfsi_plus_gutenburg_max_per_row":"","footnotes":""},"categories":[8],"tags":[],"class_list":["post-10346","post","type-post","status-publish","format-standard","has-post-thumbnail","hentry","category-brasil"],"_links":{"self":[{"href":"https:\/\/noticiasregionais.com.br\/index.php?rest_route=\/wp\/v2\/posts\/10346","targetHints":{"allow":["GET"]}}],"collection":[{"href":"https:\/\/noticiasregionais.com.br\/index.php?rest_route=\/wp\/v2\/posts"}],"about":[{"href":"https:\/\/noticiasregionais.com.br\/index.php?rest_route=\/wp\/v2\/types\/post"}],"author":[{"embeddable":true,"href":"https:\/\/noticiasregionais.com.br\/index.php?rest_route=\/wp\/v2\/users\/1"}],"replies":[{"embeddable":true,"href":"https:\/\/noticiasregionais.com.br\/index.php?rest_route=%2Fwp%2Fv2%2Fcomments&post=10346"}],"version-history":[{"count":0,"href":"https:\/\/noticiasregionais.com.br\/index.php?rest_route=\/wp\/v2\/posts\/10346\/revisions"}],"wp:featuredmedia":[{"embeddable":true,"href":"https:\/\/noticiasregionais.com.br\/index.php?rest_route=\/wp\/v2\/media\/10347"}],"wp:attachment":[{"href":"https:\/\/noticiasregionais.com.br\/index.php?rest_route=%2Fwp%2Fv2%2Fmedia&parent=10346"}],"wp:term":[{"taxonomy":"category","embeddable":true,"href":"https:\/\/noticiasregionais.com.br\/index.php?rest_route=%2Fwp%2Fv2%2Fcategories&post=10346"},{"taxonomy":"post_tag","embeddable":true,"href":"https:\/\/noticiasregionais.com.br\/index.php?rest_route=%2Fwp%2Fv2%2Ftags&post=10346"}],"curies":[{"name":"wp","href":"https:\/\/api.w.org\/{rel}","templated":true}]}}