{"id":10348,"date":"2025-10-09T04:05:00","date_gmt":"2025-10-09T07:05:00","guid":{"rendered":"https:\/\/noticiasregionais.com.br\/?p=10348"},"modified":"2025-10-09T04:05:00","modified_gmt":"2025-10-09T07:05:00","slug":"cafe-hoje-confira-as-cotacoes-para-esta-quinta-9","status":"publish","type":"post","link":"https:\/\/noticiasregionais.com.br\/?p=10348","title":{"rendered":"Caf\u00e9 hoje: confira as cota\u00e7\u00f5es para esta quinta (9)"},"content":{"rendered":"<p>\t\t\t\t\t\t\t\t\t\t<audio controls class=\"b61_audio_player\" data-noticia=\"85096\" src=\"https:\/\/brasil61.com\/rails\/active_storage\/blobs\/eyJfcmFpbHMiOnsibWVzc2FnZSI6IkJBaHBBd1NwQXc9PSIsImV4cCI6bnVsbCwicHVyIjoiYmxvYl9pZCJ9fQ==--48ff8e19be79cb62dbd37b3b071fe106fe51a7c4\/PAGR255849A\"><\/audio><\/p>\n<p>O pre\u00e7o do <strong>caf\u00e9 ar\u00e1bica<\/strong>\u00a0abre\u00a0esta quinta (9) em\u00a0<strong>alta\u00a0de 0,43%<\/strong>, com a saca de 60 kg negociada a <strong>R$ 2.186,03\u00a0<\/strong>na cidade de S\u00e3o Paulo.<\/p>\n<p><strong>INDICADOR DO CAF\u00c9 AR\u00c1BICA CEPEA\/ESALQ<\/strong><\/p>\n<table>\n<tbody>\n<tr>\n<th>Data<\/th>\n<th>Valor R$<\/th>\n<th>Var.\/Dia<\/th>\n<th>Var.\/M\u00eas<\/th>\n<th>Valor US$<\/th>\n<\/tr>\n<tr>\n<td>08\/10\/2025<\/td>\n<td>2.186,03<\/td>\n<td>0,43%<\/td>\n<td>2,75%<\/td>\n<td>409,06<\/td>\n<\/tr>\n<tr>\n<td>07\/10\/2025<\/td>\n<td>2.176,74<\/td>\n<td>0,35%<\/td>\n<td>2,31%<\/td>\n<td>407,02<\/td>\n<\/tr>\n<tr>\n<td>06\/10\/2025<\/td>\n<td>2.169,21<\/td>\n<td>-0,71%<\/td>\n<td>1,96%<\/td>\n<td>408,44<\/td>\n<\/tr>\n<tr>\n<td>03\/10\/2025<\/td>\n<td>2.184,71<\/td>\n<td>1,72%<\/td>\n<td>2,69%<\/td>\n<td>409,89<\/td>\n<\/tr>\n<tr>\n<td>02\/10\/2025<\/td>\n<td>2.147,82<\/td>\n<td>-0,75%<\/td>\n<td>0,96%<\/td>\n<td>402,21<\/td>\n<\/tr>\n<\/tbody>\n<\/table>\n<p>O <strong>caf\u00e9 robusta<\/strong> teve leve\u00a0<strong>alta de 0,13%<\/strong> no pre\u00e7o, sendo comercializado a <strong>R$ 1.388,96<\/strong>.<\/p>\n<p><strong>INDICADOR DO CAF\u00c9 ROBUSTA CEPEA\/ESALQ<\/strong><\/p>\n<table>\n<tbody>\n<tr>\n<th>Data<\/th>\n<th>Valor R$<\/th>\n<th>Var.\/Dia<\/th>\n<th>Var.\/M\u00eas<\/th>\n<th>Valor US$<\/th>\n<\/tr>\n<tr>\n<td>08\/10\/2025<\/td>\n<td>1.388,96<\/td>\n<td>0,13%<\/td>\n<td>3,46%<\/td>\n<td>259,91<\/td>\n<\/tr>\n<tr>\n<td>07\/10\/2025<\/td>\n<td>1.387,19<\/td>\n<td>-0,48%<\/td>\n<td>3,33%<\/td>\n<td>259,39<\/td>\n<\/tr>\n<tr>\n<td>06\/10\/2025<\/td>\n<td>1.393,91<\/td>\n<td>0,32%<\/td>\n<td>3,83%<\/td>\n<td>262,46<\/td>\n<\/tr>\n<tr>\n<td>03\/10\/2025<\/td>\n<td>1.389,41<\/td>\n<td>3,31%<\/td>\n<td>3,50%<\/td>\n<td>260,68<\/td>\n<\/tr>\n<tr>\n<td>02\/10\/2025<\/td>\n<td>1.344,89<\/td>\n<td>-0,63%<\/td>\n<td>0,18%<\/td>\n<td>251,85<\/td>\n<\/tr>\n<\/tbody>\n<\/table>\n<h2>A\u00e7\u00facar<\/h2>\n<p>J\u00e1 o pre\u00e7o do <strong>a\u00e7\u00facar cristal<\/strong> apresenta <strong>desvaloriza\u00e7\u00e3o nas principais pra\u00e7as do estado de S\u00e3o Paulo<\/strong>. Na <strong>capital<\/strong>, a saca de 50 kg aponta <strong>baixa de 0,66%<\/strong>, cotada a <strong>R$ 117,21<\/strong>.<\/p>\n<p><strong>INDICADOR DO A\u00c7\u00daCAR CRISTAL BRANCO CEPEA\/ESALQ &#8211; S\u00c3O PAULO<\/strong><\/p>\n<table>\n<tbody>\n<tr>\n<th>Data<\/th>\n<th>Valor R$*<\/th>\n<th>Var.\/Dia<\/th>\n<th>Var.\/M\u00eas<\/th>\n<th>Valor US$*<\/th>\n<\/tr>\n<tr>\n<td>08\/10\/2025<\/td>\n<td>117,21<\/td>\n<td>-0,66%<\/td>\n<td>-0,10%<\/td>\n<td>21,93<\/td>\n<\/tr>\n<tr>\n<td>07\/10\/2025<\/td>\n<td>117,99<\/td>\n<td>0,37%<\/td>\n<td>0,56%<\/td>\n<td>22,06<\/td>\n<\/tr>\n<tr>\n<td>06\/10\/2025<\/td>\n<td>117,56<\/td>\n<td>0,94%<\/td>\n<td>0,20%<\/td>\n<td>22,14<\/td>\n<\/tr>\n<tr>\n<td>03\/10\/2025<\/td>\n<td>116,46<\/td>\n<td>-0,98%<\/td>\n<td>-0,74%<\/td>\n<td>21,85<\/td>\n<\/tr>\n<tr>\n<td>02\/10\/2025<\/td>\n<td>117,61<\/td>\n<td>1,70%<\/td>\n<td>0,24%<\/td>\n<td>22,02<\/td>\n<\/tr>\n<\/tbody>\n<\/table>\n<p>Em <strong>Santos (SP)<\/strong>, a mercadoria \u00e9 negociada a <strong>R$ 119,92<\/strong>, ap\u00f3s<strong>\u00a0baixa de 1,79%<\/strong> na m\u00e9dia de pre\u00e7os sem impostos.<\/p>\n<p><strong>INDICADOR A\u00c7\u00daCAR CRISTAL &#8211; SANTOS (FOB)<\/strong><\/p>\n<table>\n<tbody>\n<tr>\n<th>Data<\/th>\n<th>Valor R$*<\/th>\n<th>Var.\/Dia<\/th>\n<th>Var.\/M\u00eas<\/th>\n<th>Valor US$*<\/th>\n<\/tr>\n<tr>\n<td>08\/10\/2025<\/td>\n<td>119,92<\/td>\n<td>-1,79%<\/td>\n<td>-0,88%<\/td>\n<td>22,45<\/td>\n<\/tr>\n<tr>\n<td>07\/10\/2025<\/td>\n<td>122,10<\/td>\n<td>-0,39%<\/td>\n<td>0,92%<\/td>\n<td>22,88<\/td>\n<\/tr>\n<tr>\n<td>06\/10\/2025<\/td>\n<td>122,58<\/td>\n<td>0,97%<\/td>\n<td>1,31%<\/td>\n<td>23,03<\/td>\n<\/tr>\n<tr>\n<td>03\/10\/2025<\/td>\n<td>121,40<\/td>\n<td>0,78%<\/td>\n<td>0,34%<\/td>\n<td>22,69<\/td>\n<\/tr>\n<tr>\n<td>02\/10\/2025<\/td>\n<td>120,46<\/td>\n<td>1,61%<\/td>\n<td>-0,44%<\/td>\n<td>22,54<\/td>\n<\/tr>\n<\/tbody>\n<\/table>\n<h2>Milho<\/h2>\n<p>A saca de 60 kg do <strong>milho<\/strong>, por sua vez, \u00e9 vendida a <strong>R$ 65,30<\/strong>, ap\u00f3s<strong>\u00a0alta de 0,32%<\/strong>.<\/p>\n<p><strong>INDICADOR DO MILHO ESALQ\/BM&amp;FBOVESPA<\/strong><\/p>\n<table>\n<tbody>\n<tr>\n<th>Data<\/th>\n<th>Valor R$*<\/th>\n<th>Var.\/Dia<\/th>\n<th>Var.\/M\u00eas<\/th>\n<th>Valor US$*<\/th>\n<\/tr>\n<tr>\n<td>08\/10\/2025<\/td>\n<td>65,30<\/td>\n<td>0,32%<\/td>\n<td>1,62%<\/td>\n<td>12,22<\/td>\n<\/tr>\n<tr>\n<td>07\/10\/2025<\/td>\n<td>65,09<\/td>\n<td>0,25%<\/td>\n<td>1,29%<\/td>\n<td>12,17<\/td>\n<\/tr>\n<tr>\n<td>06\/10\/2025<\/td>\n<td>64,93<\/td>\n<td>0,25%<\/td>\n<td>1,04%<\/td>\n<td>12,22<\/td>\n<\/tr>\n<tr>\n<td>03\/10\/2025<\/td>\n<td>64,77<\/td>\n<td>0,31%<\/td>\n<td>0,79%<\/td>\n<td>12,15<\/td>\n<\/tr>\n<tr>\n<td>02\/10\/2025<\/td>\n<td>64,57<\/td>\n<td>0,40%<\/td>\n<td>0,48%<\/td>\n<td>12,09<\/td>\n<\/tr>\n<\/tbody>\n<\/table>\n<p>Os valores s\u00e3o do\u00a0<a href=\"http:\/\/www.cepea.org.br\" target=\"_blank\" rel=\"noopener\"><strong>Cepea<\/strong><\/a>.<\/p>\n<h2>Diferen\u00e7a entre caf\u00e9 ar\u00e1bica e caf\u00e9 robusta: caracter\u00edsticas, uso e regi\u00f5es produtoras<\/h2>\n<p><strong>Caf\u00e9 ar\u00e1bica e caf\u00e9 robusta<\/strong> s\u00e3o as duas principais variedades cultivadas e comercializadas no Brasil, ambas medidas em sacas de 60 kg.<\/p>\n<ul>\n<li>O<strong> caf\u00e9 ar\u00e1bica <\/strong>(conhecido tamb\u00e9m como<strong> caf\u00e9 Conilon<\/strong>, em algumas regi\u00f5es) tem <strong>sabor mais suave, menor teor de cafe\u00edna e alta qualidade sensorial<\/strong>, sendo preferido em cafeterias especializadas e nas exporta\u00e7\u00f5es de caf\u00e9s premium. Representa cerca de 70% da produ\u00e7\u00e3o brasileira, com destaque para estados como Minas Gerais e S\u00e3o Paulo.<\/li>\n<li>O<strong> caf\u00e9 robusta<\/strong>, por sua vez, possui<strong> sabor mais amargo, maior concentra\u00e7\u00e3o de cafe\u00edna e corpo mais intenso<\/strong>. \u00c9 amplamente utilizado na produ\u00e7\u00e3o de caf\u00e9 sol\u00favel e blends comerciais. Seus principais polos produtores s\u00e3o o Esp\u00edrito Santo e Rond\u00f4nia, e seu pre\u00e7o costuma ser mais baixo em compara\u00e7\u00e3o ao ar\u00e1bica, por conta do perfil mais industrial.\u00a0<\/li>\n<\/ul>\n<h2>Como \u00e9 calculada a saca de a\u00e7\u00facar cristal?<\/h2>\n<p>A<strong> saca de a\u00e7\u00facar cristal no Brasil \u00e9 padronizada em 50 quilos<\/strong>, especialmente para comercializa\u00e7\u00e3o no mercado atacadista e para uso na ind\u00fastria aliment\u00edcia. Essa unidade de medida \u00e9 adotada pelo <strong><a href=\"https:\/\/www.cepea.org.br\/br\/indicador\/cafe.aspx\" target=\"_blank\" rel=\"noopener\">Cepea\/Esalq-USP<\/a><\/strong>, principal fonte de cota\u00e7\u00f5es di\u00e1rias do a\u00e7\u00facar cristal no pa\u00eds.<\/p>\n<h2>Qual o peso da saca de milho no Brasil?<\/h2>\n<p>A saca de milho equivale a 60 kg de gr\u00e3os, mesmo padr\u00e3o utilizado para soja e trigo. Essa medida \u00e9 oficializada por institui\u00e7\u00f5es como a<strong> Companhia Nacional de Abastecimento <a href=\"https:\/\/www.gov.br\/conab\/pt-br\" target=\"_blank\" rel=\"noopener\">(Conab)<\/a><\/strong>, o <strong>Minist\u00e9rio da Agricultura <a href=\"https:\/\/www.gov.br\/agricultura\/pt-br\" target=\"_blank\" rel=\"noopener\">(MAPA)<\/a><\/strong> e o <a href=\"http:\/\/www.cepea.org.br\" target=\"_blank\" rel=\"noopener\"><strong>Cepea<\/strong><\/a>, sendo amplamente usada em negocia\u00e7\u00f5es e relat\u00f3rios de pre\u00e7o do milho.<\/p>\n<p>\t\t\t\t\t\t\t\t\t<img decoding=\"async\" src=\"https:\/\/brasil61.com\/api\/v1\/serve_pixel\/22254\/85096\" alt=\"Pixel Brasil 61\" class=\"b61_pixel\" width=\"0\" height=\"0\"><\/p>\n<div class=\"br61_backlink\">\n<p>\n\t\t\t\tFonte: <a href=\"https:\/\/brasil61.com\/cafe-hoje-confira-as-cotacoes-para-esta-quinta-9-pagr255849\" title=\"Artigo Original: Caf\u00e9 hoje: confira as cota\u00e7\u00f5es para esta quinta (9)\" target=\"_blank\" rel=\"noopener\">Brasil 61<\/a>\n\t\t\t<\/p>\n<\/p><\/div>\n<input type=\"hidden\" id=\"baseurl\" value=\"https:\/\/noticiasregionais.com.br\"><input type=\"hidden\" id=\"audio_nonce\" value=\"5c13e0637f\">","protected":false},"excerpt":{"rendered":"<p>Veja os valores do caf\u00e9 ar\u00e1bica, caf\u00e9 robusta, a\u00e7\u00facar cristal e do milho no mercado<\/p>\n","protected":false},"author":1,"featured_media":10349,"comment_status":"","ping_status":"open","sticky":false,"template":"","format":"standard","meta":{"sfsi_plus_gutenberg_text_before_share":"","sfsi_plus_gutenberg_show_text_before_share":"","sfsi_plus_gutenberg_icon_type":"","sfsi_plus_gutenberg_icon_alignemt":"","sfsi_plus_gutenburg_max_per_row":"","footnotes":""},"categories":[8],"tags":[],"class_list":["post-10348","post","type-post","status-publish","format-standard","has-post-thumbnail","hentry","category-brasil"],"_links":{"self":[{"href":"https:\/\/noticiasregionais.com.br\/index.php?rest_route=\/wp\/v2\/posts\/10348","targetHints":{"allow":["GET"]}}],"collection":[{"href":"https:\/\/noticiasregionais.com.br\/index.php?rest_route=\/wp\/v2\/posts"}],"about":[{"href":"https:\/\/noticiasregionais.com.br\/index.php?rest_route=\/wp\/v2\/types\/post"}],"author":[{"embeddable":true,"href":"https:\/\/noticiasregionais.com.br\/index.php?rest_route=\/wp\/v2\/users\/1"}],"replies":[{"embeddable":true,"href":"https:\/\/noticiasregionais.com.br\/index.php?rest_route=%2Fwp%2Fv2%2Fcomments&post=10348"}],"version-history":[{"count":0,"href":"https:\/\/noticiasregionais.com.br\/index.php?rest_route=\/wp\/v2\/posts\/10348\/revisions"}],"wp:featuredmedia":[{"embeddable":true,"href":"https:\/\/noticiasregionais.com.br\/index.php?rest_route=\/wp\/v2\/media\/10349"}],"wp:attachment":[{"href":"https:\/\/noticiasregionais.com.br\/index.php?rest_route=%2Fwp%2Fv2%2Fmedia&parent=10348"}],"wp:term":[{"taxonomy":"category","embeddable":true,"href":"https:\/\/noticiasregionais.com.br\/index.php?rest_route=%2Fwp%2Fv2%2Fcategories&post=10348"},{"taxonomy":"post_tag","embeddable":true,"href":"https:\/\/noticiasregionais.com.br\/index.php?rest_route=%2Fwp%2Fv2%2Ftags&post=10348"}],"curies":[{"name":"wp","href":"https:\/\/api.w.org\/{rel}","templated":true}]}}