{"id":10350,"date":"2025-10-09T04:10:00","date_gmt":"2025-10-09T07:10:00","guid":{"rendered":"https:\/\/noticiasregionais.com.br\/?p=10350"},"modified":"2025-10-09T04:10:00","modified_gmt":"2025-10-09T07:10:00","slug":"boi-gordo-hoje-confira-as-cotacoes-para-esta-quinta-feira-9","status":"publish","type":"post","link":"https:\/\/noticiasregionais.com.br\/?p=10350","title":{"rendered":"Boi gordo hoje: confira as cota\u00e7\u00f5es para esta quinta-feira (9)"},"content":{"rendered":"<p>\t\t\t\t\t\t\t\t\t\t<audio controls class=\"b61_audio_player\" data-noticia=\"85095\" src=\"https:\/\/brasil61.com\/rails\/active_storage\/blobs\/eyJfcmFpbHMiOnsibWVzc2FnZSI6IkJBaHBBd1dwQXc9PSIsImV4cCI6bnVsbCwicHVyIjoiYmxvYl9pZCJ9fQ==--f00d4de9e482f73dcfc10629b130235a684400d0\/PAGR255848A\"><\/audio><\/p>\n<p>O pre\u00e7o do <strong>boi gordo<\/strong> registra <strong>alta de 0,36%<\/strong> nesta quinta (9)\u00a0e a arroba \u00e9 negociada a<strong> R$ 307,60<\/strong>, no estado de S\u00e3o Paulo.<\/p>\n<p><strong>INDICADOR DO BOI GORDO CEPEA\/ESALQ<\/strong><\/p>\n<table>\n<tbody>\n<tr>\n<th>Data<\/th>\n<th>Valor R$*<\/th>\n<th>Var.\/Dia<\/th>\n<th>Var.\/M\u00eas<\/th>\n<th>Valor US$*<\/th>\n<\/tr>\n<tr>\n<td>08\/10\/2025<\/td>\n<td>307,60<\/td>\n<td>0,36%<\/td>\n<td>1,15%<\/td>\n<td>57,56<\/td>\n<\/tr>\n<tr>\n<td>07\/10\/2025<\/td>\n<td>306,50<\/td>\n<td>-0,28%<\/td>\n<td>0,79%<\/td>\n<td>57,31<\/td>\n<\/tr>\n<tr>\n<td>06\/10\/2025<\/td>\n<td>307,35<\/td>\n<td>0,00%<\/td>\n<td>1,07%<\/td>\n<td>57,66<\/td>\n<\/tr>\n<tr>\n<td>03\/10\/2025<\/td>\n<td>307,35<\/td>\n<td>0,51%<\/td>\n<td>1,07%<\/td>\n<td>57,66<\/td>\n<\/tr>\n<tr>\n<td>02\/10\/2025<\/td>\n<td>305,80<\/td>\n<td>0,07%<\/td>\n<td>0,56%<\/td>\n<td>57,27<\/td>\n<\/tr>\n<\/tbody>\n<\/table>\n<h2>Pre\u00e7o do frango congelado e resfriado<\/h2>\n<p>Nos atacados da Grande S\u00e3o Paulo, S\u00e3o Jos\u00e9 do Rio Preto e Descalvado, os pre\u00e7os do <strong>frango congelado<\/strong> apresentaram <strong>alta de 1,11%\u00a0<\/strong>e do <strong>frango resfriado<\/strong>\u00a0sofreram<strong> <\/strong>uma<strong>\u00a0valoriza\u00e7\u00e3o d<\/strong><strong>e 1,23%<\/strong>. A primeira mercadoria \u00e9 vendida a<strong> R$ 8,20<\/strong>, enquanto a segunda \u00e9 comercializada a <strong>R$ 8,23<\/strong>.<\/p>\n<p><strong>PRE\u00c7OS DO FRANGO CONGELADO CEPEA\/ESALQ &#8211; ESTADO SP\u00a0<\/strong><\/p>\n<table>\n<tbody>\n<tr>\n<th>Data<\/th>\n<th>Valor R$<\/th>\n<th>Var.\/Dia<\/th>\n<th>Var.\/M\u00eas<\/th>\n<\/tr>\n<tr>\n<td>08\/10\/2025<\/td>\n<td>8,20<\/td>\n<td>1,11%<\/td>\n<td>2,63%<\/td>\n<\/tr>\n<tr>\n<td>07\/10\/2025<\/td>\n<td>8,11<\/td>\n<td>0,25%<\/td>\n<td>1,50%<\/td>\n<\/tr>\n<tr>\n<td>06\/10\/2025<\/td>\n<td>8,09<\/td>\n<td>0,25%<\/td>\n<td>1,25%<\/td>\n<\/tr>\n<tr>\n<td>03\/10\/2025<\/td>\n<td>8,07<\/td>\n<td>0,12%<\/td>\n<td>1,00%<\/td>\n<\/tr>\n<tr>\n<td>02\/10\/2025<\/td>\n<td>8,06<\/td>\n<td>0,88%<\/td>\n<td>0,88%<\/td>\n<\/tr>\n<\/tbody>\n<\/table>\n<p><strong>PRE\u00c7OS DO FRANGO RESFRIADO CEPEA\/ESALQ &#8211; ESTADO SP<\/strong><\/p>\n<table>\n<tbody>\n<tr>\n<th>Data<\/th>\n<th>Valor R$<\/th>\n<th>Var.\/Dia<\/th>\n<th>Var.\/M\u00eas<\/th>\n<\/tr>\n<tr>\n<td>08\/10\/2025<\/td>\n<td>8,23<\/td>\n<td>1,23%<\/td>\n<td>0,98%<\/td>\n<\/tr>\n<tr>\n<td>07\/10\/2025<\/td>\n<td>8,13<\/td>\n<td>0,25%<\/td>\n<td>-0,25%<\/td>\n<\/tr>\n<tr>\n<td>06\/10\/2025<\/td>\n<td>8,11<\/td>\n<td>0,25%<\/td>\n<td>-0,49%<\/td>\n<\/tr>\n<tr>\n<td>03\/10\/2025<\/td>\n<td>8,09<\/td>\n<td>0,12%<\/td>\n<td>-0,74%<\/td>\n<\/tr>\n<tr>\n<td>02\/10\/2025<\/td>\n<td>8,08<\/td>\n<td>-0,86%<\/td>\n<td>-0,86%<\/td>\n<\/tr>\n<\/tbody>\n<\/table>\n<h2>Pre\u00e7o da carca\u00e7a su\u00edna especial e su\u00edno vivo<\/h2>\n<p>A <strong>carca\u00e7a su\u00edna especial <\/strong>aponta <strong>leve recuo de 0,08%<\/strong>\u00a0no pre\u00e7o, sendo negociada a <strong>R$ 12,60\u00a0<\/strong>por quilo nos atacados da Grande S\u00e3o Paulo.\u00a0<\/p>\n<p><strong>PRE\u00c7OS DA CARCA\u00c7A SU\u00cdNA ESPECIAL (R$\/kg)<\/strong><\/p>\n<table>\n<tbody>\n<tr>\n<th>Data<\/th>\n<th>M\u00e9dia<\/th>\n<th>Var.\/Dia<\/th>\n<th>Var.\/M\u00eas<\/th>\n<\/tr>\n<tr>\n<td>08\/10\/2025<\/td>\n<td>12,60<\/td>\n<td>-0,08%<\/td>\n<td>-2,78%<\/td>\n<\/tr>\n<tr>\n<td>07\/10\/2025<\/td>\n<td>12,61<\/td>\n<td>1,12%<\/td>\n<td>-2,70%<\/td>\n<\/tr>\n<tr>\n<td>06\/10\/2025<\/td>\n<td>12,47<\/td>\n<td>-1,89%<\/td>\n<td>-3,78%<\/td>\n<\/tr>\n<tr>\n<td>03\/10\/2025<\/td>\n<td>12,71<\/td>\n<td>-1,78%<\/td>\n<td>-1,93%<\/td>\n<\/tr>\n<tr>\n<td>02\/10\/2025<\/td>\n<td>12,94<\/td>\n<td>0,00%<\/td>\n<td>-0,15%<\/td>\n<\/tr>\n<\/tbody>\n<\/table>\n<p>O pre\u00e7o do<strong> su\u00edno vivo<\/strong> registra <strong>estabilidade somente no Paran\u00e1;<\/strong>\u00a0nos estados de <strong>Minas Gerais e Santa Catarina<\/strong> h\u00e1 uma <strong>valoriza\u00e7\u00e3o de 0,12%<\/strong>.\u00a0No <strong>Rio Grande do Sul <\/strong>e em<strong> S\u00e3o Paulo<\/strong>, h\u00e1 uma\u00a0<strong>queda de 0,36% e 0,45%<\/strong>, respectivamente. As mercadorias variam entre\u00a0<strong>R$ 8,24\u00a0<\/strong>e<strong> R$8,77<\/strong>.<\/p>\n<p><strong>INDICADOR DO SU\u00cdNO VIVO CEPEA\/ESALQ (R$\/kg)\u00a0<\/strong><\/p>\n<table>\n<tbody>\n<tr>\n<th>Data<\/th>\n<th>Estado<\/th>\n<th>Valor R$*<\/th>\n<th>Var.\/Dia<\/th>\n<th>Var.\/M\u00eas<\/th>\n<\/tr>\n<tr>\n<td>08\/10\/2025<\/td>\n<td>MG &#8211; posto<\/td>\n<td>8,24<\/td>\n<td>0,12%<\/td>\n<td>-0,12%<\/td>\n<\/tr>\n<tr>\n<td>08\/10\/2025<\/td>\n<td>PR &#8211; a retirar<\/td>\n<td>8,44<\/td>\n<td>0,00%<\/td>\n<td>-1,63%<\/td>\n<\/tr>\n<tr>\n<td>08\/10\/2025<\/td>\n<td>RS &#8211; a retirar<\/td>\n<td>8,35<\/td>\n<td>-0,36%<\/td>\n<td>-0,60%<\/td>\n<\/tr>\n<tr>\n<td>08\/10\/2025<\/td>\n<td>SC &#8211; a retirar<\/td>\n<td>8,25<\/td>\n<td>0,12%<\/td>\n<td>0,00%<\/td>\n<\/tr>\n<tr>\n<td>08\/10\/2025<\/td>\n<td>SP &#8211; posto<\/td>\n<td>8,77<\/td>\n<td>-0,45%<\/td>\n<td>-1,57%<\/td>\n<\/tr>\n<\/tbody>\n<\/table>\n<p>Os valores s\u00e3o do <a href=\"http:\/\/www.cepea.org.br\" target=\"_blank\" rel=\"noopener\"><strong>Cepea<\/strong><\/a>.<\/p>\n<h2>O que \u00e9 o boi gordo? Entenda o termo do mercado bovino<\/h2>\n<p>O <strong>boi gordo \u00e9 o bovino macho pronto para o abate, com peso m\u00ednimo de 16 arrobas l\u00edquidas de carca\u00e7a (aproximadamente 240 kg) e at\u00e9 42 meses de idade<\/strong>. Atende aos padr\u00f5es do mercado nacional e internacional, incluindo exporta\u00e7\u00f5es para Europa, China e cota Hilton.<\/p>\n<h2>Diferen\u00e7as entre frango congelado e frango resfriado<\/h2>\n<p>O<strong> frango congelado passa por congelamento r\u00e1pido, com temperaturas abaixo de -12\u00b0C<\/strong>, garantindo maior vida \u00fatil para armazenamento e transporte a longas dist\u00e2ncias. J\u00e1 o<strong> frango resfriado \u00e9 mantido entre 0\u00b0C e 4\u00b0C, com validade de 5 a 7 dias<\/strong>, oferecendo textura e sabor mais pr\u00f3ximos do fresco, ideal para consumidores exigentes e restaurantes.<\/p>\n<p>\t\t\t\t\t\t\t\t\t<img decoding=\"async\" src=\"https:\/\/brasil61.com\/api\/v1\/serve_pixel\/22254\/85095\" alt=\"Pixel Brasil 61\" class=\"b61_pixel\" width=\"0\" height=\"0\"><\/p>\n<div class=\"br61_backlink\">\n<p>\n\t\t\t\tFonte: <a href=\"https:\/\/brasil61.com\/boi-gordo-hoje-confira-as-cotacoes-para-esta-quinta-feira-9-pagr255848\" title=\"Artigo Original: Boi gordo hoje: confira as cota\u00e7\u00f5es para esta quinta-feira (9)\" target=\"_blank\" rel=\"noopener\">Brasil 61<\/a>\n\t\t\t<\/p>\n<\/p><\/div>\n<input type=\"hidden\" id=\"baseurl\" value=\"https:\/\/noticiasregionais.com.br\"><input type=\"hidden\" id=\"audio_nonce\" value=\"5c13e0637f\">","protected":false},"excerpt":{"rendered":"<p>Carca\u00e7a su\u00edna especial apresenta estabilidade no PR; Frango congelado e resfriado e su\u00edno vivo apresentam reajuste no valor da mercadoria<\/p>\n","protected":false},"author":1,"featured_media":10351,"comment_status":"","ping_status":"open","sticky":false,"template":"","format":"standard","meta":{"sfsi_plus_gutenberg_text_before_share":"","sfsi_plus_gutenberg_show_text_before_share":"","sfsi_plus_gutenberg_icon_type":"","sfsi_plus_gutenberg_icon_alignemt":"","sfsi_plus_gutenburg_max_per_row":"","footnotes":""},"categories":[8],"tags":[],"class_list":["post-10350","post","type-post","status-publish","format-standard","has-post-thumbnail","hentry","category-brasil"],"_links":{"self":[{"href":"https:\/\/noticiasregionais.com.br\/index.php?rest_route=\/wp\/v2\/posts\/10350","targetHints":{"allow":["GET"]}}],"collection":[{"href":"https:\/\/noticiasregionais.com.br\/index.php?rest_route=\/wp\/v2\/posts"}],"about":[{"href":"https:\/\/noticiasregionais.com.br\/index.php?rest_route=\/wp\/v2\/types\/post"}],"author":[{"embeddable":true,"href":"https:\/\/noticiasregionais.com.br\/index.php?rest_route=\/wp\/v2\/users\/1"}],"replies":[{"embeddable":true,"href":"https:\/\/noticiasregionais.com.br\/index.php?rest_route=%2Fwp%2Fv2%2Fcomments&post=10350"}],"version-history":[{"count":0,"href":"https:\/\/noticiasregionais.com.br\/index.php?rest_route=\/wp\/v2\/posts\/10350\/revisions"}],"wp:featuredmedia":[{"embeddable":true,"href":"https:\/\/noticiasregionais.com.br\/index.php?rest_route=\/wp\/v2\/media\/10351"}],"wp:attachment":[{"href":"https:\/\/noticiasregionais.com.br\/index.php?rest_route=%2Fwp%2Fv2%2Fmedia&parent=10350"}],"wp:term":[{"taxonomy":"category","embeddable":true,"href":"https:\/\/noticiasregionais.com.br\/index.php?rest_route=%2Fwp%2Fv2%2Fcategories&post=10350"},{"taxonomy":"post_tag","embeddable":true,"href":"https:\/\/noticiasregionais.com.br\/index.php?rest_route=%2Fwp%2Fv2%2Ftags&post=10350"}],"curies":[{"name":"wp","href":"https:\/\/api.w.org\/{rel}","templated":true}]}}