{"id":10356,"date":"2025-10-09T04:25:00","date_gmt":"2025-10-09T07:25:00","guid":{"rendered":"https:\/\/noticiasregionais.com.br\/?p=10356"},"modified":"2025-10-09T04:25:00","modified_gmt":"2025-10-09T07:25:00","slug":"sobretaxas-dos-eua-ja-reduzem-em-quase-30-as-exportacoes-do-agronegocio-brasileiro","status":"publish","type":"post","link":"https:\/\/noticiasregionais.com.br\/?p=10356","title":{"rendered":"Sobretaxas dos EUA j\u00e1 reduzem em quase 30% as exporta\u00e7\u00f5es do agroneg\u00f3cio brasileiro"},"content":{"rendered":"<p>\t\t\t\t\t\t\t\t\t\t<audio controls class=\"b61_audio_player\" data-noticia=\"85093\" src=\"https:\/\/brasil61.com\/rails\/active_storage\/blobs\/eyJfcmFpbHMiOnsibWVzc2FnZSI6IkJBaHBBLzJvQXc9PSIsImV4cCI6bnVsbCwicHVyIjoiYmxvYl9pZCJ9fQ==--fb708d8f6dd9451c804e07186256672ebb9f94ac\/BRAS2514889A\"><\/audio><\/p>\n<p>Ap\u00f3s dois meses da aplica\u00e7\u00e3o das <strong>sobretaxas pelos Estados Unidos nas exporta\u00e7\u00f5es brasileiras do agroneg\u00f3cio<\/strong>, os <strong>munic\u00edpios do pa\u00eds j\u00e1 sentem os efeitos na economia local. <\/strong>De acordo com levantamento da Confedera\u00e7\u00e3o Nacional de Munic\u00edpios (<a href=\"https:\/\/cnm.org.br\/comunicacao\/noticias\/agronegocio-municipios-tem-queda-de-us-608-3-milhoes-na-economia-desde-o-inicio-do-tarifaco\" target=\"_blank\" rel=\"noopener\">CNM<\/a>), com base em dados da Secretaria de Com\u00e9rcio Exterior do Minist\u00e9rio do Desenvolvimento, Ind\u00fastria, Com\u00e9rcio e Servi\u00e7os (<a href=\"https:\/\/www.gov.br\/mdic\/pt-br\/assuntos\/comercio-exterior\" target=\"_blank\" rel=\"noopener\">MDIC<\/a>), <strong>os impactos negativos somam uma queda de 29,7%, o que representa US$ 608,3 milh\u00f5es a menos na economia dos munic\u00edpios, <\/strong>na compara\u00e7\u00e3o entre agosto e setembro de 2024.<\/p>\n<\/p>\n<p dir=\"ltr\">Os<strong> setores mais afetados incluem cana-de-a\u00e7\u00facar, produtos florestais, carne bovina e cafeicultura<\/strong>. Entre os munic\u00edpios mais impactados est\u00e3o Imperatriz (MA), com queda de US$ 27,9 milh\u00f5es; Ca\u00e7ador (SC), com redu\u00e7\u00e3o de US$ 15,3 milh\u00f5es; Mat\u00e3o (SP) e Tr\u00eas Lagoas (MG), ambos com perdas de US$ 26 milh\u00f5es; e Lins (SP), com queda de US$ 12,5 milh\u00f5es.<\/p>\n<p dir=\"ltr\">A <strong>CNM alerta para a necessidade de pol\u00edticas p\u00fablicas que minimizem os efeitos das sobretaxas e busquem alternativas para fortalecer o com\u00e9rcio exterior brasileiro<\/strong>, visando a recupera\u00e7\u00e3o econ\u00f4mica dos munic\u00edpios afetados.<\/p>\n<p dir=\"ltr\">As informa\u00e7\u00f5es s\u00e3o da <a href=\"https:\/\/cnm.org.br\/comunicacao\/noticias\/agronegocio-municipios-tem-queda-de-us-608-3-milhoes-na-economia-desde-o-inicio-do-tarifaco\" target=\"_blank\" rel=\"noopener\">Confedera\u00e7\u00e3o Nacional de Munic\u00edpios<\/a><\/p>\n<p>\t\t\t\t\t\t\t\t\t<img decoding=\"async\" src=\"https:\/\/brasil61.com\/api\/v1\/serve_pixel\/22254\/85093\" alt=\"Pixel Brasil 61\" class=\"b61_pixel\" width=\"0\" height=\"0\"><\/p>\n<div class=\"br61_backlink\">\n<p>\n\t\t\t\tFonte: <a href=\"https:\/\/brasil61.com\/sobretaxas-dos-eua-ja-reduzem-em-quase-30-as-exportacoes-do-agronegocio-brasileiro-bras2514889\" title=\"Artigo Original: Sobretaxas dos EUA j\u00e1 reduzem em quase 30% as exporta\u00e7\u00f5es do agroneg\u00f3cio brasileiro\" target=\"_blank\" rel=\"noopener\">Brasil 61<\/a>\n\t\t\t<\/p>\n<\/p><\/div>\n<input type=\"hidden\" id=\"baseurl\" value=\"https:\/\/noticiasregionais.com.br\"><input type=\"hidden\" id=\"audio_nonce\" value=\"296231ceac\">","protected":false},"excerpt":{"rendered":"<p>Levantamento da CNM aponta perdas de mais de US$ 600 milh\u00f5es na economia dos munic\u00edpios, com impactos concentrados em setores como cana-de-a\u00e7\u00facar, carne bovina e caf\u00e9<\/p>\n","protected":false},"author":1,"featured_media":10357,"comment_status":"","ping_status":"open","sticky":false,"template":"","format":"standard","meta":{"sfsi_plus_gutenberg_text_before_share":"","sfsi_plus_gutenberg_show_text_before_share":"","sfsi_plus_gutenberg_icon_type":"","sfsi_plus_gutenberg_icon_alignemt":"","sfsi_plus_gutenburg_max_per_row":"","footnotes":""},"categories":[8],"tags":[],"class_list":["post-10356","post","type-post","status-publish","format-standard","has-post-thumbnail","hentry","category-brasil"],"_links":{"self":[{"href":"https:\/\/noticiasregionais.com.br\/index.php?rest_route=\/wp\/v2\/posts\/10356","targetHints":{"allow":["GET"]}}],"collection":[{"href":"https:\/\/noticiasregionais.com.br\/index.php?rest_route=\/wp\/v2\/posts"}],"about":[{"href":"https:\/\/noticiasregionais.com.br\/index.php?rest_route=\/wp\/v2\/types\/post"}],"author":[{"embeddable":true,"href":"https:\/\/noticiasregionais.com.br\/index.php?rest_route=\/wp\/v2\/users\/1"}],"replies":[{"embeddable":true,"href":"https:\/\/noticiasregionais.com.br\/index.php?rest_route=%2Fwp%2Fv2%2Fcomments&post=10356"}],"version-history":[{"count":0,"href":"https:\/\/noticiasregionais.com.br\/index.php?rest_route=\/wp\/v2\/posts\/10356\/revisions"}],"wp:featuredmedia":[{"embeddable":true,"href":"https:\/\/noticiasregionais.com.br\/index.php?rest_route=\/wp\/v2\/media\/10357"}],"wp:attachment":[{"href":"https:\/\/noticiasregionais.com.br\/index.php?rest_route=%2Fwp%2Fv2%2Fmedia&parent=10356"}],"wp:term":[{"taxonomy":"category","embeddable":true,"href":"https:\/\/noticiasregionais.com.br\/index.php?rest_route=%2Fwp%2Fv2%2Fcategories&post=10356"},{"taxonomy":"post_tag","embeddable":true,"href":"https:\/\/noticiasregionais.com.br\/index.php?rest_route=%2Fwp%2Fv2%2Ftags&post=10356"}],"curies":[{"name":"wp","href":"https:\/\/api.w.org\/{rel}","templated":true}]}}