{"id":10358,"date":"2025-10-09T04:30:00","date_gmt":"2025-10-09T07:30:00","guid":{"rendered":"https:\/\/noticiasregionais.com.br\/?p=10358"},"modified":"2025-10-09T04:30:00","modified_gmt":"2025-10-09T07:30:00","slug":"turismo-rural-o-que-preve-a-politica-nacional-aprovada-para-o-setor","status":"publish","type":"post","link":"https:\/\/noticiasregionais.com.br\/?p=10358","title":{"rendered":"Turismo rural: o que prev\u00ea a pol\u00edtica nacional aprovada para o setor?"},"content":{"rendered":"<p>\t\t\t\t\t\t\t\t\t\t<audio controls class=\"b61_audio_player\" data-noticia=\"85082\" src=\"https:\/\/brasil61.com\/rails\/active_storage\/blobs\/eyJfcmFpbHMiOnsibWVzc2FnZSI6IkJBaHBBLytvQXc9PSIsImV4cCI6bnVsbCwicHVyIjoiYmxvYl9pZCJ9fQ==--90d4592d907653bdf55848d3d6f66011caec70e5\/BRAS2514883A\"><\/audio><\/p>\n<p style=\"text-align: justify\">A <strong>Comiss\u00e3o de Constitui\u00e7\u00e3o e Justi\u00e7a (CCJ)<\/strong> da C\u00e2mara dos Deputados aprovou com parecer favor\u00e1vel a cria\u00e7\u00e3o da <strong>Pol\u00edtica Nacional de Turismo Rural<\/strong> (<a href=\"https:\/\/www.camara.leg.br\/proposicoesWeb\/fichadetramitacao?idProposicao=2261189\" target=\"_blank\" rel=\"noopener\">PL 4395\/20<\/a>), proposta pelos deputados Evair de Melo (PP-ES) e Greyce Elias (Avante-MG). O projeto tem como objetivo estimular atividades tur\u00edsticas no meio rural, fortalecer a agricultura familiar e gerar novas oportunidades de renda para comunidades do campo.<\/p>\n<p style=\"text-align: justify\">O projeto de lei caracteriza o <strong>turismo rural<\/strong> como o conjunto de atividades voltadas a <strong>propriedades rurais<\/strong>, que pode incluir hospedagem, alimenta\u00e7\u00e3o, lazer, a\u00e7\u00f5es pedag\u00f3gicas e visita\u00e7\u00e3o, e que promovem o\u00a0contato direto com a rotina e tradi\u00e7\u00f5es locais.\u00a0<\/p>\n<p style=\"text-align: justify\">A pol\u00edtica tamb\u00e9m estabelece diretrizes voltadas \u00e0 <strong>preserva\u00e7\u00e3o ambiental<\/strong> e <strong>sustentabilidade<\/strong>. Entre os princ\u00edpios est\u00e3o a diversifica\u00e7\u00e3o das atividades no campo, incentivo \u00e0 qualidade dos produtos e o fortalecimento das marcas regionais por meio de selos de origem e qualidade.\u00a0<\/p>\n<p style=\"text-align: justify\">Para o deputado Evair de Melo, a iniciativa representa um avan\u00e7o estrat\u00e9gico para o desenvolvimento sustent\u00e1vel.<\/p>\n<p style=\"text-align: justify\">\u201cA nova pol\u00edtica representa um passo decisivo para integrar o campo \u00e0s oportunidades econ\u00f4micas do turismo sustent\u00e1vel\u201d, afirmou.<\/p>\n<p style=\"text-align: justify\">A coautora Greyce Elias destacou que o plano dever\u00e1 orientar a\u00e7\u00f5es conjuntas entre governo e produtores para estruturar e qualificar o setor.<\/p>\n<p style=\"text-align: justify\">\u201cO texto prev\u00ea que o Poder P\u00fablico apoiar\u00e1 os empreendimentos do setor por meio de cr\u00e9dito, assist\u00eancia t\u00e9cnica e extens\u00e3o rural. Al\u00e9m disso, cria o Plano Nacional para o Turismo Rural, com vig\u00eancia de cinco anos, que dever\u00e1 definir metas, prioridades e instrumentos de execu\u00e7\u00e3o da pol\u00edtica\u201d, explicou.<\/p>\n<p style=\"text-align: justify\">Em <a href=\"https:\/\/www.camara.leg.br\/radio\/programas\/painel-eletronico\/1197116-deputada-fernanda-pessoa-fomento-ao-turismo-rural-valoriza-o-produtor-e-permite-integracao-entre-campo-e-cidade\/\" target=\"_blank\" rel=\"noopener\">entrevista <\/a>\u00e0 R\u00e1dio C\u00e2mara, a relatora Fernanda Pessoa (Uni\u00e3o-CE) ressaltou o potencial do turismo rural como ferramenta de<strong> integra\u00e7\u00e3o entre cidade e campo<\/strong>.<\/p>\n<p style=\"text-align: justify\">\u201c\u00c0s vezes, uma fazenda que est\u00e1 totalmente estruturada, tem quartos arejados, tem a estrutura de receber esse turista e precisa, muitas vezes, apenas de uma capacita\u00e7\u00e3o, de linha de cr\u00e9dito e com isso a gente vai fazer o qu\u00ea? Que as pessoas que moram na cidade, que n\u00e3o conhecem, principalmente a gente v\u00ea hoje as nossas crian\u00e7as, \u00e0s vezes n\u00e3o sabem como \u00e9 que chega o leite\u201d, exemplificou.<\/p>\n<p style=\"text-align: justify\">A proposta segue agora para an\u00e1lise no <strong>Senado<\/strong>.\u00a0<\/p>\n<p style=\"text-align: justify\">Com informa\u00e7\u00f5es da <a href=\"https:\/\/agencia.fpagropecuaria.org.br\/2025\/10\/07\/ccj-aprova-criacao-da-politica-nacional-de-turismo-rural\/\" target=\"_blank\" rel=\"noopener\">Ag\u00eancia FPA<\/a> e R\u00e1dio C\u00e2mara.\u00a0<\/p>\n<p>\t\t\t\t\t\t\t\t\t<img decoding=\"async\" src=\"https:\/\/brasil61.com\/api\/v1\/serve_pixel\/22254\/85082\" alt=\"Pixel Brasil 61\" class=\"b61_pixel\" width=\"0\" height=\"0\"><\/p>\n<div class=\"br61_backlink\">\n<p>\n\t\t\t\tFonte: <a href=\"https:\/\/brasil61.com\/turismo-rural-o-que-preve-a-politica-nacional-aprovada-para-o-setor-bras2514883\" title=\"Artigo Original: Turismo rural: o que prev\u00ea a pol\u00edtica nacional aprovada para o setor?\" target=\"_blank\" rel=\"noopener\">Brasil 61<\/a>\n\t\t\t<\/p>\n<\/p><\/div>\n<input type=\"hidden\" id=\"baseurl\" value=\"https:\/\/noticiasregionais.com.br\"><input type=\"hidden\" id=\"audio_nonce\" value=\"296231ceac\">","protected":false},"excerpt":{"rendered":"<p>Proposta busca fortalecer a agricultura familiar, incentivar o turismo sustent\u00e1vel no campo e ampliar a gera\u00e7\u00e3o de renda nas comunidades rurais.<\/p>\n","protected":false},"author":1,"featured_media":10359,"comment_status":"","ping_status":"open","sticky":false,"template":"","format":"standard","meta":{"sfsi_plus_gutenberg_text_before_share":"","sfsi_plus_gutenberg_show_text_before_share":"","sfsi_plus_gutenberg_icon_type":"","sfsi_plus_gutenberg_icon_alignemt":"","sfsi_plus_gutenburg_max_per_row":"","footnotes":""},"categories":[8],"tags":[],"class_list":["post-10358","post","type-post","status-publish","format-standard","has-post-thumbnail","hentry","category-brasil"],"_links":{"self":[{"href":"https:\/\/noticiasregionais.com.br\/index.php?rest_route=\/wp\/v2\/posts\/10358","targetHints":{"allow":["GET"]}}],"collection":[{"href":"https:\/\/noticiasregionais.com.br\/index.php?rest_route=\/wp\/v2\/posts"}],"about":[{"href":"https:\/\/noticiasregionais.com.br\/index.php?rest_route=\/wp\/v2\/types\/post"}],"author":[{"embeddable":true,"href":"https:\/\/noticiasregionais.com.br\/index.php?rest_route=\/wp\/v2\/users\/1"}],"replies":[{"embeddable":true,"href":"https:\/\/noticiasregionais.com.br\/index.php?rest_route=%2Fwp%2Fv2%2Fcomments&post=10358"}],"version-history":[{"count":0,"href":"https:\/\/noticiasregionais.com.br\/index.php?rest_route=\/wp\/v2\/posts\/10358\/revisions"}],"wp:featuredmedia":[{"embeddable":true,"href":"https:\/\/noticiasregionais.com.br\/index.php?rest_route=\/wp\/v2\/media\/10359"}],"wp:attachment":[{"href":"https:\/\/noticiasregionais.com.br\/index.php?rest_route=%2Fwp%2Fv2%2Fmedia&parent=10358"}],"wp:term":[{"taxonomy":"category","embeddable":true,"href":"https:\/\/noticiasregionais.com.br\/index.php?rest_route=%2Fwp%2Fv2%2Fcategories&post=10358"},{"taxonomy":"post_tag","embeddable":true,"href":"https:\/\/noticiasregionais.com.br\/index.php?rest_route=%2Fwp%2Fv2%2Ftags&post=10358"}],"curies":[{"name":"wp","href":"https:\/\/api.w.org\/{rel}","templated":true}]}}