{"id":10362,"date":"2025-10-09T04:35:00","date_gmt":"2025-10-09T07:35:00","guid":{"rendered":"https:\/\/noticiasregionais.com.br\/?p=10362"},"modified":"2025-10-09T04:35:00","modified_gmt":"2025-10-09T07:35:00","slug":"municipios-em-emergencia-terao-prioridade-no-recebimento-de-alimentos-do-paa","status":"publish","type":"post","link":"https:\/\/noticiasregionais.com.br\/?p=10362","title":{"rendered":"Munic\u00edpios em emerg\u00eancia ter\u00e3o prioridade no recebimento de alimentos do PAA"},"content":{"rendered":"<p>\t\t\t\t\t\t\t\t\t\t<audio controls class=\"b61_audio_player\" data-noticia=\"85092\" src=\"https:\/\/brasil61.com\/rails\/active_storage\/blobs\/eyJfcmFpbHMiOnsibWVzc2FnZSI6IkJBaHBBd0NwQXc9PSIsImV4cCI6bnVsbCwicHVyIjoiYmxvYl9pZCJ9fQ==--831ee1d28bfcb7e5c35a5b73decc8db42cd7eb60\/BRAS2514888A\"><\/audio><\/p>\n<p><strong>Munic\u00edpios em situa\u00e7\u00e3o de emerg\u00eancia ou estado de calamidade ter\u00e3o prioridade no recebimento de alimentos de agricultores familiares do Programa de Aquisi\u00e7\u00e3o de Alimentos<\/strong> (PAA). A nova <a href=\"https:\/\/www.in.gov.br\/en\/web\/dou\/-\/lei-n-15.227-de-30-de-setembro-de-2025-659512960\" target=\"_blank\" rel=\"noopener\">Lei n\u00ba 15.227<\/a>, sancionada em 30 de setembro deste ano, altera a Lei 14.628.\u00a0<\/p>\n<\/p>\n<p style=\"text-align: justify\">Durante situa\u00e7\u00f5es de emerg\u00eancia reconhecidas por decreto federal, os munic\u00edpios atingidos ter\u00e3o prioridade nas a\u00e7\u00f5es do Programa \u2014 tanto na compra direta de produtos da agricultura familiar quanto na sua distribui\u00e7\u00e3o.\u00a0<\/p>\n<p style=\"text-align: justify\">O senador Alan Rick (UNI\u00c3O-AC) autor do projeto original (PL 2708\/2024) justifica que <strong>eventos clim\u00e1ticos extremos agravam a inseguran\u00e7a alimentar<\/strong> e afetam a produ\u00e7\u00e3o dos pequenos agricultores, tornando urgente criar medidas que garantam apoio aos mais vulner\u00e1veis.<\/p>\n<p style=\"text-align: justify\"><span style=\"font-size:18px\">O que \u00e9 o PAA e como funciona<\/span><\/p>\n<p style=\"text-align: justify\">O <a href=\"https:\/\/www.gov.br\/mds\/pt-br\/acoes-e-programas\/acesso-a-alimentos-e-a-agua\/programa-de-aquisicao-de-alimentos\" target=\"_blank\" rel=\"noopener\">Programa de Aquisi\u00e7\u00e3o de Alimentos<\/a> promove o acesso das pessoas \u00e0 alimenta\u00e7\u00e3o, sobretudo as mais vulner\u00e1veis, e incentiva a produ\u00e7\u00e3o da Agricultura Familiar.\u00a0<\/p>\n<p style=\"text-align: justify\">A execu\u00e7\u00e3o do PAA \u00e9 feita pelo Minist\u00e9rio do Desenvolvimento Social e Combate \u00e0 Fome (MDS) em parceria com estados, Distrito Federal, munic\u00edpios, e a Companhia Nacional de Abastecimento (Conab).\u00a0<\/p>\n<p style=\"text-align: justify\"><strong>Os alimentos s\u00e3o adquiridos de agricultores familiares. <\/strong>S\u00e3o destinados por doa\u00e7\u00e3o a pessoas em situa\u00e7\u00e3o de inseguran\u00e7a alimentar e nutricional atendidas por entidades da rede socioassistencial, equipamentos de alimenta\u00e7\u00e3o e nutri\u00e7\u00e3o, rede p\u00fablica e filantr\u00f3pica de sa\u00fade, educa\u00e7\u00e3o e justi\u00e7a.<\/p>\n<p style=\"text-align: justify\">Com informa\u00e7\u00f5es da <a href=\"https:\/\/www12.senado.leg.br\/noticias\/materias\/2025\/10\/01\/lei-da-prioridade-a-areas-de-desastres-para-receber-alimentos-do-paa#:~:text=A%20compra%20e%20a%20distribui%C3%A7%C3%A3o,no%20Di%C3%A1rio%20Oficial%20da%20Uni%C3%A3o\" target=\"_blank\" rel=\"noopener\">Ag\u00eancia Senado<\/a><br \/>\n\u00a0<\/p>\n<p dir=\"ltr\">\u00a0<\/p>\n<p>\t\t\t\t\t\t\t\t\t<img decoding=\"async\" src=\"https:\/\/brasil61.com\/api\/v1\/serve_pixel\/22254\/85092\" alt=\"Pixel Brasil 61\" class=\"b61_pixel\" width=\"0\" height=\"0\"><\/p>\n<div class=\"br61_backlink\">\n<p>\n\t\t\t\tFonte: <a href=\"https:\/\/brasil61.com\/municipios-em-emergencia-terao-prioridade-no-recebimento-de-alimentos-do-paa-bras2514888\" title=\"Artigo Original: Munic\u00edpios em emerg\u00eancia ter\u00e3o prioridade no recebimento de alimentos do PAA\" target=\"_blank\" rel=\"noopener\">Brasil 61<\/a>\n\t\t\t<\/p>\n<\/p><\/div>\n<input type=\"hidden\" id=\"baseurl\" value=\"https:\/\/noticiasregionais.com.br\"><input type=\"hidden\" id=\"audio_nonce\" value=\"5c13e0637f\">","protected":false},"excerpt":{"rendered":"<p>Nova lei garante que cidades afetadas por desastres recebam com prioridade produtos do Programa de Aquisi\u00e7\u00e3o de Alimentos<\/p>\n","protected":false},"author":1,"featured_media":10363,"comment_status":"","ping_status":"open","sticky":false,"template":"","format":"standard","meta":{"sfsi_plus_gutenberg_text_before_share":"","sfsi_plus_gutenberg_show_text_before_share":"","sfsi_plus_gutenberg_icon_type":"","sfsi_plus_gutenberg_icon_alignemt":"","sfsi_plus_gutenburg_max_per_row":"","footnotes":""},"categories":[8],"tags":[],"class_list":["post-10362","post","type-post","status-publish","format-standard","has-post-thumbnail","hentry","category-brasil"],"_links":{"self":[{"href":"https:\/\/noticiasregionais.com.br\/index.php?rest_route=\/wp\/v2\/posts\/10362","targetHints":{"allow":["GET"]}}],"collection":[{"href":"https:\/\/noticiasregionais.com.br\/index.php?rest_route=\/wp\/v2\/posts"}],"about":[{"href":"https:\/\/noticiasregionais.com.br\/index.php?rest_route=\/wp\/v2\/types\/post"}],"author":[{"embeddable":true,"href":"https:\/\/noticiasregionais.com.br\/index.php?rest_route=\/wp\/v2\/users\/1"}],"replies":[{"embeddable":true,"href":"https:\/\/noticiasregionais.com.br\/index.php?rest_route=%2Fwp%2Fv2%2Fcomments&post=10362"}],"version-history":[{"count":0,"href":"https:\/\/noticiasregionais.com.br\/index.php?rest_route=\/wp\/v2\/posts\/10362\/revisions"}],"wp:featuredmedia":[{"embeddable":true,"href":"https:\/\/noticiasregionais.com.br\/index.php?rest_route=\/wp\/v2\/media\/10363"}],"wp:attachment":[{"href":"https:\/\/noticiasregionais.com.br\/index.php?rest_route=%2Fwp%2Fv2%2Fmedia&parent=10362"}],"wp:term":[{"taxonomy":"category","embeddable":true,"href":"https:\/\/noticiasregionais.com.br\/index.php?rest_route=%2Fwp%2Fv2%2Fcategories&post=10362"},{"taxonomy":"post_tag","embeddable":true,"href":"https:\/\/noticiasregionais.com.br\/index.php?rest_route=%2Fwp%2Fv2%2Ftags&post=10362"}],"curies":[{"name":"wp","href":"https:\/\/api.w.org\/{rel}","templated":true}]}}