{"id":1037,"date":"2023-11-01T07:04:33","date_gmt":"2023-11-01T10:04:33","guid":{"rendered":"https:\/\/noticiasregionais.com.br\/?p=1037"},"modified":"2023-11-01T07:04:44","modified_gmt":"2023-11-01T10:04:44","slug":"vereador-pede-que-prefeitura-compre-um-aparelho-de-ultrassom-para-a-upa","status":"publish","type":"post","link":"https:\/\/noticiasregionais.com.br\/?p=1037","title":{"rendered":"Vereador pede que Prefeitura compre um aparelho de ultrassom para a UPA"},"content":{"rendered":"\n<p class=\"has-text-align-center\"><strong>O vereador Guilherme Gon\u00e7alves apresentou o Requerimento n\u00ba1601\/2023 solicitando informa\u00e7\u00f5es sobre a possibilidade da Prefeitura adquirir um aparelho de ultrassom para a UPA.<\/strong><\/p>\n\n\n\n<p>\u201cConsidero esse pedido como sendo de todas as m\u00e3es da nossa cidade. Desde aquela que est\u00e1 gr\u00e1vida at\u00e9 a que j\u00e1 tem filho e sabe o que \u00e9 ter a paz de um diagn\u00f3stico. Estou aqui para buscar uma solu\u00e7\u00e3o e podem ter certeza que, se esse pedido for atendido, vai alegrar muitas m\u00e3es e pais\u201d, disse o vereador.<\/p>\n\n\n\n<p>Guilherme ressaltou que \u00e9 muito dif\u00edcil para as fam\u00edlias juntar dinheiro para fazer exame. \u201cEsse aparelho de ultrassom \u00e9 importante para toda a cidade, pois os pacientes poder\u00e3o ter um diagn\u00f3stico precoce e realizar o tratamento mais r\u00e1pido\u201d.<\/p>\n\n\n\n<p>Por fim, o parlamentar solicitou que o Poder Executivo olhe com aten\u00e7\u00e3o esse Requerimento. \u201cPais e m\u00e3es que est\u00e3o vendo esse pedido: pe\u00e7o que nos ajudem na divulga\u00e7\u00e3o dessa mat\u00e9ria. Compartilhem. Vamos juntos buscar uma solu\u00e7\u00e3o, pois v\u00e1rios problemas podem ser resolvidos com a compra desse aparelho de ultrassom\u201d.<\/p>\n\n\n\n<p><strong><sub>fonte: Assessoria de Comunica\u00e7\u00e3o da C\u00e2mara Municipal de Ourinhos<\/sub><\/strong><\/p>\n<input type=\"hidden\" id=\"baseurl\" value=\"https:\/\/noticiasregionais.com.br\"><input type=\"hidden\" id=\"audio_nonce\" value=\"533fbb67b1\">","protected":false},"excerpt":{"rendered":"<p>O vereador Guilherme Gon\u00e7alves apresentou o Requerimento n\u00ba1601\/2023 solicitando informa\u00e7\u00f5es sobre a possibilidade da Prefeitura adquirir um aparelho de ultrassom&hellip;<\/p>\n","protected":false},"author":1,"featured_media":1038,"comment_status":"closed","ping_status":"open","sticky":false,"template":"","format":"standard","meta":{"sfsi_plus_gutenberg_text_before_share":"","sfsi_plus_gutenberg_show_text_before_share":"","sfsi_plus_gutenberg_icon_type":"","sfsi_plus_gutenberg_icon_alignemt":"","sfsi_plus_gutenburg_max_per_row":"","footnotes":""},"categories":[5,12,1],"tags":[],"class_list":["post-1037","post","type-post","status-publish","format-standard","has-post-thumbnail","hentry","category-ourinhos","category-capa","category-noticias"],"_links":{"self":[{"href":"https:\/\/noticiasregionais.com.br\/index.php?rest_route=\/wp\/v2\/posts\/1037","targetHints":{"allow":["GET"]}}],"collection":[{"href":"https:\/\/noticiasregionais.com.br\/index.php?rest_route=\/wp\/v2\/posts"}],"about":[{"href":"https:\/\/noticiasregionais.com.br\/index.php?rest_route=\/wp\/v2\/types\/post"}],"author":[{"embeddable":true,"href":"https:\/\/noticiasregionais.com.br\/index.php?rest_route=\/wp\/v2\/users\/1"}],"replies":[{"embeddable":true,"href":"https:\/\/noticiasregionais.com.br\/index.php?rest_route=%2Fwp%2Fv2%2Fcomments&post=1037"}],"version-history":[{"count":1,"href":"https:\/\/noticiasregionais.com.br\/index.php?rest_route=\/wp\/v2\/posts\/1037\/revisions"}],"predecessor-version":[{"id":1039,"href":"https:\/\/noticiasregionais.com.br\/index.php?rest_route=\/wp\/v2\/posts\/1037\/revisions\/1039"}],"wp:featuredmedia":[{"embeddable":true,"href":"https:\/\/noticiasregionais.com.br\/index.php?rest_route=\/wp\/v2\/media\/1038"}],"wp:attachment":[{"href":"https:\/\/noticiasregionais.com.br\/index.php?rest_route=%2Fwp%2Fv2%2Fmedia&parent=1037"}],"wp:term":[{"taxonomy":"category","embeddable":true,"href":"https:\/\/noticiasregionais.com.br\/index.php?rest_route=%2Fwp%2Fv2%2Fcategories&post=1037"},{"taxonomy":"post_tag","embeddable":true,"href":"https:\/\/noticiasregionais.com.br\/index.php?rest_route=%2Fwp%2Fv2%2Ftags&post=1037"}],"curies":[{"name":"wp","href":"https:\/\/api.w.org\/{rel}","templated":true}]}}