{"id":10376,"date":"2025-10-10T04:30:00","date_gmt":"2025-10-10T07:30:00","guid":{"rendered":"https:\/\/noticiasregionais.com.br\/?p=10376"},"modified":"2025-10-10T04:30:00","modified_gmt":"2025-10-10T07:30:00","slug":"prazo-para-municipios-emitirem-ordem-de-servico-do-novo-pac-saude-termina-em-15-de-outubro","status":"publish","type":"post","link":"https:\/\/noticiasregionais.com.br\/?p=10376","title":{"rendered":"Prazo para munic\u00edpios emitirem ordem de servi\u00e7o do Novo PAC Sa\u00fade termina em 15 de outubro"},"content":{"rendered":"<p>\t\t\t\t\t\t\t\t\t\t<audio controls class=\"b61_audio_player\" data-noticia=\"85113\" src=\"https:\/\/brasil61.com\/rails\/active_storage\/blobs\/eyJfcmFpbHMiOnsibWVzc2FnZSI6IkJBaHBBODJwQXc9PSIsImV4cCI6bnVsbCwicHVyIjoiYmxvYl9pZCJ9fQ==--4e8a01046c1ca751ef2a67d2d85eb6a52ef362f6\/BRAS2514896A\"><\/audio><\/p>\n<p>Os munic\u00edpios contemplados pela <strong>Sele\u00e7\u00e3o 2023 do Novo PAC<\/strong> na \u00e1rea de sa\u00fade t\u00eam at\u00e9<strong> 15 de outubro de 2025<\/strong> para emitir a ordem de servi\u00e7o das obras previstas; caso o edital de licita\u00e7\u00e3o n\u00e3o seja publicado at\u00e9 essa data, o munic\u00edpio corre o risco de ter a proposta cancelada.<\/p>\n<\/p>\n<p style=\"text-align: justify\">Para auxiliar os gestores locais, o <strong>Minist\u00e9rio da Sa\u00fade<\/strong> disponibilizou projetos referenciais de <a href=\"https:\/\/www.gov.br\/saude\/pt-br\/assuntos\/novo-pac-saude\/projetos-arquitetonicos\" target=\"_blank\" rel=\"noopener\">arquitetura e engenharia<\/a>, autorizou o uso de projetos pr\u00f3prios\u00a0e ofereceu <a href=\"https:\/\/www.gov.br\/saude\/pt-br\/assuntos\/novo-pac-saude\/kit-licitacao\" target=\"_blank\" rel=\"noopener\">kits licita\u00e7\u00e3o<\/a> com modelos de documentos, al\u00e9m de ter obtido homologa\u00e7\u00e3o da <strong>Anvisa <\/strong>para facilitar aprova\u00e7\u00f5es sanit\u00e1rias.\u00a0<\/p>\n<p style=\"text-align: justify\">O <strong>processo de execu\u00e7\u00e3o segue quatro etapas<\/strong>: a\u00e7\u00e3o preparat\u00f3ria, in\u00edcio das obras, conclus\u00e3o das obras e, finalmente, a entrada em funcionamento do estabelecimento, registrada no Cadastro Nacional de Estabelecimentos de Sa\u00fade (CNES).\u00a0<\/p>\n<p style=\"text-align: justify\">\u00a0A atualiza\u00e7\u00e3o do andamento das obras deve ser feita pelo sistema <a href=\"https:\/\/sismob.saude.gov.br\/sismob2\/#\" target=\"_blank\" rel=\"noopener\">Sismob<\/a>.\u00a0<\/p>\n<p style=\"text-align: justify\"><span style=\"font-size:20px\">Munic\u00edpios contemplados<\/span><br \/>\nConfira a lista com os munic\u00edpios contemplados em cada modalidade:\u00a0<\/p>\n<ul>\n<li style=\"text-align: justify\">Policl\u00ednicas: 55 unidades em 54 munic\u00edpios | <a href=\"https:\/\/www.gov.br\/casacivil\/pt-br\/novopac\/selecoes\/eixos\/saude\/policlinicas\" target=\"_blank\" rel=\"noopener\">CLIQUE AQUI<\/a>\u00a0<\/li>\n<li style=\"text-align: justify\">Novas Ambul\u00e2ncias \u2013 SAMU: 350 unidades em 224 munic\u00edpios | <a href=\"https:\/\/www.gov.br\/casacivil\/pt-br\/novopac\/selecoes\/eixos\/saude\/ambulancias-samu\" target=\"_blank\" rel=\"noopener\">CLIQUE AQUI\u00a0<\/a><\/li>\n<li style=\"text-align: justify\">Centrais de Regula\u00e7\u00e3o \u2013 SAMU: 14 unidades em 14 munic\u00edpios \u00a0| <a href=\"https:\/\/www.gov.br\/casacivil\/pt-br\/novopac\/selecoes\/eixos\/saude\/centrais-de-regulacao-samu\" target=\"_blank\" rel=\"noopener\">CLIQUE AQUI<\/a>\u00a0<\/li>\n<li style=\"text-align: justify\">Unidades B\u00e1sicas de Sa\u00fade (UBS): 1.800 unidades em 1.514 munic\u00edpios \u00a0| <a href=\"https:\/\/www.gov.br\/casacivil\/pt-br\/novopac\/selecoes\/eixos\/saude\/unidades-basicas-de-saude\" target=\"_blank\" rel=\"noopener\">CLIQUE AQUI\u00a0<\/a><\/li>\n<li style=\"text-align: justify\">Unidades Odontol\u00f3gicas M\u00f3veis (UOM): 400 unidades em 396 munic\u00edpios \u00a0| <a href=\"https:\/\/www.gov.br\/casacivil\/pt-br\/novopac\/selecoes\/eixos\/saude\/unidades-odontologicas-moveis\" target=\"_blank\" rel=\"noopener\">CLIQUE AQUI\u00a0<\/a><\/li>\n<li style=\"text-align: justify\">Centros de Aten\u00e7\u00e3o Psicossocial (CAPS): 150 unidades em 148 munic\u00edpios \u00a0| <a href=\"https:\/\/www.gov.br\/casacivil\/pt-br\/novopac\/selecoes\/eixos\/saude\/centros-de-atencao-psicossocial\" target=\"_blank\" rel=\"noopener\">CLIQUE AQUI\u00a0<\/a><\/li>\n<li style=\"text-align: justify\">Maternidade: 36 unidades em 36 munic\u00edpios \u00a0| <a href=\"https:\/\/www.gov.br\/casacivil\/pt-br\/novopac\/selecoes\/eixos\/saude\/maternidades\" target=\"_blank\" rel=\"noopener\">CLIQUE AQUI <\/a>\u00a0<\/li>\n<\/ul>\n<p style=\"text-align: justify\">Confira os outros <a href=\"https:\/\/www.gov.br\/casacivil\/pt-br\/novopac\/selecoes\/resultados-da-selecoes\" target=\"_blank\" rel=\"noopener\">AQUI<\/a>.<\/p>\n<p style=\"text-align: justify\">Com informa\u00e7\u00f5es do NOVO PAC.\u00a0<br \/>\n\u00a0<\/p>\n<p>\t\t\t\t\t\t\t\t\t<img decoding=\"async\" src=\"https:\/\/brasil61.com\/api\/v1\/serve_pixel\/22254\/85113\" alt=\"Pixel Brasil 61\" class=\"b61_pixel\" width=\"0\" height=\"0\"><\/p>\n<div class=\"br61_backlink\">\n<p>\n\t\t\t\tFonte: <a href=\"https:\/\/brasil61.com\/prazo-para-municipios-emitirem-ordem-de-servico-do-novo-pac-saude-termina-em-15-de-outubro-bras2514896\" title=\"Artigo Original: Prazo para munic\u00edpios emitirem ordem de servi\u00e7o do Novo PAC Sa\u00fade termina em 15 de outubro\" target=\"_blank\" rel=\"noopener\">Brasil 61<\/a>\n\t\t\t<\/p>\n<\/p><\/div>\n<input type=\"hidden\" id=\"baseurl\" value=\"https:\/\/noticiasregionais.com.br\"><input type=\"hidden\" id=\"audio_nonce\" value=\"533fbb67b1\">","protected":false},"excerpt":{"rendered":"<p>Munic\u00edpios aprovados na Sele\u00e7\u00e3o 2023 t\u00eam at\u00e9 15 de outubro de 2025 para iniciar obras de unidades de sa\u00fade. Quem n\u00e3o publicar o edital de licita\u00e7\u00e3o corre risco de cancelamento da proposta<\/p>\n","protected":false},"author":1,"featured_media":10377,"comment_status":"","ping_status":"open","sticky":false,"template":"","format":"standard","meta":{"sfsi_plus_gutenberg_text_before_share":"","sfsi_plus_gutenberg_show_text_before_share":"","sfsi_plus_gutenberg_icon_type":"","sfsi_plus_gutenberg_icon_alignemt":"","sfsi_plus_gutenburg_max_per_row":"","footnotes":""},"categories":[8],"tags":[],"class_list":["post-10376","post","type-post","status-publish","format-standard","has-post-thumbnail","hentry","category-brasil"],"_links":{"self":[{"href":"https:\/\/noticiasregionais.com.br\/index.php?rest_route=\/wp\/v2\/posts\/10376","targetHints":{"allow":["GET"]}}],"collection":[{"href":"https:\/\/noticiasregionais.com.br\/index.php?rest_route=\/wp\/v2\/posts"}],"about":[{"href":"https:\/\/noticiasregionais.com.br\/index.php?rest_route=\/wp\/v2\/types\/post"}],"author":[{"embeddable":true,"href":"https:\/\/noticiasregionais.com.br\/index.php?rest_route=\/wp\/v2\/users\/1"}],"replies":[{"embeddable":true,"href":"https:\/\/noticiasregionais.com.br\/index.php?rest_route=%2Fwp%2Fv2%2Fcomments&post=10376"}],"version-history":[{"count":0,"href":"https:\/\/noticiasregionais.com.br\/index.php?rest_route=\/wp\/v2\/posts\/10376\/revisions"}],"wp:featuredmedia":[{"embeddable":true,"href":"https:\/\/noticiasregionais.com.br\/index.php?rest_route=\/wp\/v2\/media\/10377"}],"wp:attachment":[{"href":"https:\/\/noticiasregionais.com.br\/index.php?rest_route=%2Fwp%2Fv2%2Fmedia&parent=10376"}],"wp:term":[{"taxonomy":"category","embeddable":true,"href":"https:\/\/noticiasregionais.com.br\/index.php?rest_route=%2Fwp%2Fv2%2Fcategories&post=10376"},{"taxonomy":"post_tag","embeddable":true,"href":"https:\/\/noticiasregionais.com.br\/index.php?rest_route=%2Fwp%2Fv2%2Ftags&post=10376"}],"curies":[{"name":"wp","href":"https:\/\/api.w.org\/{rel}","templated":true}]}}