{"id":10378,"date":"2025-10-10T04:35:00","date_gmt":"2025-10-10T07:35:00","guid":{"rendered":"https:\/\/noticiasregionais.com.br\/?p=10378"},"modified":"2025-10-10T04:35:00","modified_gmt":"2025-10-10T07:35:00","slug":"brasil-registra-24-casos-confirmados-de-intoxicacao-por-metanol","status":"publish","type":"post","link":"https:\/\/noticiasregionais.com.br\/?p=10378","title":{"rendered":"Brasil registra 24 casos confirmados de intoxica\u00e7\u00e3o por metanol"},"content":{"rendered":"<p>\t\t\t\t\t\t\t\t\t\t<audio controls class=\"b61_audio_player\" data-noticia=\"85109\" src=\"https:\/\/brasil61.com\/rails\/active_storage\/blobs\/eyJfcmFpbHMiOnsibWVzc2FnZSI6IkJBaHBBOHlwQXc9PSIsImV4cCI6bnVsbCwicHVyIjoiYmxvYl9pZCJ9fQ==--2e6ae413d8f53e089bc257406a434816a3bcd716\/BRAS2514893A\"><\/audio><\/p>\n<p>O <a href=\"https:\/\/www.gov.br\/saude\/pt-br\/assuntos\/noticias\/2025\/outubro\/ministerio-da-saude-confirma-24-casos-de-intoxicacao-por-metanol\" target=\"_blank\" rel=\"noopener\">Minist\u00e9rio da Sa\u00fade<\/a> informou a exist\u00eancia de<strong> 259 notifica\u00e7\u00f5es de casos de intoxica\u00e7\u00e3o por metanol <\/strong>relacionadas ao consumo de bebidas alco\u00f3licas adulteradas. Desse total, <strong>24 foram confirmados<\/strong>, 235 seguem em investiga\u00e7\u00e3o e 145 foram descartados.<\/p>\n<\/p>\n<p style=\"text-align: justify\"><strong>A maioria das ocorr\u00eancias se concentra em S\u00e3o Paulo<\/strong>, estado que tamb\u00e9m contabiliza cinco mortes. Al\u00e9m de S\u00e3o Paulo, apenas Paran\u00e1 e Rio Grande do Sul notificaram ocorr\u00eancias.\u00a0<\/p>\n<ul>\n<li style=\"text-align: justify\">S\u00e3o Paulo: 20 casos;<\/li>\n<li style=\"text-align: justify\">Paran\u00e1: 3 casos;<\/li>\n<li style=\"text-align: justify\">Rio Grande do Sul: 1 caso.\u00a0<\/li>\n<\/ul>\n<p style=\"text-align: justify\">O <a href=\"https:\/\/www.gov.br\/saude\/pt-br\/assuntos\/noticias\/2025\/outubro\/ministerio-da-saude-recebe-lote-com-2-5-mil-unidades-do-antidoto-fomepizol\" target=\"_blank\" rel=\"noopener\">Minist\u00e9rio<\/a> recebeu, nesta quinta-feira (9), um lote com <strong>2,5 mil unidades do fomepizol<\/strong>, medicamento usado como ant\u00eddoto no tratamento de intoxica\u00e7\u00e3o por metanol. As doses refor\u00e7am o estoque do <strong>Sistema \u00danico de Sa\u00fade<\/strong>.\u00a0<\/p>\n<p style=\"text-align: justify\">A primeira remessa, com <strong>1,5 mil unidades<\/strong>, come\u00e7ou a ser distribu\u00edda prioritariamente para o estado de S\u00e3o Paulo.\u00a0<\/p>\n<p style=\"text-align: justify\">Diante da crise, o T<strong>ribunal de Contas da Uni\u00e3o (<a href=\"https:\/\/portal.tcu.gov.br\/imprensa\/noticias\/tcu-vai-fiscalizar-acoes-do-governo-voltadas-para-comercio-de-bebidas\" target=\"_blank\" rel=\"noopener\">TCU<\/a>),\u00a0<\/strong>na sess\u00e3o plen\u00e1ria de 2 de outubro, determinou a \u00a0fiscaliza\u00e7\u00e3o dos \u00f3rg\u00e3os p\u00fablicos federais respons\u00e1veis pelo controle da produ\u00e7\u00e3o e venda \u00a0de bebidas no pa\u00eds.\u00a0<\/p>\n<p style=\"text-align: justify\"><strong>A fiscaliza\u00e7\u00e3o da produ\u00e7\u00e3o e do com\u00e9rcio de bebidas no Brasil envolve diversos \u00f3rg\u00e3os p\u00fablicos<\/strong> (federais, estaduais\u00a0e municipais), como Minist\u00e9rio da Agricultura, Anvisa, vigil\u00e2ncias sanit\u00e1rias, pol\u00edcias civiis e Pol\u00edcia Federal, procons e Minist\u00e9rio P\u00fablico.<\/p>\n<p>\t\t\t\t\t\t\t\t\t<img decoding=\"async\" src=\"https:\/\/brasil61.com\/api\/v1\/serve_pixel\/22254\/85109\" alt=\"Pixel Brasil 61\" class=\"b61_pixel\" width=\"0\" height=\"0\"><\/p>\n<div class=\"br61_backlink\">\n<p>\n\t\t\t\tFonte: <a href=\"https:\/\/brasil61.com\/brasil-registra-24-casos-confirmados-de-intoxicacao-por-metanol-bras2514893\" title=\"Artigo Original: Brasil registra 24 casos confirmados de intoxica\u00e7\u00e3o por metanol\" target=\"_blank\" rel=\"noopener\">Brasil 61<\/a>\n\t\t\t<\/p>\n<\/p><\/div>\n<input type=\"hidden\" id=\"baseurl\" value=\"https:\/\/noticiasregionais.com.br\"><input type=\"hidden\" id=\"audio_nonce\" value=\"5c13e0637f\">","protected":false},"excerpt":{"rendered":"<p>Diante do aumento dos casos, o Tribunal de Contas da Uni\u00e3o determinou auditoria nas a\u00e7\u00f5es de fiscaliza\u00e7\u00e3o de bebidas no pa\u00eds<\/p>\n","protected":false},"author":1,"featured_media":10379,"comment_status":"","ping_status":"open","sticky":false,"template":"","format":"standard","meta":{"sfsi_plus_gutenberg_text_before_share":"","sfsi_plus_gutenberg_show_text_before_share":"","sfsi_plus_gutenberg_icon_type":"","sfsi_plus_gutenberg_icon_alignemt":"","sfsi_plus_gutenburg_max_per_row":"","footnotes":""},"categories":[8],"tags":[],"class_list":["post-10378","post","type-post","status-publish","format-standard","has-post-thumbnail","hentry","category-brasil"],"_links":{"self":[{"href":"https:\/\/noticiasregionais.com.br\/index.php?rest_route=\/wp\/v2\/posts\/10378","targetHints":{"allow":["GET"]}}],"collection":[{"href":"https:\/\/noticiasregionais.com.br\/index.php?rest_route=\/wp\/v2\/posts"}],"about":[{"href":"https:\/\/noticiasregionais.com.br\/index.php?rest_route=\/wp\/v2\/types\/post"}],"author":[{"embeddable":true,"href":"https:\/\/noticiasregionais.com.br\/index.php?rest_route=\/wp\/v2\/users\/1"}],"replies":[{"embeddable":true,"href":"https:\/\/noticiasregionais.com.br\/index.php?rest_route=%2Fwp%2Fv2%2Fcomments&post=10378"}],"version-history":[{"count":0,"href":"https:\/\/noticiasregionais.com.br\/index.php?rest_route=\/wp\/v2\/posts\/10378\/revisions"}],"wp:featuredmedia":[{"embeddable":true,"href":"https:\/\/noticiasregionais.com.br\/index.php?rest_route=\/wp\/v2\/media\/10379"}],"wp:attachment":[{"href":"https:\/\/noticiasregionais.com.br\/index.php?rest_route=%2Fwp%2Fv2%2Fmedia&parent=10378"}],"wp:term":[{"taxonomy":"category","embeddable":true,"href":"https:\/\/noticiasregionais.com.br\/index.php?rest_route=%2Fwp%2Fv2%2Fcategories&post=10378"},{"taxonomy":"post_tag","embeddable":true,"href":"https:\/\/noticiasregionais.com.br\/index.php?rest_route=%2Fwp%2Fv2%2Ftags&post=10378"}],"curies":[{"name":"wp","href":"https:\/\/api.w.org\/{rel}","templated":true}]}}