{"id":10380,"date":"2025-10-10T15:15:00","date_gmt":"2025-10-10T18:15:00","guid":{"rendered":"https:\/\/noticiasregionais.com.br\/?p=10380"},"modified":"2025-10-10T15:15:00","modified_gmt":"2025-10-10T18:15:00","slug":"banco-da-amazonia-projeta-investimentos-de-r-15-bi-em-infraestrutura-ate-2028","status":"publish","type":"post","link":"https:\/\/noticiasregionais.com.br\/?p=10380","title":{"rendered":"Banco da Amaz\u00f4nia projeta investimentos de R$ 15 bi em infraestrutura at\u00e9 2028"},"content":{"rendered":"<p>\t\t\t\t\t\t\t\t\t\t<audio controls class=\"b61_audio_player\" data-noticia=\"85139\" src=\"https:\/\/brasil61.com\/rails\/active_storage\/blobs\/eyJfcmFpbHMiOnsibWVzc2FnZSI6IkJBaHBBNG1xQXc9PSIsImV4cCI6bnVsbCwicHVyIjoiYmxvYl9pZCJ9fQ==--9e76d404f995f23d03216b2224bc5af734247c28\/BASA250106A\"><\/audio><\/p>\n<p>Com atua\u00e7\u00e3o voltada ao apoio de projetos sustent\u00e1veis, o <a href=\"https:\/\/www.bancoamazonia.com.br\/\" target=\"_blank\" rel=\"noopener\">Banco da Amaz\u00f4nia<\/a> projeta <strong>investimentos de R$ 15 bi em infraestrutura at\u00e9 2028<\/strong>. A previs\u00e3o \u00e9 de que os setores beneficiados sejam de energia, transporte, log\u00edstica, saneamento, mobilidade urbana sustent\u00e1vel, tecnologia e inova\u00e7\u00e3o.\u00a0<\/p>\n<p>A estimativa \u2013 baseada em planejamento estrat\u00e9gico \u2013 foi apresentada pelo diretor de cr\u00e9dito do Banco da Amaz\u00f4nia, Roberto Schwartz, na Federa\u00e7\u00e3o das Ind\u00fastrias do Estado do Par\u00e1 (Fiepa), do Norte Export 2025, em Bel\u00e9m (PA).\u00a0<\/p>\n<p>O evento do Grupo Brasil Export reuniu autoridades, representantes do setor produtivo, entidades de classe e especialistas em log\u00edstica. A iniciativa foi voltada a discutir competitividade e sustentabilidade integradas para o desenvolvimento da Amaz\u00f4nia.\u00a0<\/p>\n<p>O encontro de neg\u00f3cios antecipou discuss\u00f5es sobre infraestrutura e meio ambiente, que devem nortear a 30\u00aa Confer\u00eancia das Na\u00e7\u00f5es Unidas sobre Mudan\u00e7a do Clima (COP30) \u2013 que ser\u00e1 realizada de 10 a 21 de novembro, na capital paraense.<\/p>\n<p>Schwartz apresentou dados que mostram que, <strong>nos \u00faltimos dez anos, o Banco da Amaz\u00f4nia aplicou quase R$ 20 bilh\u00f5es em infraestrutura <\/strong>\u2013 com enfoque na gera\u00e7\u00e3o e transmiss\u00e3o de energia.\u00a0<\/p>\n<h2>Desenvolvimento da Regi\u00e3o Norte<\/h2>\n<p>Na avalia\u00e7\u00e3o de Schwartz, a Regi\u00e3o Amaz\u00f4nica passou a chamar a aten\u00e7\u00e3o global e a COP30 na Amaz\u00f4nia vai impulsionar os neg\u00f3cios.\u00a0<\/p>\n<p>Para o Banco da Amaz\u00f4nia, temas como<strong> log\u00edstica e infraestrutura de transportes<\/strong> s\u00e3o fundamentais para o desenvolvimento da Regi\u00e3o Norte. Al\u00e9m disso, a movimenta\u00e7\u00e3o de cargas e de pessoal se consolida como desafio na extens\u00e3o territorial que envolve os sete estados.<\/p>\n<p>No entanto, Schwartz afirmou que a<strong> institui\u00e7\u00e3o financeira tem potencial para enfrentar os desafios \u2013 tendo em vista que, segundo ele, o banco \u00e9 o principal agente financeiro da Regi\u00e3o Norte e parceiro do setor de log\u00edstica.\u00a0<\/strong><\/p>\n<p>Schwartz destacou, ainda, que a institui\u00e7\u00e3o amazonense tem um papel crucial no desenvolvimento econ\u00f4mico, na sustentabilidade e na inclus\u00e3o social regional. \u201cNossos clientes s\u00e3o empreendedores da Regi\u00e3o Norte, dos mais diversos segmentos e portes\u201d, pontuou.<\/p>\n<h2>Crescimento sustent\u00e1vel<\/h2>\n<p>O diretor de cr\u00e9dito apontou que, apesar da instru\u00e7\u00e3o direcionar pol\u00edticas de financiamento, principalmente aos micro e pequenos empreendedores, o Banco da Amaz\u00f4nia tamb\u00e9m est\u00e1 em conson\u00e2ncia com o que acontece na Amaz\u00f4nia e acompanha as necessidades que prejudicam o crescimento sustent\u00e1vel.<\/p>\n<p>\u201cTemos hoje o maior programa de microcr\u00e9dito orientado produtivo da Regi\u00e3o Norte. Somos respons\u00e1veis por financiar 63% do investimento produtivo de longo prazo da regi\u00e3o. Mas sabemos da import\u00e2ncia da infraestrutura\u201d, frisou.<\/p>\n<p>Nesse cen\u00e1rio, o Banco da Amaz\u00f4nia atua com a oferta da linha <a href=\"https:\/\/www.bancoamazonia.com.br\/financiamentos\/fno-amazonia-infraestrutura-verde\" target=\"_blank\" rel=\"noopener\">FNO &#8211; Amaz\u00f4nia Infraestrutura Verde<\/a> \u2013 financiamento voltado para projetos que conectam infraestrutura \u00e0 sustentabilidade.\u00a0<\/p>\n<p><strong>A linha tem o intuito de apoiar iniciativas que contribuam para a melhoria da qualidade de vida na regi\u00e3o amaz\u00f4nica<\/strong>, com foco especial na preserva\u00e7\u00e3o ambiental e na ado\u00e7\u00e3o de pr\u00e1ticas ecologicamente respons\u00e1veis.\u00a0<\/p>\n<p>Outro exemplo de linha verde \u00e9 a <a href=\"https:\/\/www.bancoamazonia.com.br\/empresas\/amazonia-empresarial-verde\" target=\"_blank\" rel=\"noopener\">Amaz\u00f4nia Empresarial Verde<\/a>. O foco do financiamento \u00e9 promover o desenvolvimento sustent\u00e1vel, voltado a empresas que adotam boas pr\u00e1ticas ambientais, sociais e de governan\u00e7a.\u00a0<\/p>\n<p>O financiamento est\u00e1 dispon\u00edvel para neg\u00f3cios de todos os portes que atuam em setores estrat\u00e9gicos como agroind\u00fastria, ind\u00fastria, turismo, cultura, com\u00e9rcio, servi\u00e7os, sa\u00fade, educa\u00e7\u00e3o e atividades agroindustriais voltadas \u00e0 exporta\u00e7\u00e3o \u2013 em projetos alinhados com as premissas da sustentabilidade.\u00a0<br \/>\n\u00a0<\/p>\n<p>\t\t\t\t\t\t\t\t\t<img decoding=\"async\" src=\"https:\/\/brasil61.com\/api\/v1\/serve_pixel\/22254\/85139\" alt=\"Pixel Brasil 61\" class=\"b61_pixel\" width=\"0\" height=\"0\"><\/p>\n<div class=\"br61_backlink\">\n<p>\n\t\t\t\tFonte: <a href=\"https:\/\/brasil61.com\/banco-da-amazonia-projeta-investimentos-de-r-15-bi-em-infraestrutura-ate-2028-basa250106\" title=\"Artigo Original: Banco da Amaz\u00f4nia projeta investimentos de R$ 15 bi em infraestrutura at\u00e9 2028\" target=\"_blank\" rel=\"noopener\">Brasil 61<\/a>\n\t\t\t<\/p>\n<\/p><\/div>\n<input type=\"hidden\" id=\"baseurl\" value=\"https:\/\/noticiasregionais.com.br\"><input type=\"hidden\" id=\"audio_nonce\" value=\"5c13e0637f\">","protected":false},"excerpt":{"rendered":"<p>Setores beneficiados incluem energia, transporte, log\u00edstica, saneamento, mobilidade urbana sustent\u00e1vel, tecnologia e inova\u00e7\u00e3o; institui\u00e7\u00e3o financia 63% dos aportes produtivos de longo prazo da Regi\u00e3o Norte<\/p>\n","protected":false},"author":1,"featured_media":10381,"comment_status":"","ping_status":"open","sticky":false,"template":"","format":"standard","meta":{"sfsi_plus_gutenberg_text_before_share":"","sfsi_plus_gutenberg_show_text_before_share":"","sfsi_plus_gutenberg_icon_type":"","sfsi_plus_gutenberg_icon_alignemt":"","sfsi_plus_gutenburg_max_per_row":"","footnotes":""},"categories":[8],"tags":[],"class_list":["post-10380","post","type-post","status-publish","format-standard","has-post-thumbnail","hentry","category-brasil"],"_links":{"self":[{"href":"https:\/\/noticiasregionais.com.br\/index.php?rest_route=\/wp\/v2\/posts\/10380","targetHints":{"allow":["GET"]}}],"collection":[{"href":"https:\/\/noticiasregionais.com.br\/index.php?rest_route=\/wp\/v2\/posts"}],"about":[{"href":"https:\/\/noticiasregionais.com.br\/index.php?rest_route=\/wp\/v2\/types\/post"}],"author":[{"embeddable":true,"href":"https:\/\/noticiasregionais.com.br\/index.php?rest_route=\/wp\/v2\/users\/1"}],"replies":[{"embeddable":true,"href":"https:\/\/noticiasregionais.com.br\/index.php?rest_route=%2Fwp%2Fv2%2Fcomments&post=10380"}],"version-history":[{"count":0,"href":"https:\/\/noticiasregionais.com.br\/index.php?rest_route=\/wp\/v2\/posts\/10380\/revisions"}],"wp:featuredmedia":[{"embeddable":true,"href":"https:\/\/noticiasregionais.com.br\/index.php?rest_route=\/wp\/v2\/media\/10381"}],"wp:attachment":[{"href":"https:\/\/noticiasregionais.com.br\/index.php?rest_route=%2Fwp%2Fv2%2Fmedia&parent=10380"}],"wp:term":[{"taxonomy":"category","embeddable":true,"href":"https:\/\/noticiasregionais.com.br\/index.php?rest_route=%2Fwp%2Fv2%2Fcategories&post=10380"},{"taxonomy":"post_tag","embeddable":true,"href":"https:\/\/noticiasregionais.com.br\/index.php?rest_route=%2Fwp%2Fv2%2Ftags&post=10380"}],"curies":[{"name":"wp","href":"https:\/\/api.w.org\/{rel}","templated":true}]}}