{"id":10386,"date":"2025-10-11T04:05:00","date_gmt":"2025-10-11T07:05:00","guid":{"rendered":"https:\/\/noticiasregionais.com.br\/?p=10386"},"modified":"2025-10-11T04:05:00","modified_gmt":"2025-10-11T07:05:00","slug":"vacina-para-hpv-reduz-em-ate-58-os-casos-de-cancer-do-colo-do-utero-no-brasil","status":"publish","type":"post","link":"https:\/\/noticiasregionais.com.br\/?p=10386","title":{"rendered":"Vacina para HPV reduz em at\u00e9 58% os casos de c\u00e2ncer do colo do \u00fatero no Brasil"},"content":{"rendered":"<p>\t\t\t\t\t\t\t\t\t\t<audio controls class=\"b61_audio_player\" data-noticia=\"85146\" src=\"https:\/\/brasil61.com\/rails\/active_storage\/blobs\/eyJfcmFpbHMiOnsibWVzc2FnZSI6IkJBaHBBOFdxQXc9PSIsImV4cCI6bnVsbCwicHVyIjoiYmxvYl9pZCJ9fQ==--e94d592a1026930f4baed83816d7b50231652dd2\/BRAS2514912A\"><\/audio><\/p>\n<p dir=\"ltr\" style=\"text-align: justify\">A <strong>vacina <\/strong>contra o <strong>papilomav\u00edrus humano (HPV)<\/strong> reduziu em at\u00e9 <strong>58% os casos de c\u00e2ncer do colo do \u00fatero no Brasil e em 67% as les\u00f5es pr\u00e9-cancerosas graves<\/strong>, de acordo com <a href=\"https:\/\/agencia.fiocruz.br\/vacina-para-hpv-reduz-em-ate-58-os-casos-de-cancer-do-colo-do-utero-no-brasil\" target=\"_blank\" rel=\"noopener\">estudo <\/a>da Fiocruz com apoio da Royal Society e do Conselho Nacional de Desenvolvimento Cient\u00edfico e Tecnol\u00f3gico (CNPq).\u00a0<\/p>\n<p dir=\"ltr\" style=\"text-align: justify\">A pesquisa, feita entre 2019 e 2023 com dados do <strong>Sistema \u00danico de Sa\u00fade (SUS)<\/strong>, confirmou a efic\u00e1cia do imunizante antes da idade indicada para rastreamento, 25 anos, e mesmo em contextos de baixa renda, refor\u00e7ando seu impacto na preven\u00e7\u00e3o da doen\u00e7a.<\/p>\n<p dir=\"ltr\" style=\"text-align: justify\">O c\u00e2ncer do colo do \u00fatero continua sendo o segundo tipo mais comum entre as mulheres brasileiras\u00a0e estima-se que entre 50% e 70% das pessoas sexualmente ativas entrem em contato com o HPV ao longo da vida. A vacina oferecida gratuitamente pelo SUS \u00e9 considerada a forma mais eficaz de prevenir a infec\u00e7\u00e3o e reduzir o risco de desenvolvimento da doen\u00e7a.<\/p>\n<p dir=\"ltr\" style=\"text-align: justify\">Para ampliar a cobertura, o <a href=\"https:\/\/www.gov.br\/saude\/pt-br\/assuntos\/noticias\/2025\/setembro\/perdeu-a-vacina-contra-o-hpv-ministerio-da-saude-amplia-prazo-para-jovens-de-15-a-19-anos\" target=\"_blank\" rel=\"noopener\">Minist\u00e9rio da Sa\u00fade<\/a> prorrogou at\u00e9 <strong>dezembro de 2025 a vacina\u00e7\u00e3o gratuita para jovens de 15 a 19 anos que n\u00e3o receberam o imunizante<\/strong> na idade indicada (9 a 14 anos). A estimativa \u00e9 alcan\u00e7ar cerca de 7 milh\u00f5es de adolescentes que ainda n\u00e3o foram vacinados.<\/p>\n<p dir=\"ltr\" style=\"text-align: justify\"><span style=\"font-size:20px\">HPV: esquema vacinal\u00a0<\/span><\/p>\n<ul dir=\"ltr\">\n<li style=\"text-align: justify\">Adolescentes imunocompetentes (9 a 14 anos): dose \u00fanica, substituindo o esquema anterior de duas doses.<\/li>\n<li style=\"text-align: justify\">Pessoas com sistema imunol\u00f3gico comprometido \u2014 como pacientes com HIV\/AIDS, em tratamento oncol\u00f3gico ou que passaram por transplante \u2014 devem receber tr\u00eas doses para garantir maior prote\u00e7\u00e3o.<\/li>\n<li style=\"text-align: justify\">A mesma recomenda\u00e7\u00e3o se aplica a usu\u00e1rios de PrEP (m\u00e9todo de preven\u00e7\u00e3o ao HIV) entre 15 e 45 anos e a v\u00edtimas de viol\u00eancia sexual com 15 anos ou mais.\u00a0<\/li>\n<\/ul>\n<p>\t\t\t\t\t\t\t\t\t<img decoding=\"async\" src=\"https:\/\/brasil61.com\/api\/v1\/serve_pixel\/22254\/85146\" alt=\"Pixel Brasil 61\" class=\"b61_pixel\" width=\"0\" height=\"0\"><\/p>\n<div class=\"br61_backlink\">\n<p>\n\t\t\t\tFonte: <a href=\"https:\/\/brasil61.com\/vacina-para-hpv-reduz-em-ate-58-os-casos-de-cancer-do-colo-do-utero-no-brasil-bras2514912\" title=\"Artigo Original: Vacina para HPV reduz em at\u00e9 58% os casos de c\u00e2ncer do colo do \u00fatero no Brasil\" target=\"_blank\" rel=\"noopener\">Brasil 61<\/a>\n\t\t\t<\/p>\n<\/p><\/div>\n<input type=\"hidden\" id=\"baseurl\" value=\"https:\/\/noticiasregionais.com.br\"><input type=\"hidden\" id=\"audio_nonce\" value=\"5c13e0637f\">","protected":false},"excerpt":{"rendered":"<p>Pesquisa mostra resultados concretos da vacina na preven\u00e7\u00e3o do c\u00e2ncer do colo do \u00fatero e tem campanha prorrogada pelo SUS at\u00e9 o fim do ano<\/p>\n","protected":false},"author":1,"featured_media":10387,"comment_status":"","ping_status":"open","sticky":false,"template":"","format":"standard","meta":{"sfsi_plus_gutenberg_text_before_share":"","sfsi_plus_gutenberg_show_text_before_share":"","sfsi_plus_gutenberg_icon_type":"","sfsi_plus_gutenberg_icon_alignemt":"","sfsi_plus_gutenburg_max_per_row":"","footnotes":""},"categories":[8],"tags":[],"class_list":["post-10386","post","type-post","status-publish","format-standard","has-post-thumbnail","hentry","category-brasil"],"_links":{"self":[{"href":"https:\/\/noticiasregionais.com.br\/index.php?rest_route=\/wp\/v2\/posts\/10386","targetHints":{"allow":["GET"]}}],"collection":[{"href":"https:\/\/noticiasregionais.com.br\/index.php?rest_route=\/wp\/v2\/posts"}],"about":[{"href":"https:\/\/noticiasregionais.com.br\/index.php?rest_route=\/wp\/v2\/types\/post"}],"author":[{"embeddable":true,"href":"https:\/\/noticiasregionais.com.br\/index.php?rest_route=\/wp\/v2\/users\/1"}],"replies":[{"embeddable":true,"href":"https:\/\/noticiasregionais.com.br\/index.php?rest_route=%2Fwp%2Fv2%2Fcomments&post=10386"}],"version-history":[{"count":0,"href":"https:\/\/noticiasregionais.com.br\/index.php?rest_route=\/wp\/v2\/posts\/10386\/revisions"}],"wp:featuredmedia":[{"embeddable":true,"href":"https:\/\/noticiasregionais.com.br\/index.php?rest_route=\/wp\/v2\/media\/10387"}],"wp:attachment":[{"href":"https:\/\/noticiasregionais.com.br\/index.php?rest_route=%2Fwp%2Fv2%2Fmedia&parent=10386"}],"wp:term":[{"taxonomy":"category","embeddable":true,"href":"https:\/\/noticiasregionais.com.br\/index.php?rest_route=%2Fwp%2Fv2%2Fcategories&post=10386"},{"taxonomy":"post_tag","embeddable":true,"href":"https:\/\/noticiasregionais.com.br\/index.php?rest_route=%2Fwp%2Fv2%2Ftags&post=10386"}],"curies":[{"name":"wp","href":"https:\/\/api.w.org\/{rel}","templated":true}]}}