{"id":1040,"date":"2023-11-01T07:18:12","date_gmt":"2023-11-01T10:18:12","guid":{"rendered":"https:\/\/noticiasregionais.com.br\/?p=1040"},"modified":"2023-11-01T07:18:24","modified_gmt":"2023-11-01T10:18:24","slug":"prf-apreende-meia-tonelada-de-cocaina-na-regis-bittencourt","status":"publish","type":"post","link":"https:\/\/noticiasregionais.com.br\/?p=1040","title":{"rendered":"PRF apreende meia tonelada de coca\u00edna na R\u00e9gis Bittencourt"},"content":{"rendered":"\n<p class=\"has-text-align-center\"><strong>Apreens\u00e3o representa impacto financeiro no crime organizado na ordem de R$ 95 milh\u00f5es.<\/strong><\/p>\n\n\n\n<p>Na madrugada desta quarta-feira (01), a PRF apreendeu 530 quilos de coca\u00edna no km 439 da rodovia BR 116 &#8211; R\u00e9gis Bittencourt, em Registro-SP. A droga estava debaixo da cama e no compartimento de ferramentas de um caminh\u00e3o Mercedes Benz\/Ls 1634, conduzido por um homem de 41 anos.<\/p>\n\n\n\n<p>A apreens\u00e3o \u00e9 fruto de compartilhamento de informa\u00e7\u00f5es entre a Pol\u00edcia Federal e a PRF de S\u00e3o Paulo e Santa Catarina.<\/p>\n\n\n\n<p>O caminh\u00e3o possui placas de Joinvile-SC. No momento da abordagem n\u00e3o havia carga no semirreboque que o caminh\u00e3o tracionava.<\/p>\n\n\n\n<p>Ao vistoriar o caminh\u00e3o, a equipe encontrou 500 tabletes de coca\u00edna, escondidos debaixo da cama na cabine e no compartimento de ferramentas, que totalizaram 530 quilos. O motorista disse que levaria a droga de Curitiba-PR at\u00e9 Osasco-SP. Ele foi conduzido \u00e0 Delegacia de Pol\u00edcia Civil de Registro-SP, onde foi preso em flagrante por tr\u00e1fico de entorpecentes.<\/p>\n\n\n\n<p>Esta apreens\u00e3o representa um impacto financeiro ao crime organizado na ordem de R$ 95 milh\u00f5es.<\/p>\n\n\n\n<p>De janeiro a outubro de 2023 a PRF j\u00e1 apreendeu 649 quilos de coca\u00edna, 200 quilos de crack e 17 toneladas e meia de maconha nas rodovias federais paulistas.<\/p>\n\n\n\n<p>Em 2022, no mesmo per\u00edodo, a PRF apreendeu 546 quilos de coca\u00edna, 117 quilos de crack e 23 toneladas de maconha em S\u00e3o Paulo.<\/p>\n<input type=\"hidden\" id=\"baseurl\" value=\"https:\/\/noticiasregionais.com.br\"><input type=\"hidden\" id=\"audio_nonce\" value=\"533fbb67b1\">","protected":false},"excerpt":{"rendered":"<p>Apreens\u00e3o representa impacto financeiro no crime organizado na ordem de R$ 95 milh\u00f5es. Na madrugada desta quarta-feira (01), a PRF&hellip;<\/p>\n","protected":false},"author":1,"featured_media":1041,"comment_status":"closed","ping_status":"open","sticky":false,"template":"","format":"standard","meta":{"sfsi_plus_gutenberg_text_before_share":"","sfsi_plus_gutenberg_show_text_before_share":"","sfsi_plus_gutenberg_icon_type":"","sfsi_plus_gutenberg_icon_alignemt":"","sfsi_plus_gutenburg_max_per_row":"","footnotes":""},"categories":[6,10,1],"tags":[],"class_list":["post-1040","post","type-post","status-publish","format-standard","has-post-thumbnail","hentry","category-sao_paulo","category-destaques","category-noticias"],"_links":{"self":[{"href":"https:\/\/noticiasregionais.com.br\/index.php?rest_route=\/wp\/v2\/posts\/1040","targetHints":{"allow":["GET"]}}],"collection":[{"href":"https:\/\/noticiasregionais.com.br\/index.php?rest_route=\/wp\/v2\/posts"}],"about":[{"href":"https:\/\/noticiasregionais.com.br\/index.php?rest_route=\/wp\/v2\/types\/post"}],"author":[{"embeddable":true,"href":"https:\/\/noticiasregionais.com.br\/index.php?rest_route=\/wp\/v2\/users\/1"}],"replies":[{"embeddable":true,"href":"https:\/\/noticiasregionais.com.br\/index.php?rest_route=%2Fwp%2Fv2%2Fcomments&post=1040"}],"version-history":[{"count":1,"href":"https:\/\/noticiasregionais.com.br\/index.php?rest_route=\/wp\/v2\/posts\/1040\/revisions"}],"predecessor-version":[{"id":1042,"href":"https:\/\/noticiasregionais.com.br\/index.php?rest_route=\/wp\/v2\/posts\/1040\/revisions\/1042"}],"wp:featuredmedia":[{"embeddable":true,"href":"https:\/\/noticiasregionais.com.br\/index.php?rest_route=\/wp\/v2\/media\/1041"}],"wp:attachment":[{"href":"https:\/\/noticiasregionais.com.br\/index.php?rest_route=%2Fwp%2Fv2%2Fmedia&parent=1040"}],"wp:term":[{"taxonomy":"category","embeddable":true,"href":"https:\/\/noticiasregionais.com.br\/index.php?rest_route=%2Fwp%2Fv2%2Fcategories&post=1040"},{"taxonomy":"post_tag","embeddable":true,"href":"https:\/\/noticiasregionais.com.br\/index.php?rest_route=%2Fwp%2Fv2%2Ftags&post=1040"}],"curies":[{"name":"wp","href":"https:\/\/api.w.org\/{rel}","templated":true}]}}