{"id":10413,"date":"2025-10-13T13:00:00","date_gmt":"2025-10-13T16:00:00","guid":{"rendered":"https:\/\/noticiasregionais.com.br\/?p=10413"},"modified":"2025-10-13T13:00:00","modified_gmt":"2025-10-13T16:00:00","slug":"eco-run-une-esporte-e-consciencia-ambiental-em-belem-pa","status":"publish","type":"post","link":"https:\/\/noticiasregionais.com.br\/?p=10413","title":{"rendered":"Eco Run une esporte e consci\u00eancia ambiental em Bel\u00e9m (PA)"},"content":{"rendered":"<p>\t\t\t\t\t\t\t\t\t\t<audio controls class=\"b61_audio_player\" data-noticia=\"85179\" src=\"https:\/\/brasil61.com\/rails\/active_storage\/blobs\/eyJfcmFpbHMiOnsibWVzc2FnZSI6IkJBaHBBeHVyQXc9PSIsImV4cCI6bnVsbCwicHVyIjoiYmxvYl9pZCJ9fQ==--224f9f62b6270da6d1dfd7c59da63b41fad72cac\/BASA250107A\"><\/audio><\/p>\n<p>Com a proposta de ir al\u00e9m de uma simples competi\u00e7\u00e3o esportiva, a <a href=\"https:\/\/www.ecorun.com.br\/belem\/\" target=\"_blank\" rel=\"noopener\">Eco Run<\/a> ser\u00e1 realizada em Bel\u00e9m (PA) no dia 26 de outubro, unindo corrida e sustentabilidade. O evento busca chamar aten\u00e7\u00e3o para a preserva\u00e7\u00e3o ambiental e incentivar h\u00e1bitos de vida mais saud\u00e1veis, em uma experi\u00eancia que alia esporte, conscientiza\u00e7\u00e3o e responsabilidade social.<\/p>\n<p>A iniciativa tem como compromisso adotar pr\u00e1ticas que reduzam impactos ambientais, promover o respeito \u00e0 natureza e refor\u00e7ar a import\u00e2ncia da sa\u00fade e do bem-estar. Os participantes tamb\u00e9m s\u00e3o estimulados a incorporar atitudes sustent\u00e1veis em seu cotidiano.<\/p>\n<p>Parceiro da corrida, o <a href=\"https:\/\/www.bancoamazonia.com.br\/\" target=\"_blank\" rel=\"noopener\">Banco da Amaz\u00f4nia<\/a> apoia a Eco Run por compartilhar da mesma miss\u00e3o: atuar de forma respons\u00e1vel e fomentar projetos que valorizem a sustentabilidade na regi\u00e3o.<\/p>\n<p>A assessora de imprensa e comunica\u00e7\u00e3o da Norte Marketing Esportivo, comercializadora do evento, Daniela Sevilha, destaca a import\u00e2ncia do patroc\u00ednio do banco \u00e0 competi\u00e7\u00e3o.<\/p>\n<p>\u201c\u00c9 muito importante contar com o apoio do Banco da Amaz\u00f4nia na realiza\u00e7\u00e3o da Eco Run Bel\u00e9m, porque \u00e9 uma empresa que est\u00e1 totalmente conectada com o prop\u00f3sito e os valores da corrida, que \u00e9 a prote\u00e7\u00e3o, cuidar do nosso meio ambiente, ter toda essa carga de sustentabilidade que \u00e9 algo que precisamos cada vez mais. Ent\u00e3o, o Banco da Amaz\u00f4nia est\u00e1 totalmente de acordo com essa mensagem passada pela corrida\u201d, afirma.<\/p>\n<p>J\u00e1 a gerente executiva de marketing do Banco da Amaz\u00f4nia, Ruth Helena Lima, diz que a expectativa \u00e9 reunir diversos competidores em Bel\u00e9m \u201ccelebrando a integra\u00e7\u00e3o entre esporte, sustentabilidade e compromisso com a Amaz\u00f4nia, consolidando a cidade como um polo de refer\u00eancia em corridas de rua\u201d.<\/p>\n<p>A Eco Run j\u00e1 foi realizada em diversas cidades, como Londrina (PR), Sorocaba (SP) e Bras\u00edlia (DF). Al\u00e9m de fomentar a modalidade em territ\u00f3rio nacional, a competi\u00e7\u00e3o visa ofertar uma estrutura organizada, bem como condi\u00e7\u00f5es t\u00e9cnicas ideais voltadas a melhorar a experi\u00eancia dos participantes. As edi\u00e7\u00f5es buscam, ainda, garantir seguran\u00e7a, qualidade e bem-estar dos inscritos.<\/p>\n<p>Daniela avalia que cada passo dado representa uma atitude respons\u00e1vel: \u201c\u00c9 um evento que convida todos os participantes e as marcas que patrocinam a correrem por um futuro mais respons\u00e1vel. Cada passo carrega uma mensagem, que \u00e9 cuidar do planeta; e esse cuidado \u00e9 urgente\u201d, refor\u00e7a.<\/p>\n<h2>Esporte e sustentabilidade \u00a0<\/h2>\n<p>Daniela Sevilha explica que, ao longo do evento, os competidores t\u00eam acesso a conte\u00fados sustent\u00e1veis que promovem a conscientiza\u00e7\u00e3o sobre a preserva\u00e7\u00e3o do meio ambiente. Os temas envolvem economia de \u00e1gua e energia, reciclagem e mobilidade sustent\u00e1vel.<\/p>\n<p>Durante o evento, a Eco Run tamb\u00e9m adota a\u00e7\u00f5es voltadas ao cuidado do meio ambiente. Por exemplo, todo material recicl\u00e1vel gerado ao longo dos percursos \u00e9 destinado a cooperativas locais.\u00a0<\/p>\n<p>A edi\u00e7\u00e3o conta tamb\u00e9m com um parceiro respons\u00e1vel por calcular as emiss\u00f5es de gases de efeito estufa geradas pelo evento. Al\u00e9m disso, a organiza\u00e7\u00e3o adota medidas para reduzir os impactos ambientais, como o cuidado em evitar o uso de materiais n\u00e3o recicl\u00e1veis.<\/p>\n<p>Segundo Sevilha, as a\u00e7\u00f5es de sustentabilidade n\u00e3o se limitam \u00e0 corrida. \u201cAo final, cada participante recebe uma muda para plantar. A ideia \u00e9 que, depois de viver essa experi\u00eancia marcada pela conscientiza\u00e7\u00e3o ambiental, ele possa dar continuidade ao gesto, contribuindo de forma pr\u00e1tica para o meio ambiente\u201d, explica.<\/p>\n<h2>Eco Run em Bel\u00e9m (PA)<\/h2>\n<p>A<a href=\"https:\/\/www.ecorun.com.br\/belem\/\" target=\"_blank\" rel=\"noopener\"> Eco Run<\/a> acontece na capital paraense em 26 de outubro, em percursos de 5 e 10 quil\u00f4metros. A largada est\u00e1 marcada para \u00e0s 6h da manh\u00e3, no Shopping Bosque Gr\u00e3o-Par\u00e1 \u2013 Av. Centen\u00e1rio, 1052 &#8211; Mangueir\u00e3o, Bel\u00e9m.\u00a0<\/p>\n<p>Os interessados podem se inscrever pelo site <a href=\"http:\/\/www.ecorun.com.br\/belem\" target=\"_blank\" rel=\"noopener\">www.ecorun.com.br\/belem<\/a>. Os kits custam a partir de R$ 49,00.<br \/>\n\u00a0<\/p>\n<p>\t\t\t\t\t\t\t\t\t<img decoding=\"async\" src=\"https:\/\/brasil61.com\/api\/v1\/serve_pixel\/22254\/85179\" alt=\"Pixel Brasil 61\" class=\"b61_pixel\" width=\"0\" height=\"0\"><\/p>\n<div class=\"br61_backlink\">\n<p>\n\t\t\t\tFonte: <a href=\"https:\/\/brasil61.com\/eco-run-une-esporte-e-consciencia-ambiental-em-belem-pa-basa250107\" title=\"Artigo Original: Eco Run une esporte e consci\u00eancia ambiental em Bel\u00e9m (PA)\" target=\"_blank\" rel=\"noopener\">Brasil 61<\/a>\n\t\t\t<\/p>\n<\/p><\/div>\n<input type=\"hidden\" id=\"baseurl\" value=\"https:\/\/noticiasregionais.com.br\"><input type=\"hidden\" id=\"audio_nonce\" value=\"533fbb67b1\">","protected":false},"excerpt":{"rendered":"<p>Corrida sustent\u00e1vel ser\u00e1 realizada em 26 de outubro e distribuir\u00e1 mudas aos participantes como incentivo \u00e0 preserva\u00e7\u00e3o da natureza<\/p>\n","protected":false},"author":1,"featured_media":10414,"comment_status":"","ping_status":"open","sticky":false,"template":"","format":"standard","meta":{"sfsi_plus_gutenberg_text_before_share":"","sfsi_plus_gutenberg_show_text_before_share":"","sfsi_plus_gutenberg_icon_type":"","sfsi_plus_gutenberg_icon_alignemt":"","sfsi_plus_gutenburg_max_per_row":"","footnotes":""},"categories":[8],"tags":[],"class_list":["post-10413","post","type-post","status-publish","format-standard","has-post-thumbnail","hentry","category-brasil"],"_links":{"self":[{"href":"https:\/\/noticiasregionais.com.br\/index.php?rest_route=\/wp\/v2\/posts\/10413","targetHints":{"allow":["GET"]}}],"collection":[{"href":"https:\/\/noticiasregionais.com.br\/index.php?rest_route=\/wp\/v2\/posts"}],"about":[{"href":"https:\/\/noticiasregionais.com.br\/index.php?rest_route=\/wp\/v2\/types\/post"}],"author":[{"embeddable":true,"href":"https:\/\/noticiasregionais.com.br\/index.php?rest_route=\/wp\/v2\/users\/1"}],"replies":[{"embeddable":true,"href":"https:\/\/noticiasregionais.com.br\/index.php?rest_route=%2Fwp%2Fv2%2Fcomments&post=10413"}],"version-history":[{"count":0,"href":"https:\/\/noticiasregionais.com.br\/index.php?rest_route=\/wp\/v2\/posts\/10413\/revisions"}],"wp:featuredmedia":[{"embeddable":true,"href":"https:\/\/noticiasregionais.com.br\/index.php?rest_route=\/wp\/v2\/media\/10414"}],"wp:attachment":[{"href":"https:\/\/noticiasregionais.com.br\/index.php?rest_route=%2Fwp%2Fv2%2Fmedia&parent=10413"}],"wp:term":[{"taxonomy":"category","embeddable":true,"href":"https:\/\/noticiasregionais.com.br\/index.php?rest_route=%2Fwp%2Fv2%2Fcategories&post=10413"},{"taxonomy":"post_tag","embeddable":true,"href":"https:\/\/noticiasregionais.com.br\/index.php?rest_route=%2Fwp%2Fv2%2Ftags&post=10413"}],"curies":[{"name":"wp","href":"https:\/\/api.w.org\/{rel}","templated":true}]}}