{"id":10415,"date":"2025-10-13T13:23:45","date_gmt":"2025-10-13T16:23:45","guid":{"rendered":"https:\/\/noticiasregionais.com.br\/?p=10415"},"modified":"2025-10-13T13:24:04","modified_gmt":"2025-10-13T16:24:04","slug":"prefeitura-de-ourinhos-e-policia-civil-intensificam-fiscalizacao-para-prevenir-intoxicacao-por-metanol","status":"publish","type":"post","link":"https:\/\/noticiasregionais.com.br\/?p=10415","title":{"rendered":"Prefeitura de Ourinhos e Pol\u00edcia Civil intensificam fiscaliza\u00e7\u00e3o para prevenir intoxica\u00e7\u00e3o por metanol"},"content":{"rendered":"\n<p>A Prefeitura Municipal de Ourinhos realizou na \u00faltima sexta-feira (10) uma opera\u00e7\u00e3o conjunta com a Pol\u00edcia Civil para refor\u00e7ar a fiscaliza\u00e7\u00e3o em estabelecimentos que comercializam bebidas alco\u00f3licas. A a\u00e7\u00e3o teve como foco prevenir casos de intoxica\u00e7\u00e3o por metanol e combater irregularidades em bares, adegas e lanchonetes da cidade.<\/p>\n\n\n\n<h2 class=\"wp-block-heading\">Opera\u00e7\u00e3o fiscalizou sete estabelecimentos<\/h2>\n\n\n\n<p>Durante a opera\u00e7\u00e3o, sete locais foram vistoriados por equipes formadas por servidores da Secretaria Municipal de Justi\u00e7a e Cidadania, Vigil\u00e2ncia Sanit\u00e1ria, Secretaria de Finan\u00e7as (setor de Posturas) e Procon Ourinhos. Foram verificadas licen\u00e7as de funcionamento, condi\u00e7\u00f5es sanit\u00e1rias, prazo de validade e origem das bebidas comercializadas. Em dois estabelecimentos, a Pol\u00edcia Civil apreendeu cigarros de origem irregular.<\/p>\n\n\n\n<h2 class=\"wp-block-heading\">A\u00e7\u00e3o integrada entre \u00f3rg\u00e3os municipais e Pol\u00edcia Civil<\/h2>\n\n\n\n<p>A opera\u00e7\u00e3o foi coordenada pela Secretaria Municipal de Justi\u00e7a e Cidadania, representada pelo secret\u00e1rio Rafael Ken Fukuyama, com apoio do chefe de Gabinete Aur\u00e9lio Pires. Participaram ainda a gerente do Procon Ourinhos, J\u00e9ssica Caroline Const\u00e2ncio, equipes da Vigil\u00e2ncia Sanit\u00e1ria e da Secretaria de Finan\u00e7as.<br>Pela Pol\u00edcia Civil, o trabalho foi conduzido pelo Delegado Seccional Dr. Jos\u00e9 Crisci Manzano, com apoio dos delegados Dr. Jo\u00e3o Ildes Beffa (DIG), Dra. Viviane B. Y. Sponchiado (SIG) e Dr. Pedro Ot\u00e1vio Telles do Nascimento, titular da Delegacia de Ourinhos.<\/p>\n\n\n\n<h2 class=\"wp-block-heading\">A\u00e7\u00f5es educativas e preven\u00e7\u00e3o<\/h2>\n\n\n\n<p>Al\u00e9m da fiscaliza\u00e7\u00e3o, as equipes do Procon e da Vigil\u00e2ncia Sanit\u00e1ria realizaram orienta\u00e7\u00f5es junto aos comerciantes sobre boas pr\u00e1ticas, seguran\u00e7a no armazenamento e venda de bebidas, validade dos produtos e direitos do consumidor.<br>Segundo a Secretaria Municipal de Sa\u00fade, at\u00e9 o momento Ourinhos n\u00e3o possui casos confirmados de intoxica\u00e7\u00e3o por metanol, mas h\u00e1 notifica\u00e7\u00f5es sob monitoramento. A intensifica\u00e7\u00e3o da fiscaliza\u00e7\u00e3o visa justamente evitar ocorr\u00eancias dessa natureza e garantir a seguran\u00e7a da popula\u00e7\u00e3o.<\/p>\n\n\n\n<h2 class=\"wp-block-heading\">Declara\u00e7\u00e3o e pr\u00f3ximos passos<\/h2>\n\n\n\n<p>O secret\u00e1rio Rafael Ken Fukuyama destacou que o trabalho conjunto refor\u00e7a o compromisso da administra\u00e7\u00e3o municipal com a legalidade e a prote\u00e7\u00e3o \u00e0 sa\u00fade p\u00fablica. \u201cEssa a\u00e7\u00e3o demonstra o empenho da Prefeitura em atuar de forma integrada, garantindo o cumprimento das normas e a seguran\u00e7a dos consumidores\u201d, afirmou.<\/p>\n\n\n\n<p>A Prefeitura informou que novas fiscaliza\u00e7\u00f5es ser\u00e3o realizadas nos pr\u00f3ximos dias, ampliando a cobertura das a\u00e7\u00f5es preventivas. A Pol\u00edcia Civil tamb\u00e9m orienta que os consumidores adquiram bebidas apenas de fornecedores de confian\u00e7a, verificando sempre a proced\u00eancia e solicitando nota fiscal.<\/p>\n\n\n\n<figure class=\"wp-block-gallery has-nested-images columns-default is-cropped wp-block-gallery-1 is-layout-flex wp-block-gallery-is-layout-flex\">\n<figure class=\"wp-block-image size-large\"><a href=\"https:\/\/noticiasregionais.com.br\/wp-content\/uploads\/2025\/10\/WhatsApp-Image-2025-10-13-at-09.56.342.jpeg\"><img decoding=\"async\" width=\"1024\" height=\"819\" data-id=\"10416\" src=\"https:\/\/noticiasregionais.com.br\/wp-content\/uploads\/2025\/10\/WhatsApp-Image-2025-10-13-at-09.56.342-1024x819.jpeg\" alt=\"\" class=\"wp-image-10416\" srcset=\"https:\/\/noticiasregionais.com.br\/wp-content\/uploads\/2025\/10\/WhatsApp-Image-2025-10-13-at-09.56.342-1024x819.jpeg 1024w, https:\/\/noticiasregionais.com.br\/wp-content\/uploads\/2025\/10\/WhatsApp-Image-2025-10-13-at-09.56.342-300x240.jpeg 300w, https:\/\/noticiasregionais.com.br\/wp-content\/uploads\/2025\/10\/WhatsApp-Image-2025-10-13-at-09.56.342-768x614.jpeg 768w, https:\/\/noticiasregionais.com.br\/wp-content\/uploads\/2025\/10\/WhatsApp-Image-2025-10-13-at-09.56.342-1536x1228.jpeg 1536w, https:\/\/noticiasregionais.com.br\/wp-content\/uploads\/2025\/10\/WhatsApp-Image-2025-10-13-at-09.56.342.jpeg 1600w\" sizes=\"(max-width: 1024px) 100vw, 1024px\" \/><\/a><\/figure>\n\n\n\n<figure class=\"wp-block-image size-large\"><a href=\"https:\/\/noticiasregionais.com.br\/wp-content\/uploads\/2025\/10\/WhatsApp-Image-2025-10-13-at-09.56.341.jpeg\"><img decoding=\"async\" width=\"1024\" height=\"819\" data-id=\"10417\" src=\"https:\/\/noticiasregionais.com.br\/wp-content\/uploads\/2025\/10\/WhatsApp-Image-2025-10-13-at-09.56.341-1024x819.jpeg\" alt=\"\" class=\"wp-image-10417\" srcset=\"https:\/\/noticiasregionais.com.br\/wp-content\/uploads\/2025\/10\/WhatsApp-Image-2025-10-13-at-09.56.341-1024x819.jpeg 1024w, https:\/\/noticiasregionais.com.br\/wp-content\/uploads\/2025\/10\/WhatsApp-Image-2025-10-13-at-09.56.341-300x240.jpeg 300w, https:\/\/noticiasregionais.com.br\/wp-content\/uploads\/2025\/10\/WhatsApp-Image-2025-10-13-at-09.56.341-768x614.jpeg 768w, https:\/\/noticiasregionais.com.br\/wp-content\/uploads\/2025\/10\/WhatsApp-Image-2025-10-13-at-09.56.341-1536x1228.jpeg 1536w, https:\/\/noticiasregionais.com.br\/wp-content\/uploads\/2025\/10\/WhatsApp-Image-2025-10-13-at-09.56.341.jpeg 1600w\" sizes=\"(max-width: 1024px) 100vw, 1024px\" \/><\/a><\/figure>\n\n\n\n<figure class=\"wp-block-image size-large\"><a href=\"https:\/\/noticiasregionais.com.br\/wp-content\/uploads\/2025\/10\/WhatsApp-Image-2025-10-13-at-09.56.33.jpeg\"><img decoding=\"async\" width=\"1024\" height=\"819\" data-id=\"10419\" src=\"https:\/\/noticiasregionais.com.br\/wp-content\/uploads\/2025\/10\/WhatsApp-Image-2025-10-13-at-09.56.33-1024x819.jpeg\" alt=\"\" class=\"wp-image-10419\" srcset=\"https:\/\/noticiasregionais.com.br\/wp-content\/uploads\/2025\/10\/WhatsApp-Image-2025-10-13-at-09.56.33-1024x819.jpeg 1024w, https:\/\/noticiasregionais.com.br\/wp-content\/uploads\/2025\/10\/WhatsApp-Image-2025-10-13-at-09.56.33-300x240.jpeg 300w, https:\/\/noticiasregionais.com.br\/wp-content\/uploads\/2025\/10\/WhatsApp-Image-2025-10-13-at-09.56.33-768x614.jpeg 768w, https:\/\/noticiasregionais.com.br\/wp-content\/uploads\/2025\/10\/WhatsApp-Image-2025-10-13-at-09.56.33-1536x1228.jpeg 1536w, https:\/\/noticiasregionais.com.br\/wp-content\/uploads\/2025\/10\/WhatsApp-Image-2025-10-13-at-09.56.33.jpeg 1600w\" sizes=\"(max-width: 1024px) 100vw, 1024px\" \/><\/a><\/figure>\n<\/figure>\n<input type=\"hidden\" id=\"baseurl\" value=\"https:\/\/noticiasregionais.com.br\"><input type=\"hidden\" id=\"audio_nonce\" value=\"533fbb67b1\">","protected":false},"excerpt":{"rendered":"<p>A Prefeitura Municipal de Ourinhos realizou na \u00faltima sexta-feira (10) uma opera\u00e7\u00e3o conjunta com a Pol\u00edcia Civil para refor\u00e7ar a&hellip;<\/p>\n","protected":false},"author":1,"featured_media":10418,"comment_status":"closed","ping_status":"open","sticky":false,"template":"","format":"standard","meta":{"sfsi_plus_gutenberg_text_before_share":"","sfsi_plus_gutenberg_show_text_before_share":"","sfsi_plus_gutenberg_icon_type":"","sfsi_plus_gutenberg_icon_alignemt":"","sfsi_plus_gutenburg_max_per_row":"","footnotes":""},"categories":[12,1,5],"tags":[16],"class_list":["post-10415","post","type-post","status-publish","format-standard","has-post-thumbnail","hentry","category-capa","category-noticias","category-ourinhos","tag-ourinhos"],"_links":{"self":[{"href":"https:\/\/noticiasregionais.com.br\/index.php?rest_route=\/wp\/v2\/posts\/10415","targetHints":{"allow":["GET"]}}],"collection":[{"href":"https:\/\/noticiasregionais.com.br\/index.php?rest_route=\/wp\/v2\/posts"}],"about":[{"href":"https:\/\/noticiasregionais.com.br\/index.php?rest_route=\/wp\/v2\/types\/post"}],"author":[{"embeddable":true,"href":"https:\/\/noticiasregionais.com.br\/index.php?rest_route=\/wp\/v2\/users\/1"}],"replies":[{"embeddable":true,"href":"https:\/\/noticiasregionais.com.br\/index.php?rest_route=%2Fwp%2Fv2%2Fcomments&post=10415"}],"version-history":[{"count":1,"href":"https:\/\/noticiasregionais.com.br\/index.php?rest_route=\/wp\/v2\/posts\/10415\/revisions"}],"predecessor-version":[{"id":10420,"href":"https:\/\/noticiasregionais.com.br\/index.php?rest_route=\/wp\/v2\/posts\/10415\/revisions\/10420"}],"wp:featuredmedia":[{"embeddable":true,"href":"https:\/\/noticiasregionais.com.br\/index.php?rest_route=\/wp\/v2\/media\/10418"}],"wp:attachment":[{"href":"https:\/\/noticiasregionais.com.br\/index.php?rest_route=%2Fwp%2Fv2%2Fmedia&parent=10415"}],"wp:term":[{"taxonomy":"category","embeddable":true,"href":"https:\/\/noticiasregionais.com.br\/index.php?rest_route=%2Fwp%2Fv2%2Fcategories&post=10415"},{"taxonomy":"post_tag","embeddable":true,"href":"https:\/\/noticiasregionais.com.br\/index.php?rest_route=%2Fwp%2Fv2%2Ftags&post=10415"}],"curies":[{"name":"wp","href":"https:\/\/api.w.org\/{rel}","templated":true}]}}