{"id":10421,"date":"2025-10-13T14:00:13","date_gmt":"2025-10-13T17:00:13","guid":{"rendered":"https:\/\/noticiasregionais.com.br\/?p=10421"},"modified":"2025-10-13T14:00:18","modified_gmt":"2025-10-13T17:00:18","slug":"policia-militar-prende-suspeito-de-homicidio-em-area-rural-de-ribeirao-claro","status":"publish","type":"post","link":"https:\/\/noticiasregionais.com.br\/?p=10421","title":{"rendered":"Pol\u00edcia Militar prende suspeito de homic\u00eddio em \u00e1rea rural de Ribeir\u00e3o Claro"},"content":{"rendered":"\n<p>Na madrugada de s\u00e1bado (11), a Pol\u00edcia Militar prendeu um homem suspeito de cometer um homic\u00eddio em uma estrada rural pr\u00f3xima ao bairro Sombreiro, em Ribeir\u00e3o Claro, norte do Paran\u00e1. O crime ocorreu por volta das 00h30 e vitimou um homem adulto, que n\u00e3o resistiu aos ferimentos.<\/p>\n\n\n\n<h2 class=\"wp-block-heading\">Crime motivado por amea\u00e7as e viol\u00eancia dom\u00e9stica<\/h2>\n\n\n\n<p>Segundo informa\u00e7\u00f5es coletadas pela PM, o suspeito teria atacado sua companheira e um amigo dela utilizando uma faca e uma tesoura. A mulher relatou aos policiais que vinha sofrendo amea\u00e7as constantes por parte do agressor, que exigia dinheiro para consumo de drogas.<br>No dia do crime, temendo novas agress\u00f5es, ela pediu ajuda a familiares e a um amigo, que foi at\u00e9 sua casa. Neste momento, o suspeito chegou de forma violenta, danificou um ve\u00edculo e objetos dentro da resid\u00eancia e partiu para o ataque contra o homem que a acompanhava, causando-lhe a morte no local.<\/p>\n\n\n\n<h2 class=\"wp-block-heading\">Pris\u00e3o do suspeito<\/h2>\n\n\n\n<p>Durante as buscas, as equipes localizaram o suspeito empurrando uma motocicleta em uma estrada pr\u00f3xima. Com ele, foi encontrada a tesoura usada no crime. O homem recebeu voz de pris\u00e3o e foi algemado para garantir a seguran\u00e7a da equipe e da popula\u00e7\u00e3o.<br>A Pol\u00edcia Cient\u00edfica e a Pol\u00edcia Civil foram acionadas para os procedimentos de investiga\u00e7\u00e3o. A mulher do suspeito e familiares das v\u00edtimas receberam atendimento m\u00e9dico, e uma delas precisou ser hospitalizada em estado de choque.<\/p>\n\n\n\n<h2 class=\"wp-block-heading\">Crian\u00e7as sob prote\u00e7\u00e3o<\/h2>\n\n\n\n<p>No local do crime havia duas crian\u00e7as. O Conselho Tutelar foi acionado para prestar assist\u00eancia e garantir a prote\u00e7\u00e3o dos menores.<br>Ap\u00f3s exame m\u00e9dico de praxe, o suspeito foi encaminhado para a Delegacia de Pol\u00edcia Civil de Jacarezinho, onde permanece \u00e0 disposi\u00e7\u00e3o da Justi\u00e7a.<\/p>\n\n\n\n<p>A Pol\u00edcia Militar refor\u00e7a que den\u00fancias de viol\u00eancia dom\u00e9stica e amea\u00e7as devem ser comunicadas imediatamente para que medidas preventivas e de prote\u00e7\u00e3o sejam adotadas.<\/p>\n\n\n\n<p><\/p>\n<input type=\"hidden\" id=\"baseurl\" value=\"https:\/\/noticiasregionais.com.br\"><input type=\"hidden\" id=\"audio_nonce\" value=\"533fbb67b1\">","protected":false},"excerpt":{"rendered":"<p>Na madrugada de s\u00e1bado (11), a Pol\u00edcia Militar prendeu um homem suspeito de cometer um homic\u00eddio em uma estrada rural&hellip;<\/p>\n","protected":false},"author":1,"featured_media":10422,"comment_status":"closed","ping_status":"open","sticky":false,"template":"","format":"standard","meta":{"sfsi_plus_gutenberg_text_before_share":"","sfsi_plus_gutenberg_show_text_before_share":"","sfsi_plus_gutenberg_icon_type":"","sfsi_plus_gutenberg_icon_alignemt":"","sfsi_plus_gutenburg_max_per_row":"","footnotes":""},"categories":[10,1,7],"tags":[59],"class_list":["post-10421","post","type-post","status-publish","format-standard","has-post-thumbnail","hentry","category-destaques","category-noticias","category-parana","tag-ribeirao_claro"],"_links":{"self":[{"href":"https:\/\/noticiasregionais.com.br\/index.php?rest_route=\/wp\/v2\/posts\/10421","targetHints":{"allow":["GET"]}}],"collection":[{"href":"https:\/\/noticiasregionais.com.br\/index.php?rest_route=\/wp\/v2\/posts"}],"about":[{"href":"https:\/\/noticiasregionais.com.br\/index.php?rest_route=\/wp\/v2\/types\/post"}],"author":[{"embeddable":true,"href":"https:\/\/noticiasregionais.com.br\/index.php?rest_route=\/wp\/v2\/users\/1"}],"replies":[{"embeddable":true,"href":"https:\/\/noticiasregionais.com.br\/index.php?rest_route=%2Fwp%2Fv2%2Fcomments&post=10421"}],"version-history":[{"count":1,"href":"https:\/\/noticiasregionais.com.br\/index.php?rest_route=\/wp\/v2\/posts\/10421\/revisions"}],"predecessor-version":[{"id":10423,"href":"https:\/\/noticiasregionais.com.br\/index.php?rest_route=\/wp\/v2\/posts\/10421\/revisions\/10423"}],"wp:featuredmedia":[{"embeddable":true,"href":"https:\/\/noticiasregionais.com.br\/index.php?rest_route=\/wp\/v2\/media\/10422"}],"wp:attachment":[{"href":"https:\/\/noticiasregionais.com.br\/index.php?rest_route=%2Fwp%2Fv2%2Fmedia&parent=10421"}],"wp:term":[{"taxonomy":"category","embeddable":true,"href":"https:\/\/noticiasregionais.com.br\/index.php?rest_route=%2Fwp%2Fv2%2Fcategories&post=10421"},{"taxonomy":"post_tag","embeddable":true,"href":"https:\/\/noticiasregionais.com.br\/index.php?rest_route=%2Fwp%2Fv2%2Ftags&post=10421"}],"curies":[{"name":"wp","href":"https:\/\/api.w.org\/{rel}","templated":true}]}}