{"id":10424,"date":"2025-10-13T14:14:24","date_gmt":"2025-10-13T17:14:24","guid":{"rendered":"https:\/\/noticiasregionais.com.br\/?p=10424"},"modified":"2025-10-13T14:14:55","modified_gmt":"2025-10-13T17:14:55","slug":"camara-municipal-realiza-35a-sessao-ordinaria-com-foco-em-saude-infraestrutura-e-seguranca","status":"publish","type":"post","link":"https:\/\/noticiasregionais.com.br\/?p=10424","title":{"rendered":"C\u00e2mara Municipal realiza 35\u00aa Sess\u00e3o Ordin\u00e1ria com foco em sa\u00fade, infraestrutura e seguran\u00e7a"},"content":{"rendered":"\n<p>A C\u00e2mara Municipal de Ourinhos realiza nesta segunda-feira, 13 de outubro de 2025, a 35\u00aa Sess\u00e3o Ordin\u00e1ria do ano, com uma pauta abrangente que inclui diversos requerimentos, indica\u00e7\u00f5es, mo\u00e7\u00f5es e projeto de lei. A reuni\u00e3o legislativa, que ocorre \u00e0 noite, traz temas priorit\u00e1rios para a cidade relacionados \u00e0 sa\u00fade p\u00fablica, infraestrutura urbana, educa\u00e7\u00e3o, fiscaliza\u00e7\u00e3o e transpar\u00eancia administrativa.<\/p>\n\n\n\n<h2 class=\"wp-block-heading\">Sa\u00fade p\u00fablica e prote\u00e7\u00e3o \u00e0 popula\u00e7\u00e3o<\/h2>\n\n\n\n<p>Os vereadores solicitam informa\u00e7\u00f5es \u00e0 Prefeitura sobre o retorno do transporte para pacientes que necessitam de sess\u00f5es de fisioterapia, essenciais para sua recupera\u00e7\u00e3o. Tamb\u00e9m cobram dados sobre o agendamento de consultas especializadas, como as de proctologia, e sobre a fila da cirurgia renal, al\u00e9m da contrata\u00e7\u00e3o de nefrologista.<\/p>\n\n\n\n<p>Um destaque importante na sess\u00e3o \u00e9 o combate \u00e0 venda de bebidas adulteradas com metanol, com requerimentos que pedem a suspens\u00e3o do alvar\u00e1 por 12 meses dos estabelecimentos flagrados e a ado\u00e7\u00e3o de medidas criminais contra os respons\u00e1veis. Al\u00e9m disso, os parlamentares solicitam dados epidemiol\u00f3gicos sobre casos de dengue em 2025 para planejamento de a\u00e7\u00f5es de controle.<\/p>\n\n\n\n<h2 class=\"wp-block-heading\">Infraestrutura e mobilidade<\/h2>\n\n\n\n<p>A pauta traz indica\u00e7\u00f5es para recapeamento asf\u00e1ltico em v\u00e1rias ruas de bairros como Nossa Senhora Aparecida, Jardim Europa e Vila Christoni. Tamb\u00e9m h\u00e1 pedidos para instala\u00e7\u00e3o de redutores de velocidade, como quebra-molas, e refor\u00e7o na sinaliza\u00e7\u00e3o vi\u00e1ria do munic\u00edpio, com estudos para implanta\u00e7\u00e3o de rotat\u00f3rias em pontos cr\u00edticos, como na Avenida Presidente Get\u00falio Vargas, Jardim Matilde.<\/p>\n\n\n\n<h2 class=\"wp-block-heading\">Educa\u00e7\u00e3o e inclus\u00e3o social<\/h2>\n\n\n\n<p>Entre os requerimentos, destaca-se a possibilidade de implanta\u00e7\u00e3o de programas de alfabetiza\u00e7\u00e3o para adultos nos CRAS e na Casa da Mulher Paulista, al\u00e9m da amplia\u00e7\u00e3o da Escola de Educa\u00e7\u00e3o Infantil M\u00e1rio de Andrade. Tamb\u00e9m s\u00e3o cobradas informa\u00e7\u00f5es sobre capacita\u00e7\u00e3o de profissionais da educa\u00e7\u00e3o para atendimento especializado a alunos com defici\u00eancia.<\/p>\n\n\n\n<h2 class=\"wp-block-heading\">Transpar\u00eancia e gest\u00e3o p\u00fablica<\/h2>\n\n\n\n<p>A C\u00e2mara exige transpar\u00eancia na gest\u00e3o municipal, solicitando certid\u00f5es detalhadas sobre pagamentos e cronologia financeira da Secretaria de Finan\u00e7as, c\u00f3pias dos contratos de presta\u00e7\u00e3o de servi\u00e7os nas escolas, al\u00e9m de informa\u00e7\u00f5es sobre nomea\u00e7\u00f5es em cargos comissionados e rescis\u00f5es na \u00e1rea de educa\u00e7\u00e3o.<\/p>\n\n\n\n<h2 class=\"wp-block-heading\">Homenagens e reconhecimento<\/h2>\n\n\n\n<p>A sess\u00e3o tamb\u00e9m conta com mo\u00e7\u00f5es de congratula\u00e7\u00f5es e votos de pesar. Entre os destaques est\u00e3o os reconhecimentos a institui\u00e7\u00f5es como a UNIFIO por a\u00e7\u00f5es sociais e eventos que promovem o bem-estar da comunidade, al\u00e9m de homenagens ao chef de cozinha Marcelo Alc\u00e2ntara Rocha e a Associa\u00e7\u00e3o de Moradores do bairro Helena Braz Vendramini.<\/p>\n\n\n\n<h2 class=\"wp-block-heading\">Projeto de lei<\/h2>\n\n\n\n<p>Um dos pontos da sess\u00e3o \u00e9 o Projeto de Lei n\u00ba 68\/2025, que prop\u00f5e responsabilizar concession\u00e1rias de servi\u00e7os p\u00fablicos pelo ressarcimento ao munic\u00edpio das despesas realizadas pelo Sistema \u00danico de Sa\u00fade (SUS) no atendimento a v\u00edtimas de acidentes decorrentes de falhas na presta\u00e7\u00e3o dos servi\u00e7os.<\/p>\n\n\n\n<h2 class=\"wp-block-heading\">Expectativas da sess\u00e3o<\/h2>\n\n\n\n<p>A reuni\u00e3o desta segunda-feira \u00e9 considerada uma oportunidade para aprofundar o debate sobre temas de interesse direto da popula\u00e7\u00e3o e cobrar a\u00e7\u00f5es efetivas do Executivo municipal. A C\u00e2mara mant\u00e9m seu papel de fiscaliza\u00e7\u00e3o e controle, assegurando a transpar\u00eancia e a efici\u00eancia na administra\u00e7\u00e3o p\u00fablica.<\/p>\n\n\n\n<p>A 35\u00aa Sess\u00e3o Ordin\u00e1ria da C\u00e2mara Municipal de Ourinhos acontece a partir das 19 horas e ser\u00e1 acompanhada com aten\u00e7\u00e3o por cidad\u00e3os e entidades locais interessados nas decis\u00f5es que impactam o cotidiano da cidade.<\/p>\n<input type=\"hidden\" id=\"baseurl\" value=\"https:\/\/noticiasregionais.com.br\"><input type=\"hidden\" id=\"audio_nonce\" value=\"533fbb67b1\">","protected":false},"excerpt":{"rendered":"<p>A C\u00e2mara Municipal de Ourinhos realiza nesta segunda-feira, 13 de outubro de 2025, a 35\u00aa Sess\u00e3o Ordin\u00e1ria do ano, com&hellip;<\/p>\n","protected":false},"author":1,"featured_media":2603,"comment_status":"closed","ping_status":"open","sticky":false,"template":"","format":"standard","meta":{"sfsi_plus_gutenberg_text_before_share":"","sfsi_plus_gutenberg_show_text_before_share":"","sfsi_plus_gutenberg_icon_type":"","sfsi_plus_gutenberg_icon_alignemt":"","sfsi_plus_gutenburg_max_per_row":"","footnotes":""},"categories":[10,1,5],"tags":[16],"class_list":["post-10424","post","type-post","status-publish","format-standard","has-post-thumbnail","hentry","category-destaques","category-noticias","category-ourinhos","tag-ourinhos"],"_links":{"self":[{"href":"https:\/\/noticiasregionais.com.br\/index.php?rest_route=\/wp\/v2\/posts\/10424","targetHints":{"allow":["GET"]}}],"collection":[{"href":"https:\/\/noticiasregionais.com.br\/index.php?rest_route=\/wp\/v2\/posts"}],"about":[{"href":"https:\/\/noticiasregionais.com.br\/index.php?rest_route=\/wp\/v2\/types\/post"}],"author":[{"embeddable":true,"href":"https:\/\/noticiasregionais.com.br\/index.php?rest_route=\/wp\/v2\/users\/1"}],"replies":[{"embeddable":true,"href":"https:\/\/noticiasregionais.com.br\/index.php?rest_route=%2Fwp%2Fv2%2Fcomments&post=10424"}],"version-history":[{"count":1,"href":"https:\/\/noticiasregionais.com.br\/index.php?rest_route=\/wp\/v2\/posts\/10424\/revisions"}],"predecessor-version":[{"id":10425,"href":"https:\/\/noticiasregionais.com.br\/index.php?rest_route=\/wp\/v2\/posts\/10424\/revisions\/10425"}],"wp:featuredmedia":[{"embeddable":true,"href":"https:\/\/noticiasregionais.com.br\/index.php?rest_route=\/wp\/v2\/media\/2603"}],"wp:attachment":[{"href":"https:\/\/noticiasregionais.com.br\/index.php?rest_route=%2Fwp%2Fv2%2Fmedia&parent=10424"}],"wp:term":[{"taxonomy":"category","embeddable":true,"href":"https:\/\/noticiasregionais.com.br\/index.php?rest_route=%2Fwp%2Fv2%2Fcategories&post=10424"},{"taxonomy":"post_tag","embeddable":true,"href":"https:\/\/noticiasregionais.com.br\/index.php?rest_route=%2Fwp%2Fv2%2Ftags&post=10424"}],"curies":[{"name":"wp","href":"https:\/\/api.w.org\/{rel}","templated":true}]}}