{"id":10426,"date":"2025-10-13T14:50:24","date_gmt":"2025-10-13T17:50:24","guid":{"rendered":"https:\/\/noticiasregionais.com.br\/?p=10426"},"modified":"2025-10-13T14:50:56","modified_gmt":"2025-10-13T17:50:56","slug":"ourinhos-realiza-dia-d-da-campanha-nacional-de-multivacinacao-em-18-de-outubro","status":"publish","type":"post","link":"https:\/\/noticiasregionais.com.br\/?p=10426","title":{"rendered":"Ourinhos realiza Dia D da Campanha Nacional de Multivacina\u00e7\u00e3o em 18 de outubro"},"content":{"rendered":"\n<p>A Prefeitura de Ourinhos, por meio da Secretaria Municipal de Sa\u00fade, promove neste s\u00e1bado, 18 de outubro de 2025, o Dia D da Campanha Nacional de Multivacina\u00e7\u00e3o. A iniciativa \u00e9 destinada a crian\u00e7as e adolescentes de 0 a 15 anos, com o objetivo de atualizar a caderneta de vacina\u00e7\u00e3o e refor\u00e7ar a prote\u00e7\u00e3o contra diversas doen\u00e7as preven\u00edveis.<\/p>\n\n\n\n<h2 class=\"wp-block-heading\">Onde e quando vacinar<\/h2>\n\n\n\n<p>A mobiliza\u00e7\u00e3o ocorre das 8h \u00e0s 12h em diversas Unidades B\u00e1sicas de Sa\u00fade (UBS) do munic\u00edpio, com exce\u00e7\u00e3o do Centro de Sa\u00fade I (Post\u00e3o), que atender\u00e1 at\u00e9 \u00e0s 17h. Os locais para vacina\u00e7\u00e3o s\u00e3o:<\/p>\n\n\n\n<ul class=\"wp-block-list\">\n<li>Centro de Sa\u00fade I (Post\u00e3o) \u2013 at\u00e9 17h<\/li>\n\n\n\n<li>UBS Parque Minas Gerais<\/li>\n\n\n\n<li>UBS Jardim Itamaraty<\/li>\n\n\n\n<li>UBS Vila Margarida<\/li>\n\n\n\n<li>UBS Regi\u00e3o Oeste<\/li>\n\n\n\n<li>UBS Vila S\u00e3o Luiz<\/li>\n\n\n\n<li>UBS Vila Odilon<\/li>\n\n\n\n<li>UBS Vila Brasil<\/li>\n\n\n\n<li>UBS Cohab<\/li>\n\n\n\n<li>UBS CAIC<\/li>\n<\/ul>\n\n\n\n<h2 class=\"wp-block-heading\">O que \u00e9 necess\u00e1rio levar<\/h2>\n\n\n\n<p>Para receber as vacinas, \u00e9 obrigat\u00f3rio apresentar documento oficial com foto e a caderneta de vacina\u00e7\u00e3o, para que os profissionais possam verificar a necessidade de atualiza\u00e7\u00e3o das doses.<\/p>\n\n\n\n<h2 class=\"wp-block-heading\">Import\u00e2ncia da campanha<\/h2>\n\n\n\n<p>O Dia D da Multivacina\u00e7\u00e3o \u00e9 uma estrat\u00e9gia importante para evitar a queda na cobertura vacinal e prevenir o retorno de doen\u00e7as j\u00e1 erradicadas no pa\u00eds, como sarampo e poliomielite. A a\u00e7\u00e3o contribui para a prote\u00e7\u00e3o individual e coletiva da popula\u00e7\u00e3o infantil e adolescente, refor\u00e7ando o compromisso com a sa\u00fade p\u00fablica em Ourinhos e em todo o Brasil.<\/p>\n\n\n\n<h2 class=\"wp-block-heading\">Vacinas dispon\u00edveis<\/h2>\n\n\n\n<p>A campanha contempla todas as vacinas previstas no Calend\u00e1rio Nacional de Vacina\u00e7\u00e3o 2025, incluindo imunizantes contra poliomielite, sarampo, febre amarela, HPV, covid-19, entre outras, garantindo a prote\u00e7\u00e3o contra v\u00e1rias doen\u00e7as potencialmente graves.<\/p>\n\n\n\n<p>A Secretaria Municipal de Sa\u00fade de Ourinhos refor\u00e7a o chamado para que pais e respons\u00e1veis levem suas crian\u00e7as e adolescentes para garantir a atualiza\u00e7\u00e3o da imuniza\u00e7\u00e3o, contribuindo para uma cidade mais saud\u00e1vel e protegida.<\/p>\n\n\n\n<hr class=\"wp-block-separator has-alpha-channel-opacity\"\/>\n\n\n\n<p>Esta mobiliza\u00e7\u00e3o faz parte da Campanha Nacional de Multivacina\u00e7\u00e3o que acontece em todo o pa\u00eds durante o m\u00eas de outubro, com o Dia D concentrando esfor\u00e7os para agilizar a vacina\u00e7\u00e3o no p\u00fablico-alvo. Aproveite essa oportunidade para cuidar da sa\u00fade e proteger as crian\u00e7as e adolescentes de Ourinhos.<\/p>\n\n\n<div class=\"wp-block-image\">\n<figure class=\"aligncenter size-large\"><img decoding=\"async\" width=\"819\" height=\"1024\" src=\"https:\/\/noticiasregionais.com.br\/wp-content\/uploads\/2025\/10\/WhatsApp-Image-2025-10-13-at-14.14.02-819x1024.jpeg\" alt=\"\" class=\"wp-image-10427\" srcset=\"https:\/\/noticiasregionais.com.br\/wp-content\/uploads\/2025\/10\/WhatsApp-Image-2025-10-13-at-14.14.02-819x1024.jpeg 819w, https:\/\/noticiasregionais.com.br\/wp-content\/uploads\/2025\/10\/WhatsApp-Image-2025-10-13-at-14.14.02-240x300.jpeg 240w, https:\/\/noticiasregionais.com.br\/wp-content\/uploads\/2025\/10\/WhatsApp-Image-2025-10-13-at-14.14.02-768x960.jpeg 768w, https:\/\/noticiasregionais.com.br\/wp-content\/uploads\/2025\/10\/WhatsApp-Image-2025-10-13-at-14.14.02.jpeg 1080w\" sizes=\"(max-width: 819px) 100vw, 819px\" \/><\/figure>\n<\/div><input type=\"hidden\" id=\"baseurl\" value=\"https:\/\/noticiasregionais.com.br\"><input type=\"hidden\" id=\"audio_nonce\" value=\"3cdc555a10\">","protected":false},"excerpt":{"rendered":"<p>A Prefeitura de Ourinhos, por meio da Secretaria Municipal de Sa\u00fade, promove neste s\u00e1bado, 18 de outubro de 2025, o&hellip;<\/p>\n","protected":false},"author":1,"featured_media":10428,"comment_status":"closed","ping_status":"open","sticky":false,"template":"","format":"standard","meta":{"sfsi_plus_gutenberg_text_before_share":"","sfsi_plus_gutenberg_show_text_before_share":"","sfsi_plus_gutenberg_icon_type":"","sfsi_plus_gutenberg_icon_alignemt":"","sfsi_plus_gutenburg_max_per_row":"","footnotes":""},"categories":[10,1,5],"tags":[16],"class_list":["post-10426","post","type-post","status-publish","format-standard","has-post-thumbnail","hentry","category-destaques","category-noticias","category-ourinhos","tag-ourinhos"],"_links":{"self":[{"href":"https:\/\/noticiasregionais.com.br\/index.php?rest_route=\/wp\/v2\/posts\/10426","targetHints":{"allow":["GET"]}}],"collection":[{"href":"https:\/\/noticiasregionais.com.br\/index.php?rest_route=\/wp\/v2\/posts"}],"about":[{"href":"https:\/\/noticiasregionais.com.br\/index.php?rest_route=\/wp\/v2\/types\/post"}],"author":[{"embeddable":true,"href":"https:\/\/noticiasregionais.com.br\/index.php?rest_route=\/wp\/v2\/users\/1"}],"replies":[{"embeddable":true,"href":"https:\/\/noticiasregionais.com.br\/index.php?rest_route=%2Fwp%2Fv2%2Fcomments&post=10426"}],"version-history":[{"count":2,"href":"https:\/\/noticiasregionais.com.br\/index.php?rest_route=\/wp\/v2\/posts\/10426\/revisions"}],"predecessor-version":[{"id":10430,"href":"https:\/\/noticiasregionais.com.br\/index.php?rest_route=\/wp\/v2\/posts\/10426\/revisions\/10430"}],"wp:featuredmedia":[{"embeddable":true,"href":"https:\/\/noticiasregionais.com.br\/index.php?rest_route=\/wp\/v2\/media\/10428"}],"wp:attachment":[{"href":"https:\/\/noticiasregionais.com.br\/index.php?rest_route=%2Fwp%2Fv2%2Fmedia&parent=10426"}],"wp:term":[{"taxonomy":"category","embeddable":true,"href":"https:\/\/noticiasregionais.com.br\/index.php?rest_route=%2Fwp%2Fv2%2Fcategories&post=10426"},{"taxonomy":"post_tag","embeddable":true,"href":"https:\/\/noticiasregionais.com.br\/index.php?rest_route=%2Fwp%2Fv2%2Ftags&post=10426"}],"curies":[{"name":"wp","href":"https:\/\/api.w.org\/{rel}","templated":true}]}}