{"id":1043,"date":"2023-11-06T19:28:29","date_gmt":"2023-11-06T22:28:29","guid":{"rendered":"https:\/\/noticiasregionais.com.br\/?p=1043"},"modified":"2023-11-06T19:28:40","modified_gmt":"2023-11-06T22:28:40","slug":"saiba-em-que-situacoes-candidatos-podem-solicitar-reaplicacao-do-enem","status":"publish","type":"post","link":"https:\/\/noticiasregionais.com.br\/?p=1043","title":{"rendered":"Saiba em que situa\u00e7\u00f5es candidatos podem solicitar reaplica\u00e7\u00e3o do Enem"},"content":{"rendered":"\n<p class=\"has-text-align-center\"><strong>Nova prova est\u00e1 marcada para 12 e 13 de dezembro<\/strong><\/p>\n\n\n\n<p><br>Milh\u00f5es de estudantes participaram nesse domingo (5) do&nbsp;<a href=\"https:\/\/agenciabrasil.ebc.com.br\/educacao\/noticia\/2023-11\/primeira-prova-do-enem-teve-mais-textos-e-nivel-de-dificuldade-medio\" target=\"_blank\" rel=\"noreferrer noopener\">primeiro dia de aplica\u00e7\u00e3o das provas<\/a>&nbsp;da edi\u00e7\u00e3o de 2023 do&nbsp;Exame Nacional do Ensino M\u00e9dio (Enem). Mas e se o candidato n\u00e3o compareceu&nbsp;por doen\u00e7a contagiosa ou problemas de log\u00edstica&nbsp;tem direito a fazer a prova em outra data?&nbsp;<img decoding=\"async\" src=\"https:\/\/agenciabrasil.ebc.com.br\/ebc.png?id=1564806&amp;o=node\"><img decoding=\"async\" src=\"https:\/\/agenciabrasil.ebc.com.br\/ebc.gif?id=1564806&amp;o=node\"><\/p>\n\n\n\n<p>Sim. O edital do&nbsp;<a href=\"https:\/\/www.in.gov.br\/en\/web\/dou\/-\/edital-n-30-de-5-de-maio-de-2023-481632388\" target=\"_blank\" rel=\"noreferrer noopener\">Enem 2023<\/a>&nbsp;prev\u00ea a reaplica\u00e7\u00e3o da prova em algumas situa\u00e7\u00f5es. A nova aplica\u00e7\u00e3o ser\u00e1 nos dias 12 e 13 de dezembro, conforme o Instituto Nacional de Estudos e Pesquisas Educacionais An\u00edsio Teixeira (Inep), respons\u00e1vel pela organiza\u00e7\u00e3o do exame. Para&nbsp;solicitar a&nbsp;reaplica\u00e7\u00e3o, o candidato deve fazer o pedido entre 13 e 17 de novembro pela&nbsp;<a href=\"https:\/\/enem.inep.gov.br\/participante\/#!\/\" target=\"_blank\" rel=\"noreferrer noopener\">P\u00e1gina do Participante<\/a>.&nbsp;<\/p>\n\n\n\n<p>&gt;&gt; Saiba&nbsp;em quais casos \u00e9 poss\u00edvel a reaplica\u00e7\u00e3o das provas:&nbsp;<\/p>\n\n\n\n<h2 class=\"wp-block-heading\">Doen\u00e7as infectocontagiosas&nbsp;<\/h2>\n\n\n\n<p>O participante ausente por causa de&nbsp;doen\u00e7a infectocontagiosa poder\u00e1 solicitar a reaplica\u00e7\u00e3o das provas. As doen\u00e7as s\u00e3o as seguintes:<\/p>\n\n\n\n<p>&#8211; tuberculose&nbsp;<\/p>\n\n\n\n<p>&#8211; coqueluche&nbsp;<\/p>\n\n\n\n<p>&#8211; difteria&nbsp;<\/p>\n\n\n\n<p>&#8211; doen\u00e7a invasiva por&nbsp;<em>Haemophilus influenzae<\/em>&nbsp;<\/p>\n\n\n\n<p>&#8211; doen\u00e7a meningoc\u00f3cica e outras meningites&nbsp;<\/p>\n\n\n\n<p>&#8211;&nbsp;&nbsp;var\u00edola&nbsp;<\/p>\n\n\n\n<p>&#8211; var\u00edola dos macacos (monkeypox)&nbsp;<\/p>\n\n\n\n<p>&#8211; influenza humana A e B&nbsp;<\/p>\n\n\n\n<p>&#8211; poliomielite por poliov\u00edrus selvagem&nbsp;<\/p>\n\n\n\n<p>&#8211; sarampo&nbsp;<\/p>\n\n\n\n<p>&#8211; rub\u00e9ola&nbsp;<\/p>\n\n\n\n<p>&#8211; varicela &nbsp;<\/p>\n\n\n\n<p>&#8211; covid-19&nbsp;<\/p>\n\n\n\n<p>O candidato que teve indisposi\u00e7\u00e3o ou problema de sa\u00fade durante a aplica\u00e7\u00e3o do exame, precisando deixar o local, sem retornar ou n\u00e3o concluindo as provas, n\u00e3o pode solicitar a reaplica\u00e7\u00e3o.&nbsp;<\/p>\n\n\n\n<h2 class=\"wp-block-heading\">Problemas log\u00edsticos &nbsp;<\/h2>\n\n\n\n<p>Os seguintes problemas log\u00edsticos tamb\u00e9m podem ser motivo de reaplica\u00e7\u00e3o da prova:&nbsp;<\/p>\n\n\n\n<p>&#8211; desastres naturais que comprometem a infraestrutura do local de provas&nbsp;<\/p>\n\n\n\n<p>&#8211; falta de energia el\u00e9trica (que comprometa a visibilidade da prova pela aus\u00eancia de luz natural)&nbsp;<\/p>\n\n\n\n<p>&#8211; falha no dispositivo eletr\u00f4nico fornecido ao participante &nbsp;<\/p>\n\n\n\n<p>&#8211; erro de execu\u00e7\u00e3o de procedimento de aplica\u00e7\u00e3o que incorra em comprovado preju\u00edzo ao participante&nbsp;<\/p>\n\n\n\n<p>O participante afetado por problemas log\u00edsticos no primeiro dia de aplica\u00e7\u00e3o das provas deve comparecer no segundo dia de aplica\u00e7\u00e3o, dia 12 de novembro e solicitar a reaplica\u00e7\u00e3o somente para o primeiro dia. &nbsp;<\/p>\n\n\n\n<h2 class=\"wp-block-heading\">Local de prova distante &nbsp;<\/h2>\n\n\n\n<p>Pessoas que foram alocadas para locais de prova com dist\u00e2ncia superior a 30 quil\u00f4metros da resid\u00eancia indicada na inscri\u00e7\u00e3o t\u00eam direito \u00e0 reaplica\u00e7\u00e3o da prova. &nbsp;<\/p>\n\n\n\n<h2 class=\"wp-block-heading\">Como solicitar a reaplica\u00e7\u00e3o? &nbsp;<\/h2>\n\n\n\n<p>O candidato deve apresentar a solicita\u00e7\u00e3o na&nbsp;<a href=\"https:\/\/enem.inep.gov.br\/participante\/#!\/\" target=\"_blank\" rel=\"noreferrer noopener\">P\u00e1gina do Participante<\/a>. \u00c9 necess\u00e1rio apresentar documento comprovante da necessidade da reaplica\u00e7\u00e3o do exame, conforme previsto no&nbsp;<a href=\"https:\/\/www.in.gov.br\/en\/web\/dou\/-\/edital-n-30-de-5-de-maio-de-2023-481632388\" target=\"_blank\" rel=\"noreferrer noopener\">item 4.2.3 do edital<\/a>, como diagn\u00f3stico da doen\u00e7a. &nbsp;<\/p>\n\n\n\n<p>Os dados inseridos no pedido n\u00e3o podem ser alterados ap\u00f3s envio. &nbsp;<\/p>\n\n\n\n<p>O prazo para solicita\u00e7\u00e3o&nbsp;vai de 13 a 17 de novembro. N\u00e3o ser\u00e3o aceitos pedidos depois do prazo. &nbsp;<\/p>\n\n\n\n<h2 class=\"wp-block-heading\">O Enem ser\u00e1 reaplicado mais de uma vez?&nbsp;<\/h2>\n\n\n\n<p>De acordo com o edital, haver\u00e1 somente uma reaplica\u00e7\u00e3o. O Inep informou que as datas s\u00e3o 12 e 13 de dezembro.<\/p>\n\n\n\n<p><strong><sub>fonte: Ag\u00eancia Brasil &#8211; EBC<\/sub><\/strong><\/p>\n<input type=\"hidden\" id=\"baseurl\" value=\"https:\/\/noticiasregionais.com.br\"><input type=\"hidden\" id=\"audio_nonce\" value=\"533fbb67b1\">","protected":false},"excerpt":{"rendered":"<p>Nova prova est\u00e1 marcada para 12 e 13 de dezembro Milh\u00f5es de estudantes participaram nesse domingo (5) do&nbsp;primeiro dia de&hellip;<\/p>\n","protected":false},"author":1,"featured_media":1044,"comment_status":"closed","ping_status":"open","sticky":false,"template":"","format":"standard","meta":{"sfsi_plus_gutenberg_text_before_share":"","sfsi_plus_gutenberg_show_text_before_share":"","sfsi_plus_gutenberg_icon_type":"","sfsi_plus_gutenberg_icon_alignemt":"","sfsi_plus_gutenburg_max_per_row":"","footnotes":""},"categories":[8,12,1],"tags":[],"class_list":["post-1043","post","type-post","status-publish","format-standard","has-post-thumbnail","hentry","category-brasil","category-capa","category-noticias"],"_links":{"self":[{"href":"https:\/\/noticiasregionais.com.br\/index.php?rest_route=\/wp\/v2\/posts\/1043","targetHints":{"allow":["GET"]}}],"collection":[{"href":"https:\/\/noticiasregionais.com.br\/index.php?rest_route=\/wp\/v2\/posts"}],"about":[{"href":"https:\/\/noticiasregionais.com.br\/index.php?rest_route=\/wp\/v2\/types\/post"}],"author":[{"embeddable":true,"href":"https:\/\/noticiasregionais.com.br\/index.php?rest_route=\/wp\/v2\/users\/1"}],"replies":[{"embeddable":true,"href":"https:\/\/noticiasregionais.com.br\/index.php?rest_route=%2Fwp%2Fv2%2Fcomments&post=1043"}],"version-history":[{"count":1,"href":"https:\/\/noticiasregionais.com.br\/index.php?rest_route=\/wp\/v2\/posts\/1043\/revisions"}],"predecessor-version":[{"id":1045,"href":"https:\/\/noticiasregionais.com.br\/index.php?rest_route=\/wp\/v2\/posts\/1043\/revisions\/1045"}],"wp:featuredmedia":[{"embeddable":true,"href":"https:\/\/noticiasregionais.com.br\/index.php?rest_route=\/wp\/v2\/media\/1044"}],"wp:attachment":[{"href":"https:\/\/noticiasregionais.com.br\/index.php?rest_route=%2Fwp%2Fv2%2Fmedia&parent=1043"}],"wp:term":[{"taxonomy":"category","embeddable":true,"href":"https:\/\/noticiasregionais.com.br\/index.php?rest_route=%2Fwp%2Fv2%2Fcategories&post=1043"},{"taxonomy":"post_tag","embeddable":true,"href":"https:\/\/noticiasregionais.com.br\/index.php?rest_route=%2Fwp%2Fv2%2Ftags&post=1043"}],"curies":[{"name":"wp","href":"https:\/\/api.w.org\/{rel}","templated":true}]}}