{"id":10431,"date":"2025-10-13T16:05:00","date_gmt":"2025-10-13T19:05:00","guid":{"rendered":"https:\/\/noticiasregionais.com.br\/?p=10431"},"modified":"2025-10-13T16:05:00","modified_gmt":"2025-10-13T19:05:00","slug":"metanol-brasil-registra-29-casos-por-intoxicacao","status":"publish","type":"post","link":"https:\/\/noticiasregionais.com.br\/?p=10431","title":{"rendered":"Metanol: Brasil registra 29 casos por intoxica\u00e7\u00e3o"},"content":{"rendered":"<p>\t\t\t\t\t\t\t\t\t\t<audio controls class=\"b61_audio_player\" data-noticia=\"85181\" src=\"https:\/\/brasil61.com\/rails\/active_storage\/blobs\/eyJfcmFpbHMiOnsibWVzc2FnZSI6IkJBaHBBNm1yQXc9PSIsImV4cCI6bnVsbCwicHVyIjoiYmxvYl9pZCJ9fQ==--52a853bd72ad982a6d972301dcd80ab1f87eef1a\/BRAS2514923A\"><\/audio><\/p>\n<p style=\"text-align: justify\">Segundo a \u00faltima <a href=\"https:\/\/www.gov.br\/saude\/pt-br\/assuntos\/noticias\/2025\/outubro\/brasil-registra-29-casos-confirmados-de-intoxicacao-por-metanol-apos-consumo-de-bebidas-alcoolicas\" target=\"_blank\" rel=\"noopener\">atualiza\u00e7\u00e3o<\/a> do Minist\u00e9rio da Sa\u00fade, <strong>29 casos de intoxica\u00e7\u00e3o por metanol associados ao consumo de bebidas alco\u00f3licas adulteradas\u00a0<\/strong>foram confirmados at\u00e9 o momento. <strong>Cinco \u00f3bitos<\/strong> foram notificados \u2014 todos no estado de S\u00e3o Paulo \u2014 e outros 12 est\u00e3o sob investiga\u00e7\u00e3o.<\/p>\n<p style=\"text-align: justify\">Al\u00e9m disso, h\u00e1 217 notifica\u00e7\u00f5es em investiga\u00e7\u00e3o e 249 casos suspeitos j\u00e1 descartados. Os estados com casos confirmados s\u00e3o S\u00e3o Paulo, Paran\u00e1 e Rio Grande do Sul.\u00a0<\/p>\n<p style=\"text-align: justify\">O <a href=\"https:\/\/www.gov.br\/saude\/pt-br\/assuntos\/noticias\/2025\/outubro\/estados-e-municipios-recebem-novas-orientacoes-para-atendimento-e-notificacao-de-casos-de-intoxicacao-por-metanol\" target=\"_blank\" rel=\"noopener\">Minist\u00e9rio da Sa\u00fade<\/a> enviou <a href=\"https:\/\/www.gov.br\/saude\/pt-br\/centrais-de-conteudo\/publicacoes\/notas-tecnicas\/2025\/nota-tecnica-conjunta-no-376-2025-svsa-saes-sectics-ms.pdf\/view\" target=\"_blank\" rel=\"noopener\">nota t\u00e9cnica<\/a> atualizada aos estados e munic\u00edpios com diretrizes para atendimento, diagn\u00f3stico e notifica\u00e7\u00e3o de casos suspeitos.\u00a0<\/p>\n<p style=\"text-align: justify\"><span style=\"font-size:18px\">Dentre os principais pontos da nota t\u00e9cnica, est\u00e3o:<\/span><\/p>\n<ul>\n<li style=\"text-align: justify\">A \u00a0confirma\u00e7\u00e3o de caso passa a considerar tr\u00eas eixos: <strong>hist\u00f3rico de ingest\u00e3o de bebida alco\u00f3lica<\/strong>, <strong>quadro cl\u00ednico compat\u00edvel<\/strong> e <strong>achados laboratoriais condizentes<\/strong>;<\/li>\n<li style=\"text-align: justify\">Para casos suspeitos, dever\u00e1 ser considerado o per\u00edodo entre<strong> 6 e 72 horas ap\u00f3s ingest\u00e3o<\/strong>, verificando sintomas;<\/li>\n<li style=\"text-align: justify\">Os estados devem definir laborat\u00f3rios respons\u00e1veis para an\u00e1lise (preferencialmente os <strong><a href=\"https:\/\/www.gov.br\/saude\/pt-br\/assuntos\/saude-de-a-a-z\/a\/animais-peconhentos\/ciatox\" target=\"_blank\" rel=\"noopener\">CIATox <\/a><\/strong>ou <strong>institutos de pol\u00edcia cient\u00edfica<\/strong>);<\/li>\n<li style=\"text-align: justify\">Nos casos em que n\u00e3o haja estrutura local, amostras devem ser encaminhadas ao<strong> Laborat\u00f3rio Central de Sa\u00fade P\u00fablica (LACEN)<\/strong> e posteriormente ao <strong>CIATox de Campinas<\/strong>;\u00a0<\/li>\n<li style=\"text-align: justify\">A notifica\u00e7\u00e3o imediata de casos suspeitos e confirmados ao <strong><a href=\"https:\/\/www.gov.br\/saude\/pt-br\/composicao\/svsa\/cievs\" target=\"_blank\" rel=\"noopener\">CIEVS <\/a><\/strong>estadual \u00e9 mandat\u00f3ria; estes, por sua vez, devem informar o CIEVS nacional;<\/li>\n<li style=\"text-align: justify\">Uso do <strong>etanol farmac\u00eautico<\/strong> como ant\u00eddoto.\u00a0<\/li>\n<\/ul>\n<p style=\"text-align: justify\">A situa\u00e7\u00e3o \u00e9 considerada at\u00edpica, dado que o Brasil costuma registrar cerca de vinte casos de intoxica\u00e7\u00e3o por metanol ao longo do ano.\u00a0<\/p>\n<p style=\"text-align: justify\">As informa\u00e7\u00f5es s\u00e3o do <strong>Minist\u00e9rio da Sa\u00fade<\/strong><\/p>\n<p>\u00a0<\/p>\n<p>\t\t\t\t\t\t\t\t\t<img decoding=\"async\" src=\"https:\/\/brasil61.com\/api\/v1\/serve_pixel\/22254\/85181\" alt=\"Pixel Brasil 61\" class=\"b61_pixel\" width=\"0\" height=\"0\"><\/p>\n<div class=\"br61_backlink\">\n<p>\n\t\t\t\tFonte: <a href=\"https:\/\/brasil61.com\/metanol-brasil-registra-29-casos-por-intoxicacao-bras2514923\" title=\"Artigo Original: Metanol: Brasil registra 29 casos por intoxica\u00e7\u00e3o\" target=\"_blank\" rel=\"noopener\">Brasil 61<\/a>\n\t\t\t<\/p>\n<\/p><\/div>\n<input type=\"hidden\" id=\"baseurl\" value=\"https:\/\/noticiasregionais.com.br\"><input type=\"hidden\" id=\"audio_nonce\" value=\"533fbb67b1\">","protected":false},"excerpt":{"rendered":"<p>Novas diretrizes foram enviadas a estados e munic\u00edpios para refor\u00e7ar diagn\u00f3stico, notifica\u00e7\u00e3o e tratamento dos pacientes<\/p>\n","protected":false},"author":1,"featured_media":10432,"comment_status":"","ping_status":"open","sticky":false,"template":"","format":"standard","meta":{"sfsi_plus_gutenberg_text_before_share":"","sfsi_plus_gutenberg_show_text_before_share":"","sfsi_plus_gutenberg_icon_type":"","sfsi_plus_gutenberg_icon_alignemt":"","sfsi_plus_gutenburg_max_per_row":"","footnotes":""},"categories":[8],"tags":[],"class_list":["post-10431","post","type-post","status-publish","format-standard","has-post-thumbnail","hentry","category-brasil"],"_links":{"self":[{"href":"https:\/\/noticiasregionais.com.br\/index.php?rest_route=\/wp\/v2\/posts\/10431","targetHints":{"allow":["GET"]}}],"collection":[{"href":"https:\/\/noticiasregionais.com.br\/index.php?rest_route=\/wp\/v2\/posts"}],"about":[{"href":"https:\/\/noticiasregionais.com.br\/index.php?rest_route=\/wp\/v2\/types\/post"}],"author":[{"embeddable":true,"href":"https:\/\/noticiasregionais.com.br\/index.php?rest_route=\/wp\/v2\/users\/1"}],"replies":[{"embeddable":true,"href":"https:\/\/noticiasregionais.com.br\/index.php?rest_route=%2Fwp%2Fv2%2Fcomments&post=10431"}],"version-history":[{"count":0,"href":"https:\/\/noticiasregionais.com.br\/index.php?rest_route=\/wp\/v2\/posts\/10431\/revisions"}],"wp:featuredmedia":[{"embeddable":true,"href":"https:\/\/noticiasregionais.com.br\/index.php?rest_route=\/wp\/v2\/media\/10432"}],"wp:attachment":[{"href":"https:\/\/noticiasregionais.com.br\/index.php?rest_route=%2Fwp%2Fv2%2Fmedia&parent=10431"}],"wp:term":[{"taxonomy":"category","embeddable":true,"href":"https:\/\/noticiasregionais.com.br\/index.php?rest_route=%2Fwp%2Fv2%2Fcategories&post=10431"},{"taxonomy":"post_tag","embeddable":true,"href":"https:\/\/noticiasregionais.com.br\/index.php?rest_route=%2Fwp%2Fv2%2Ftags&post=10431"}],"curies":[{"name":"wp","href":"https:\/\/api.w.org\/{rel}","templated":true}]}}