{"id":10439,"date":"2025-10-14T04:10:00","date_gmt":"2025-10-14T07:10:00","guid":{"rendered":"https:\/\/noticiasregionais.com.br\/?p=10439"},"modified":"2025-10-14T04:10:00","modified_gmt":"2025-10-14T07:10:00","slug":"cafe-hoje-confira-as-cotacoes-para-esta-terca-feira-14","status":"publish","type":"post","link":"https:\/\/noticiasregionais.com.br\/?p=10439","title":{"rendered":"Caf\u00e9 hoje: confira as cota\u00e7\u00f5es para esta ter\u00e7a-feira (14)"},"content":{"rendered":"<p>\t\t\t\t\t\t\t\t\t\t<audio controls class=\"b61_audio_player\" data-noticia=\"85196\" src=\"https:\/\/brasil61.com\/rails\/active_storage\/blobs\/eyJfcmFpbHMiOnsibWVzc2FnZSI6IkJBaHBBK3lyQXc9PSIsImV4cCI6bnVsbCwicHVyIjoiYmxvYl9pZCJ9fQ==--8c3a6c42168b8e8e4dc98d53785f993123f385e2\/PAGR255861A\"><\/audio><\/p>\n<p>O pre\u00e7o do caf\u00e9 ar\u00e1bica\u00a0nesta ter\u00e7a-feira (14) registra alta\u00a0de 1,29% e a saca de 60 kg \u00e9 negociada\u00a0por R$2.219,96, na cidade de S\u00e3o Paulo.<\/p>\n<p>\nINDICADOR DO CAF\u00c9 AR\u00c1BICA CEPEA\/ESALQ<\/p>\n<table>\n<thead>\n<tr>\n<th>Data<\/th>\n<th>Valor R$<\/th>\n<th>Var.\/Dia<\/th>\n<th>Var.\/M\u00eas<\/th>\n<th>Valor US$<\/th>\n<\/tr>\n<\/thead>\n<tbody>\n<tr>\n<td>13\/10\/2025<\/td>\n<td>2.219,96<\/td>\n<td>1,29%<\/td>\n<td>4,35%<\/td>\n<td>406,73<\/td>\n<\/tr>\n<tr>\n<td>10\/10\/2025<\/td>\n<td>2.191,74<\/td>\n<td>0,43%<\/td>\n<td>3,02%<\/td>\n<td>398,57<\/td>\n<\/tr>\n<tr>\n<td>09\/10\/2025<\/td>\n<td>2.182,41<\/td>\n<td>-0,17%<\/td>\n<td>2,58%<\/td>\n<td>405,80<\/td>\n<\/tr>\n<tr>\n<td>08\/10\/2025<\/td>\n<td>2.186,03<\/td>\n<td>0,43%<\/td>\n<td>2,75%<\/td>\n<td>409,06<\/td>\n<\/tr>\n<tr>\n<td>07\/10\/2025<\/td>\n<td>2.176,74<\/td>\n<td>0,35%<\/td>\n<td>2,31%<\/td>\n<td>407,02<\/td>\n<\/tr>\n<\/tbody>\n<\/table>\n<p>O caf\u00e9 robusta apresentou alta\u00a0de 1,87% e est\u00e1 sendo negociado a R$1.414,40.<\/p>\n<h3>INDICADOR DO CAF\u00c9 ROBUSTA CEPEA\/ESALQ<\/h3>\n<table>\n<thead>\n<tr>\n<th>Data<\/th>\n<th>Valor R$<\/th>\n<th>Var.\/Dia<\/th>\n<th>Var.\/M\u00eas<\/th>\n<th>Valor US$<\/th>\n<\/tr>\n<\/thead>\n<tbody>\n<tr>\n<td>13\/10\/2025<\/td>\n<td>1.414,40<\/td>\n<td>1,87%<\/td>\n<td>5,36%<\/td>\n<td>259,14<\/td>\n<\/tr>\n<tr>\n<td>10\/10\/2025<\/td>\n<td>1.388,41<\/td>\n<td>-0,50%<\/td>\n<td>3,42%<\/td>\n<td>252,48<\/td>\n<\/tr>\n<tr>\n<td>09\/10\/2025<\/td>\n<td>1.395,41<\/td>\n<td>0,46%<\/td>\n<td>3,94%<\/td>\n<td>259,47<\/td>\n<\/tr>\n<tr>\n<td>08\/10\/2025<\/td>\n<td>1.388,96<\/td>\n<td>0,13%<\/td>\n<td>3,46%<\/td>\n<td>259,91<\/td>\n<\/tr>\n<tr>\n<td>07\/10\/2025<\/td>\n<td>1.387,19<\/td>\n<td>-0,48%<\/td>\n<td>3,33%<\/td>\n<td>259,39<\/td>\n<\/tr>\n<\/tbody>\n<\/table>\n<h2 dir=\"ltr\">A\u00e7\u00facar<\/h2>\n<p dir=\"ltr\">O pre\u00e7o do a\u00e7\u00facar cristal apresenta varia\u00e7\u00e3o nas principais pra\u00e7as do estado de S\u00e3o Paulo. Na capital, a saca de 50 kg apresenta baixa de 0,27%, cotada a R$116,73.<\/p>\n<h3 dir=\"ltr\">INDICADOR DO A\u00c7\u00daCAR CRISTAL BRANCO CEPEA\/ESALQ &#8211; S\u00c3O PAULO<\/h3>\n<table>\n<thead>\n<tr>\n<th>Data<\/th>\n<th>Valor R$*<\/th>\n<th>Var.\/Dia<\/th>\n<th>Var.\/M\u00eas<\/th>\n<th>Valor US$*<\/th>\n<\/tr>\n<\/thead>\n<tbody>\n<tr>\n<td>13\/10\/2025<\/td>\n<td>116,73<\/td>\n<td>-0,27%<\/td>\n<td>-0,51%<\/td>\n<td>21,39<\/td>\n<\/tr>\n<tr>\n<td>10\/10\/2025<\/td>\n<td>117,05<\/td>\n<td>0,06%<\/td>\n<td>-0,24%<\/td>\n<td>21,29<\/td>\n<\/tr>\n<tr>\n<td>09\/10\/2025<\/td>\n<td>116,98<\/td>\n<td>-0,20%<\/td>\n<td>-0,30%<\/td>\n<td>21,75<\/td>\n<\/tr>\n<tr>\n<td>08\/10\/2025<\/td>\n<td>117,21<\/td>\n<td>-0,66%<\/td>\n<td>-0,10%<\/td>\n<td>21,93<\/td>\n<\/tr>\n<tr>\n<td>07\/10\/2025<\/td>\n<td>117,99<\/td>\n<td>0,37%<\/td>\n<td>0,56%<\/td>\n<td>22,06<\/td>\n<\/tr>\n<\/tbody>\n<\/table>\n<p>Em Santos (SP), a mercadoria \u00e9 negociada a R$117,98;\u00a0a cota\u00e7\u00e3o m\u00e9dia\u00a0registra baixa de 2,60%.\u00a0<\/p>\n<h3>INDICADOR A\u00c7\u00daCAR CRISTAL &#8211; SANTOS<\/h3>\n<table>\n<thead>\n<tr>\n<th>Data<\/th>\n<th>Valor R$*<\/th>\n<th>Var.\/Dia<\/th>\n<th>Var.\/M\u00eas<\/th>\n<th>Valor US$*<\/th>\n<\/tr>\n<\/thead>\n<tbody>\n<tr>\n<td>13\/10\/2025<\/td>\n<td>117,98<\/td>\n<td>-2,60%<\/td>\n<td>-2,49%<\/td>\n<td>21,60<\/td>\n<\/tr>\n<tr>\n<td>10\/10\/2025<\/td>\n<td>121,13<\/td>\n<td>0,98%<\/td>\n<td>0,12%<\/td>\n<td>22,25<\/td>\n<\/tr>\n<tr>\n<td>09\/10\/2025<\/td>\n<td>119,96<\/td>\n<td>0,03%<\/td>\n<td>-0,85%<\/td>\n<td>22,41<\/td>\n<\/tr>\n<tr>\n<td>08\/10\/2025<\/td>\n<td>119,92<\/td>\n<td>-1,79%<\/td>\n<td>-0,88%<\/td>\n<td>22,45<\/td>\n<\/tr>\n<tr>\n<td>07\/10\/2025<\/td>\n<td>122,10<\/td>\n<td>-0,39%<\/td>\n<td>0,92%<\/td>\n<td>22,88<\/td>\n<\/tr>\n<\/tbody>\n<\/table>\n<h2 dir=\"ltr\">Milho<\/h2>\n<p dir=\"ltr\">A saca de 60 kg do milho \u00e9 negociada a R$65,15, com baixa de 0,09%.<\/p>\n<h3 dir=\"ltr\">INDICADOR DO MILHO ESALQ\/BM&amp;FBOVESPA<\/h3>\n<table>\n<thead>\n<tr>\n<th>Data<\/th>\n<th>Valor R$*<\/th>\n<th>Var.\/Dia<\/th>\n<th>Var.\/M\u00eas<\/th>\n<th>Valor US$*<\/th>\n<\/tr>\n<\/thead>\n<tbody>\n<tr>\n<td>13\/10\/2025<\/td>\n<td>65,15<\/td>\n<td>-0,09%<\/td>\n<td>1,38%<\/td>\n<td>11,94<\/td>\n<\/tr>\n<tr>\n<td>10\/10\/2025<\/td>\n<td>65,21<\/td>\n<td>0,03%<\/td>\n<td>1,48%<\/td>\n<td>11,86<\/td>\n<\/tr>\n<tr>\n<td>09\/10\/2025<\/td>\n<td>65,19<\/td>\n<td>-0,17%<\/td>\n<td>1,45%<\/td>\n<td>12,12<\/td>\n<\/tr>\n<tr>\n<td>08\/10\/2025<\/td>\n<td>65,30<\/td>\n<td>0,32%<\/td>\n<td>1,62%<\/td>\n<td>12,22<\/td>\n<\/tr>\n<tr>\n<td>07\/10\/2025<\/td>\n<td>65,09<\/td>\n<td>0,25%<\/td>\n<td>1,29%<\/td>\n<td>12,17<\/td>\n<\/tr>\n<\/tbody>\n<\/table>\n<p>Os dados s\u00e3o do <a href=\"https:\/\/www.cepea.org.br\/br\/indicador\/acucar.aspx\" target=\"_blank\" rel=\"noopener\">Cepea<\/a>.<\/p>\n<\/p>\n<h2>Diferen\u00e7a entre caf\u00e9 ar\u00e1bica e caf\u00e9 robusta: caracter\u00edsticas, uso e regi\u00f5es produtoras<\/h2>\n<p>Caf\u00e9 ar\u00e1bica e caf\u00e9 robusta s\u00e3o as duas principais variedades cultivadas e comercializadas no Brasil, ambas medidas em sacas de 60 kg.<\/p>\n<ul>\n<li>O caf\u00e9 ar\u00e1bica (conhecido tamb\u00e9m como caf\u00e9 Conilon, em algumas regi\u00f5es) tem sabor mais suave, menor teor de cafe\u00edna e alta qualidade sensorial, sendo preferido em cafeterias especializadas e nas exporta\u00e7\u00f5es de caf\u00e9s premium. Representa cerca de 70% da produ\u00e7\u00e3o brasileira, com destaque para estados como Minas Gerais e S\u00e3o Paulo.<\/li>\n<li>O caf\u00e9 robusta, por sua vez, possui sabor mais amargo, maior concentra\u00e7\u00e3o de cafe\u00edna e corpo mais intenso. \u00c9 amplamente utilizado na produ\u00e7\u00e3o de caf\u00e9 sol\u00favel e blends comerciais. Seus principais polos produtores s\u00e3o o Esp\u00edrito Santo e Rond\u00f4nia, e seu pre\u00e7o costuma ser mais baixo em compara\u00e7\u00e3o ao ar\u00e1bica, por conta do perfil mais industrial.<\/li>\n<\/ul>\n<h2>Como \u00e9 calculada a saca de a\u00e7\u00facar cristal?<\/h2>\n<p>A saca de a\u00e7\u00facar cristal no Brasil \u00e9 padronizada em 50 quilos, especialmente para comercializa\u00e7\u00e3o no mercado atacadista e para uso na ind\u00fastria aliment\u00edcia. Essa unidade de medida \u00e9 adotada pelo Cepea\/Esalq-USP, principal fonte de cota\u00e7\u00f5es di\u00e1rias do a\u00e7\u00facar cristal no pa\u00eds.<\/p>\n<h2>Qual o peso da saca de milho no Brasil?<\/h2>\n<p>A saca de milho equivale a 60 kg de gr\u00e3os, mesmo padr\u00e3o utilizado para soja e trigo. Essa medida \u00e9 oficializada por institui\u00e7\u00f5es como a Companhia Nacional de Abastecimento (Conab), o Minist\u00e9rio da Agricultura (MAPA) e o Cepea, sendo amplamente usada em negocia\u00e7\u00f5es e relat\u00f3rios de pre\u00e7o do milho.<br \/>\n\u00a0<\/p>\n<p>\t\t\t\t\t\t\t\t\t<img decoding=\"async\" src=\"https:\/\/brasil61.com\/api\/v1\/serve_pixel\/22254\/85196\" alt=\"Pixel Brasil 61\" class=\"b61_pixel\" width=\"0\" height=\"0\"><\/p>\n<div class=\"br61_backlink\">\n<p>\n\t\t\t\tFonte: <a href=\"https:\/\/brasil61.com\/cafe-hoje-confira-as-cotacoes-para-esta-terca-feira-14-pagr255861\" title=\"Artigo Original: Caf\u00e9 hoje: confira as cota\u00e7\u00f5es para esta ter\u00e7a-feira (14)\" target=\"_blank\" rel=\"noopener\">Brasil 61<\/a>\n\t\t\t<\/p>\n<\/p><\/div>\n<input type=\"hidden\" id=\"baseurl\" value=\"https:\/\/noticiasregionais.com.br\"><input type=\"hidden\" id=\"audio_nonce\" value=\"296231ceac\">","protected":false},"excerpt":{"rendered":"<p>Veja os valores do caf\u00e9 ar\u00e1bica, caf\u00e9 robusta, a\u00e7\u00facar cristal e do milho no mercado<\/p>\n","protected":false},"author":1,"featured_media":10440,"comment_status":"","ping_status":"open","sticky":false,"template":"","format":"standard","meta":{"sfsi_plus_gutenberg_text_before_share":"","sfsi_plus_gutenberg_show_text_before_share":"","sfsi_plus_gutenberg_icon_type":"","sfsi_plus_gutenberg_icon_alignemt":"","sfsi_plus_gutenburg_max_per_row":"","footnotes":""},"categories":[8],"tags":[],"class_list":["post-10439","post","type-post","status-publish","format-standard","has-post-thumbnail","hentry","category-brasil"],"_links":{"self":[{"href":"https:\/\/noticiasregionais.com.br\/index.php?rest_route=\/wp\/v2\/posts\/10439","targetHints":{"allow":["GET"]}}],"collection":[{"href":"https:\/\/noticiasregionais.com.br\/index.php?rest_route=\/wp\/v2\/posts"}],"about":[{"href":"https:\/\/noticiasregionais.com.br\/index.php?rest_route=\/wp\/v2\/types\/post"}],"author":[{"embeddable":true,"href":"https:\/\/noticiasregionais.com.br\/index.php?rest_route=\/wp\/v2\/users\/1"}],"replies":[{"embeddable":true,"href":"https:\/\/noticiasregionais.com.br\/index.php?rest_route=%2Fwp%2Fv2%2Fcomments&post=10439"}],"version-history":[{"count":0,"href":"https:\/\/noticiasregionais.com.br\/index.php?rest_route=\/wp\/v2\/posts\/10439\/revisions"}],"wp:featuredmedia":[{"embeddable":true,"href":"https:\/\/noticiasregionais.com.br\/index.php?rest_route=\/wp\/v2\/media\/10440"}],"wp:attachment":[{"href":"https:\/\/noticiasregionais.com.br\/index.php?rest_route=%2Fwp%2Fv2%2Fmedia&parent=10439"}],"wp:term":[{"taxonomy":"category","embeddable":true,"href":"https:\/\/noticiasregionais.com.br\/index.php?rest_route=%2Fwp%2Fv2%2Fcategories&post=10439"},{"taxonomy":"post_tag","embeddable":true,"href":"https:\/\/noticiasregionais.com.br\/index.php?rest_route=%2Fwp%2Fv2%2Ftags&post=10439"}],"curies":[{"name":"wp","href":"https:\/\/api.w.org\/{rel}","templated":true}]}}