{"id":10447,"date":"2025-10-14T10:00:00","date_gmt":"2025-10-14T13:00:00","guid":{"rendered":"https:\/\/noticiasregionais.com.br\/?p=10447"},"modified":"2025-10-14T10:00:00","modified_gmt":"2025-10-14T13:00:00","slug":"incendio-em-subestacao-no-pr-causa-apagao-na-madrugada-ons-e-mme-se-reunem-para-discutir-ocorrencia","status":"publish","type":"post","link":"https:\/\/noticiasregionais.com.br\/?p=10447","title":{"rendered":"Inc\u00eandio em subesta\u00e7\u00e3o no PR causa apag\u00e3o na madrugada; ONS e MME se re\u00fanem para discutir ocorr\u00eancia"},"content":{"rendered":"<p>\t\t\t\t\t\t\t\t\t\t<audio controls class=\"b61_audio_player\" data-noticia=\"85205\" src=\"https:\/\/brasil61.com\/rails\/active_storage\/blobs\/eyJfcmFpbHMiOnsibWVzc2FnZSI6IkJBaHBBd0tzQXc9PSIsImV4cCI6bnVsbCwicHVyIjoiYmxvYl9pZCJ9fQ==--fd3b260b188d93d04532b5312e2aeb6d8a523aeb\/BRAS2514932A\"><\/audio><\/p>\n<p>Um <strong>apag\u00e3o <\/strong>atingiu, no in\u00edcio da madrugada desta ter\u00e7a-feira (14), estados de todas as regi\u00f5es brasileiras. O <strong><a href=\"https:\/\/www.ons.org.br\/paginas\/noticias\/details.aspx?i=11956\" target=\"_blank\" rel=\"noopener\">Operador Nacional do Sistema El\u00e9trico (ONS)<\/a> confirmou que, \u00e0s 0h32, houve uma ocorr\u00eancia no Sistema Interligado Nacional (SIN) que provocou a interrup\u00e7\u00e3o de cerca de 10.000 MW de carga. Essa ocorr\u00eancia afetou quatro subsistemas: Sul, Sudeste\/Centro-Oeste, Nordeste e Norte.<\/strong> \u00a0<\/p>\n<p>De acordo com o ONS, o <strong>incidente teve in\u00edcio ap\u00f3s um inc\u00eandio em um reator na Subesta\u00e7\u00e3o de Bateias, no Paran\u00e1. <\/strong>O <strong>fogo desligou toda a subesta\u00e7\u00e3o de 500 kV, interrompendo a interliga\u00e7\u00e3o entre as regi\u00f5es Sul e Sudeste\/Centro-Oeste. No momento da ocorr\u00eancia, o Sul exportava cerca de 5 mil MW para o Sudeste\/Centro-Oeste<\/strong>.<\/p>\n<p>Com o desligamento, houve perda de aproximadamente 1.600 MW de carga no Sul. Nas demais regi\u00f5es, o Esquema Regional de Al\u00edvio de Carga (ERAC) foi acionado: no Nordeste, a interrup\u00e7\u00e3o chegou a 1.900 MW; no Norte, a 1.600 MW; e no Sudeste, a 4.800 MW.<\/p>\n<p>&#8220;Assim que identificou a situa\u00e7\u00e3o, o ONS iniciou a\u00e7\u00e3o conjunta com os agentes para restabelecer a energia nas regi\u00f5es. O retorno dos equipamentos e a recomposi\u00e7\u00e3o das cargas se deu de maneira segura, logo nos primeiros minutos, sendo que em at\u00e9 1h30min todas as cargas das regi\u00f5es Norte, Nordeste, Sudeste\/Centro &#8211; Oeste foram restabelecidas. As cargas da regi\u00e3o Sul foram recompostas totalmente por volta de 2h30min ap\u00f3s a ocorr\u00eancia&#8221;, disse o comunicado do ONS.<\/p>\n<p>Representantes do Minist\u00e9rio de Minas e Energia e do ONS\u00a0se re\u00fanem \u00e0s 11h.\u00a0O encontro foi confirmado pelo pr\u00f3prio ministro de Minas e Energia, Alexandre Silveira. As informa\u00e7\u00f5es s\u00e3o da\u00a0<a href=\"https:\/\/agenciabrasil.ebc.com.br\/geral\/noticia\/2025-10\/ministerio-de-minas-e-energia-e-ons-se-reunem-para-discutir-apagao\" target=\"_blank\" rel=\"noopener\"><strong>Ag\u00eancia Brasil<\/strong><\/a>.\u00a0<\/p>\n<p>O ONS far\u00e1 ainda uma an\u00e1lise preliminar da perturba\u00e7\u00e3o e deve concluir o Relat\u00f3rio de An\u00e1lise da Perturba\u00e7\u00e3o (RAP) at\u00e9 sexta-feira (17).<\/p>\n<p><u><strong>VEJA MAIS:<\/strong><\/u><\/p>\n<ul>\n<li><a href=\"https:\/\/brasil61.com\/n\/consumo-de-energia-no-brasil-cresce-1-7-em-junho-e-mantem-ritmo-de-expansao-bras2514475\" target=\"_blank\" rel=\"noopener\">Consumo de energia no Brasil cresce 1,7% em junho e mant\u00e9m ritmo de expans\u00e3o<\/a><\/li>\n<li><a href=\"https:\/\/brasil61.com\/n\/cni-70-das-industrias-se-queixam-de-quedas-de-energia-eletrica-bras2411978\" target=\"_blank\" rel=\"noopener\">CNI: 70% das ind\u00fastrias se queixam de quedas de energia el\u00e9trica<\/a><\/li>\n<\/ul>\n<p><em>Com informa\u00e7\u00f5es da Ag\u00eancia Brasil<\/em><\/p>\n<ul>\n<\/ul>\n<p>\t\t\t\t\t\t\t\t\t<img decoding=\"async\" src=\"https:\/\/brasil61.com\/api\/v1\/serve_pixel\/22254\/85205\" alt=\"Pixel Brasil 61\" class=\"b61_pixel\" width=\"0\" height=\"0\"><\/p>\n<div class=\"br61_backlink\">\n<p>\n\t\t\t\tFonte: <a href=\"https:\/\/brasil61.com\/incendio-em-subestacao-no-pr-causa-apagao-na-madrugada-ons-e-mme-se-reunem-para-discutir-ocorrencia-bras2514932\" title=\"Artigo Original: Inc\u00eandio em subesta\u00e7\u00e3o no PR causa apag\u00e3o na madrugada; ONS e MME se re\u00fanem para discutir ocorr\u00eancia\" target=\"_blank\" rel=\"noopener\">Brasil 61<\/a>\n\t\t\t<\/p>\n<\/p><\/div>\n<input type=\"hidden\" id=\"baseurl\" value=\"https:\/\/noticiasregionais.com.br\"><input type=\"hidden\" id=\"audio_nonce\" value=\"5c13e0637f\">","protected":false},"excerpt":{"rendered":"<p>Ocorr\u00eancia desligou interliga\u00e7\u00e3o entre as regi\u00f5es Sul e Sudeste\/Centro-Oeste e afetou cerca de 10 mil MW de carga.<\/p>\n","protected":false},"author":1,"featured_media":10448,"comment_status":"","ping_status":"open","sticky":false,"template":"","format":"standard","meta":{"sfsi_plus_gutenberg_text_before_share":"","sfsi_plus_gutenberg_show_text_before_share":"","sfsi_plus_gutenberg_icon_type":"","sfsi_plus_gutenberg_icon_alignemt":"","sfsi_plus_gutenburg_max_per_row":"","footnotes":""},"categories":[8],"tags":[],"class_list":["post-10447","post","type-post","status-publish","format-standard","has-post-thumbnail","hentry","category-brasil"],"_links":{"self":[{"href":"https:\/\/noticiasregionais.com.br\/index.php?rest_route=\/wp\/v2\/posts\/10447","targetHints":{"allow":["GET"]}}],"collection":[{"href":"https:\/\/noticiasregionais.com.br\/index.php?rest_route=\/wp\/v2\/posts"}],"about":[{"href":"https:\/\/noticiasregionais.com.br\/index.php?rest_route=\/wp\/v2\/types\/post"}],"author":[{"embeddable":true,"href":"https:\/\/noticiasregionais.com.br\/index.php?rest_route=\/wp\/v2\/users\/1"}],"replies":[{"embeddable":true,"href":"https:\/\/noticiasregionais.com.br\/index.php?rest_route=%2Fwp%2Fv2%2Fcomments&post=10447"}],"version-history":[{"count":0,"href":"https:\/\/noticiasregionais.com.br\/index.php?rest_route=\/wp\/v2\/posts\/10447\/revisions"}],"wp:featuredmedia":[{"embeddable":true,"href":"https:\/\/noticiasregionais.com.br\/index.php?rest_route=\/wp\/v2\/media\/10448"}],"wp:attachment":[{"href":"https:\/\/noticiasregionais.com.br\/index.php?rest_route=%2Fwp%2Fv2%2Fmedia&parent=10447"}],"wp:term":[{"taxonomy":"category","embeddable":true,"href":"https:\/\/noticiasregionais.com.br\/index.php?rest_route=%2Fwp%2Fv2%2Fcategories&post=10447"},{"taxonomy":"post_tag","embeddable":true,"href":"https:\/\/noticiasregionais.com.br\/index.php?rest_route=%2Fwp%2Fv2%2Ftags&post=10447"}],"curies":[{"name":"wp","href":"https:\/\/api.w.org\/{rel}","templated":true}]}}