{"id":10459,"date":"2025-10-15T04:40:00","date_gmt":"2025-10-15T07:40:00","guid":{"rendered":"https:\/\/noticiasregionais.com.br\/?p=10459"},"modified":"2025-10-15T04:40:00","modified_gmt":"2025-10-15T07:40:00","slug":"editais-destinam-r-89-milhoes-para-projetos-culturais-sociais-e-ambientais-na-amazonia","status":"publish","type":"post","link":"https:\/\/noticiasregionais.com.br\/?p=10459","title":{"rendered":"Editais destinam R$ 8,9 milh\u00f5es para projetos culturais, sociais e ambientais na Amaz\u00f4nia"},"content":{"rendered":"<p>\t\t\t\t\t\t\t\t\t\t<audio controls class=\"b61_audio_player\" data-noticia=\"85225\" src=\"https:\/\/brasil61.com\/rails\/active_storage\/blobs\/eyJfcmFpbHMiOnsibWVzc2FnZSI6IkJBaHBBODJzQXc9PSIsImV4cCI6bnVsbCwicHVyIjoiYmxvYl9pZCJ9fQ==--ee2689757688424f5784eea9fa0a8f554b3ac314\/BASA250108A\"><\/audio><\/p>\n<p>Projetos culturais, sociais e ambientais da<strong> Amaz\u00f4nia<\/strong> ter\u00e3o novas oportunidades de apoio financeiro em 2026. Est\u00e3o abertas<strong>, a partir desta quarta-feira (15), as inscri\u00e7\u00f5es para dois editais de patroc\u00ednio que destinam R$ 8,9 milh\u00f5es<\/strong> a iniciativas voltadas ao <strong>desenvolvimento sustent\u00e1vel<\/strong>, \u00e0 <strong>cultura<\/strong>,\u00a0<strong>cidadania <\/strong>e \u00e0 <strong>valoriza\u00e7\u00e3o da identidade amaz\u00f4nica <\/strong>\u2014 <strong>o maior investimento do tipo j\u00e1 registrado.<\/strong><\/p>\n<p>Os editais incluem o Programa de Ocupa\u00e7\u00e3o do Centro Cultural Banco da Amaz\u00f4nia, voltado a a\u00e7\u00f5es art\u00edsticas e culturais, e o Edital de Sele\u00e7\u00e3o P\u00fablica de Patroc\u00ednios, que contempla projetos de impacto social e ambiental em toda a regi\u00e3o.<\/p>\n<p>As<strong> inscri\u00e7\u00f5es seguem at\u00e9 28 de novembro<\/strong>, pelo site<a href=\"http:\/\/www.bancoamazonia.com.br\" target=\"_blank\" rel=\"noopener\"> www.bancoamazonia.com.br<\/a>.<\/p>\n<h2>Edital de Sele\u00e7\u00e3o P\u00fablica de Patroc\u00ednios<\/h2>\n<p>O tradicional <a href=\"https:\/\/www.bancoamazonia.com.br\/patrocinio\" target=\"_blank\" rel=\"noopener\">Edital de Sele\u00e7\u00e3o P\u00fablica de Patroc\u00ednios<\/a> recebeu um aporte de 60% em rela\u00e7\u00e3o ao ano anterior.<strong> Para 2026, o edital destinar\u00e1 R$ 3.902.000,00 <\/strong>para apoiar projetos em diversos segmentos, como social, ambiental, esportivo, cultural e mercadol\u00f3gico. Confira os detalhes de cada segmento:<\/p>\n<ul>\n<li>Social: inclus\u00e3o produtiva, combate \u00e0 fome, capacita\u00e7\u00e3o e cidadania;<\/li>\n<li>Ambiental: educa\u00e7\u00e3o ambiental, reciclagem, preserva\u00e7\u00e3o e turismo sustent\u00e1vel;<\/li>\n<li>Esportivo: modalidades ol\u00edmpicas e paral\u00edmpicas, com foco em atletas de base;<\/li>\n<li>Cultural: m\u00fasica, audiovisual, artes c\u00eanicas, saberes populares e festivais;<\/li>\n<li>Mercadol\u00f3gico: feiras agropecu\u00e1rias, industriais e de empreendedorismo.<\/li>\n<\/ul>\n<p>Entre os requisitos para execu\u00e7\u00e3o das propostas, o edital prev\u00ea que os projetos sejam realizados entre maio e dezembro de 2026, em estados da Amaz\u00f4nia Legal, com<strong> teto de at\u00e9 R$ 80 mil por projeto.\u00a0<\/strong><\/p>\n<p>O Banco da Amaz\u00f4nia seleciona projetos alinhados com o Planejamento Estrat\u00e9gico e Plano de Neg\u00f3cios da institui\u00e7\u00e3o e com as pol\u00edticas p\u00fablicas. As <strong>iniciativas devem ter o compromisso de desenvolver uma Amaz\u00f4nia sustent\u00e1vel com cr\u00e9dito e solu\u00e7\u00f5es eficazes. \u00a0<\/strong><\/p>\n<h2>Programa de Ocupa\u00e7\u00e3o do Centro Cultural Banco da Amaz\u00f4nia<\/h2>\n<p>J\u00e1 o edital de ocupa\u00e7\u00e3o do <a href=\"https:\/\/www.bancoamazonia.com.br\/centrocultural\" target=\"_blank\" rel=\"noopener\">Centro Cultural Banco da Amaz\u00f4nia<\/a> \u00e9 de car\u00e1ter nacional e contempla projetos nas \u00e1reas de<strong> Artes Visuais, Artes C\u00eanicas e M\u00fasica<\/strong>, com realiza\u00e7\u00e3o prevista entre abril de 2026 e abril de 2027, em Bel\u00e9m (PA).\u00a0<\/p>\n<p>O investimento voltado \u00e0s iniciativas culturais \u00e9 de <strong>R$ 5 milh\u00f5es<\/strong>. O montante \u00e9 dividido em patroc\u00ednios de at\u00e9 <strong>R$ 500 mil<\/strong> para artes visuais e at\u00e9 <strong>R$ 200 mil<\/strong> para m\u00fasica e artes c\u00eanicas.<\/p>\n<p>A proposta busca reconhecer a diversidade cultural brasileira, com aten\u00e7\u00e3o especial \u00e0s express\u00f5es das comunidades tradicionais, ind\u00edgenas, quilombolas, ribeirinhas e urbanas.\u00a0<\/p>\n<p>A previs\u00e3o \u00e9 de que os projetos incluam a\u00e7\u00f5es de comunica\u00e7\u00e3o antirracista, acessibilidade e contrapartidas sociais, ambientais e institucionais.\u00a0<\/p>\n<h2>Centro Cultural<\/h2>\n<p>O Centro Cultural Banco da Amaz\u00f4nica foi inaugurado no dia 9 de outubro, com exposi\u00e7\u00e3o gratuita dedicada a Nelson Mandela \u2013 l\u00edder sul-africano que derrubou o regime racista do apartheid.\u00a0<\/p>\n<p>O espa\u00e7o \u00e9 o <strong>primeiro equipamento destinado \u00e0s artes e cultura, com galerias, salas de oficina e mini laborat\u00f3rio de IA criado e financiado por um Banco P\u00fablico Federal na Regi\u00e3o Amaz\u00f4nica<\/strong> e \u00e9 destinado a prestigiar exposi\u00e7\u00f5es art\u00edsticas e culturais de todo o Brasil.<\/p>\n<p>O presidente do Banco da Amaz\u00f4nia, Luiz Lessa, ressalta que o Centro Cultural Banco da Amaz\u00f4nia simboliza a valoriza\u00e7\u00e3o e a promo\u00e7\u00e3o da cultura amaz\u00f4nica.\u00a0<\/p>\n<p>\u201c\u00c9 um espa\u00e7o de pertencimento e reconhecimento da import\u00e2ncia das express\u00f5es art\u00edsticas\u201d, pontua.<\/p>\n<p>A mostra inaugural conta com acessibilidade para deficientes visuais e vai at\u00e9 o dia 30 de novembro. A entrada \u00e9 gratuita.<br \/>\n\u00a0<\/p>\n<p>\t\t\t\t\t\t\t\t\t<img decoding=\"async\" src=\"https:\/\/brasil61.com\/api\/v1\/serve_pixel\/22254\/85225\" alt=\"Pixel Brasil 61\" class=\"b61_pixel\" width=\"0\" height=\"0\"><\/p>\n<div class=\"br61_backlink\">\n<p>\n\t\t\t\tFonte: <a href=\"https:\/\/brasil61.com\/editais-destinam-r-8-9-milhoes-para-projetos-culturais-sociais-e-ambientais-na-amazonia-basa250108\" title=\"Artigo Original: Editais destinam R$ 8,9 milh\u00f5es para projetos culturais, sociais e ambientais na Amaz\u00f4nia\" target=\"_blank\" rel=\"noopener\">Brasil 61<\/a>\n\t\t\t<\/p>\n<\/p><\/div>\n<input type=\"hidden\" id=\"baseurl\" value=\"https:\/\/noticiasregionais.com.br\"><input type=\"hidden\" id=\"audio_nonce\" value=\"533fbb67b1\">","protected":false},"excerpt":{"rendered":"<p>Iniciativas poder\u00e3o receber at\u00e9 R$ 500 mil em patroc\u00ednio; inscri\u00e7\u00f5es v\u00e3o at\u00e9 28 de novembro e contemplam a\u00e7\u00f5es de cultura, sustentabilidade, cidadania e valoriza\u00e7\u00e3o da identidade amaz\u00f4nica<\/p>\n","protected":false},"author":1,"featured_media":10460,"comment_status":"","ping_status":"open","sticky":false,"template":"","format":"standard","meta":{"sfsi_plus_gutenberg_text_before_share":"","sfsi_plus_gutenberg_show_text_before_share":"","sfsi_plus_gutenberg_icon_type":"","sfsi_plus_gutenberg_icon_alignemt":"","sfsi_plus_gutenburg_max_per_row":"","footnotes":""},"categories":[8],"tags":[],"class_list":["post-10459","post","type-post","status-publish","format-standard","has-post-thumbnail","hentry","category-brasil"],"_links":{"self":[{"href":"https:\/\/noticiasregionais.com.br\/index.php?rest_route=\/wp\/v2\/posts\/10459","targetHints":{"allow":["GET"]}}],"collection":[{"href":"https:\/\/noticiasregionais.com.br\/index.php?rest_route=\/wp\/v2\/posts"}],"about":[{"href":"https:\/\/noticiasregionais.com.br\/index.php?rest_route=\/wp\/v2\/types\/post"}],"author":[{"embeddable":true,"href":"https:\/\/noticiasregionais.com.br\/index.php?rest_route=\/wp\/v2\/users\/1"}],"replies":[{"embeddable":true,"href":"https:\/\/noticiasregionais.com.br\/index.php?rest_route=%2Fwp%2Fv2%2Fcomments&post=10459"}],"version-history":[{"count":0,"href":"https:\/\/noticiasregionais.com.br\/index.php?rest_route=\/wp\/v2\/posts\/10459\/revisions"}],"wp:featuredmedia":[{"embeddable":true,"href":"https:\/\/noticiasregionais.com.br\/index.php?rest_route=\/wp\/v2\/media\/10460"}],"wp:attachment":[{"href":"https:\/\/noticiasregionais.com.br\/index.php?rest_route=%2Fwp%2Fv2%2Fmedia&parent=10459"}],"wp:term":[{"taxonomy":"category","embeddable":true,"href":"https:\/\/noticiasregionais.com.br\/index.php?rest_route=%2Fwp%2Fv2%2Fcategories&post=10459"},{"taxonomy":"post_tag","embeddable":true,"href":"https:\/\/noticiasregionais.com.br\/index.php?rest_route=%2Fwp%2Fv2%2Ftags&post=10459"}],"curies":[{"name":"wp","href":"https:\/\/api.w.org\/{rel}","templated":true}]}}