{"id":1046,"date":"2023-11-06T19:34:27","date_gmt":"2023-11-06T22:34:27","guid":{"rendered":"https:\/\/noticiasregionais.com.br\/?p=1046"},"modified":"2023-11-06T19:34:30","modified_gmt":"2023-11-06T22:34:30","slug":"prf-encerra-operacao-finados-2023-com-reducao-nos-indices-de-acidentalidade-na-br-153","status":"publish","type":"post","link":"https:\/\/noticiasregionais.com.br\/?p=1046","title":{"rendered":"PRF encerra Opera\u00e7\u00e3o Finados 2023 com redu\u00e7\u00e3o nos \u00edndices de acidentalidade na BR 153"},"content":{"rendered":"\n<p class=\"has-text-align-center\"><strong>Redu\u00e7\u00e3o de 42% na quantidade de acidentes no trecho de S\u00e3o Jos\u00e9 do Rio Preto.<\/strong><\/p>\n\n\n\n<p>A Pol\u00edcia Rodovi\u00e1ria Federal concluiu a Opera\u00e7\u00e3o Finados 2023 \u00e0s 23h59 deste domingo (05). A intensifica\u00e7\u00e3o nas a\u00e7\u00f5es de fiscaliza\u00e7\u00e3o para redu\u00e7\u00e3o de acidentes teve in\u00edcio na \u00faltima quarta-feira (01). Durante os quatro dias de opera\u00e7\u00e3o, o efetivo mobilizado foi empregado nos pontos onde h\u00e1 maior incid\u00eancia de infra\u00e7\u00f5es e acidentes. O objetivo foi coibir atitudes proibidas ao volante que colocam em risco as vidas de motoristas e passageiros.<br>Durante os cinco dias de opera\u00e7\u00e3o, a PRF atendeu 4 acidentes no trecho de S\u00e3o Jos\u00e9 do Rio Preto, que resultaram em 5 pessoas feridas. No trecho de Mar\u00edlia foram 4 acidentes, com 2 feridos.<br>Comparando com o \u00faltimo feriado prolongado, de Nossa Senhora Aparecida, cuja opera\u00e7\u00e3o ocorreu entre 11 e 15 de outubro, a PRF registrou uma redu\u00e7\u00e3o de 42% de acidentes no feriado de Finados, no trecho de S\u00e3o Jos\u00e9 do Rio Preto.<\/p>\n\n\n\n<p><strong>Fiscaliza\u00e7\u00e3o<\/strong><br>Durante os 5 dias de opera\u00e7\u00e3o, foram fiscalizadas 336 ve\u00edculos em S\u00e3o Jos\u00e9 do Rio Preto e 377 em Mar\u00edlia.<br>Foram lavrados 242 autos de infra\u00e7\u00e3o em Rio Preto, e 456 em Mar\u00edlia.<br>As infra\u00e7\u00f5es com mais incid\u00eancia foram a falta do cinto de seguran\u00e7a e as ultrapassagens proibidas.<br>Em S\u00e3o Jos\u00e9 do Rio Preto foram lavradas 23 autua\u00e7\u00f5es por motorista sem cinto de seguran\u00e7a, 10 por embriaguez ao volante, 7 por crian\u00e7as sem a &#8220;cadeirinha&#8221; e 15 por ultrapassagens proibidas.<br>Em Mar\u00edlia foram lavradas 53 autua\u00e7\u00f5es por ultrapassagens proibidas, 6 por motorista sem cinto de seguran\u00e7a, 21 por passageiros sem o cinto e 5 por embriaguez ao volante.<\/p>\n\n\n\n<p><strong>Ocorr\u00eancias criminais<br><\/strong>Na madrugada de quarta (01) para quinta (02), um homem foi abordado em Jos\u00e9 Bonif\u00e1cio dirigindo com a CNH suspensa. Nesta sexta feira (03), um homem foi preso em Rio Preto por estar conduzindo uma motocicleta furtada.<br>Na noite desta quarta-feira (01), um caminhoneiro foi detido em Guai\u00e7ara-SP por ter em sua posse comprimidos de anfetaminas, conhecidos como &#8220;rebites&#8221;. Na quinta-feira (02), um homem foi preso em Ourinhos-SP por estar procurado pela justi\u00e7a pelo crime de tr\u00e1fico de drogas. Na manh\u00e3 deste domingo (05), em Guai\u00e7ara-SP, um caminhoneiro foi flagrado dirigindo sob efeito de coca\u00edna. Com ele foram encontrados um pino da droga e comprimidos de &#8220;rebite&#8221;. Na tarde do mesmo dia, outro caminhoneiro foi flagrado em Promiss\u00e3o-SP, tamb\u00e9m portando comprimidos de &#8220;rebites&#8221;.<\/p>\n<input type=\"hidden\" id=\"baseurl\" value=\"https:\/\/noticiasregionais.com.br\"><input type=\"hidden\" id=\"audio_nonce\" value=\"533fbb67b1\">","protected":false},"excerpt":{"rendered":"<p>Redu\u00e7\u00e3o de 42% na quantidade de acidentes no trecho de S\u00e3o Jos\u00e9 do Rio Preto. A Pol\u00edcia Rodovi\u00e1ria Federal concluiu&hellip;<\/p>\n","protected":false},"author":1,"featured_media":1047,"comment_status":"closed","ping_status":"open","sticky":false,"template":"","format":"standard","meta":{"sfsi_plus_gutenberg_text_before_share":"","sfsi_plus_gutenberg_show_text_before_share":"","sfsi_plus_gutenberg_icon_type":"","sfsi_plus_gutenberg_icon_alignemt":"","sfsi_plus_gutenburg_max_per_row":"","footnotes":""},"categories":[6,10,1],"tags":[],"class_list":["post-1046","post","type-post","status-publish","format-standard","has-post-thumbnail","hentry","category-sao_paulo","category-destaques","category-noticias"],"_links":{"self":[{"href":"https:\/\/noticiasregionais.com.br\/index.php?rest_route=\/wp\/v2\/posts\/1046","targetHints":{"allow":["GET"]}}],"collection":[{"href":"https:\/\/noticiasregionais.com.br\/index.php?rest_route=\/wp\/v2\/posts"}],"about":[{"href":"https:\/\/noticiasregionais.com.br\/index.php?rest_route=\/wp\/v2\/types\/post"}],"author":[{"embeddable":true,"href":"https:\/\/noticiasregionais.com.br\/index.php?rest_route=\/wp\/v2\/users\/1"}],"replies":[{"embeddable":true,"href":"https:\/\/noticiasregionais.com.br\/index.php?rest_route=%2Fwp%2Fv2%2Fcomments&post=1046"}],"version-history":[{"count":1,"href":"https:\/\/noticiasregionais.com.br\/index.php?rest_route=\/wp\/v2\/posts\/1046\/revisions"}],"predecessor-version":[{"id":1048,"href":"https:\/\/noticiasregionais.com.br\/index.php?rest_route=\/wp\/v2\/posts\/1046\/revisions\/1048"}],"wp:featuredmedia":[{"embeddable":true,"href":"https:\/\/noticiasregionais.com.br\/index.php?rest_route=\/wp\/v2\/media\/1047"}],"wp:attachment":[{"href":"https:\/\/noticiasregionais.com.br\/index.php?rest_route=%2Fwp%2Fv2%2Fmedia&parent=1046"}],"wp:term":[{"taxonomy":"category","embeddable":true,"href":"https:\/\/noticiasregionais.com.br\/index.php?rest_route=%2Fwp%2Fv2%2Fcategories&post=1046"},{"taxonomy":"post_tag","embeddable":true,"href":"https:\/\/noticiasregionais.com.br\/index.php?rest_route=%2Fwp%2Fv2%2Ftags&post=1046"}],"curies":[{"name":"wp","href":"https:\/\/api.w.org\/{rel}","templated":true}]}}