{"id":10471,"date":"2025-10-15T04:50:00","date_gmt":"2025-10-15T07:50:00","guid":{"rendered":"https:\/\/noticiasregionais.com.br\/?p=10471"},"modified":"2025-10-15T04:50:00","modified_gmt":"2025-10-15T07:50:00","slug":"dia-dos-professores-faculdade-do-comercio-destaca-atuacao-de-profissionais-da-modalidade-ead","status":"publish","type":"post","link":"https:\/\/noticiasregionais.com.br\/?p=10471","title":{"rendered":"Dia dos Professores: Faculdade do Com\u00e9rcio destaca atua\u00e7\u00e3o de profissionais da modalidade EAD"},"content":{"rendered":"<p>\t\t\t\t\t\t\t\t\t\t<audio controls class=\"b61_audio_player\" data-noticia=\"85229\" src=\"https:\/\/brasil61.com\/rails\/active_storage\/blobs\/eyJfcmFpbHMiOnsibWVzc2FnZSI6IkJBaHBBOHVzQXc9PSIsImV4cCI6bnVsbCwicHVyIjoiYmxvYl9pZCJ9fQ==--106808edefb3e7a1918a2fa36c1dfa6104b929b7\/CACB250073A\"><\/audio><\/p>\n<p>Com 15 anos de carreira e com participa\u00e7\u00e3o na forma\u00e7\u00e3o de mais de mil profissionais, a professora Liliane Amikura Yatsu, especialista em com\u00e9rcio, varejo e neg\u00f3cios, celebra o Dia dos Professores nesta quarta-feira (15) destacando o poder transformador da educa\u00e7\u00e3o.\u00a0<\/p>\n<p>\u201cSer professora transcende uma sala de aula, seja f\u00edsica ou remotamente, porque al\u00e9m de transmitir conhecimento e experi\u00eancias no campo da nossa atua\u00e7\u00e3o, tamb\u00e9m fazemos com que o aluno se sinta n\u00e3o s\u00f3 pertencido, mas acolhido, e o que no aprendizado faz toda diferen\u00e7a, pois n\u00e3o ensinamos apenas teorias e pr\u00e1ticas, mas tamb\u00e9m os valores de um ser humano, que podem abrilhant\u00e1-lo em sua trajet\u00f3ria profissional e pessoal\u201d, afirma a educadora.\u00a0<\/p>\n<p>S\u00f3 na <a href=\"https:\/\/facsp.com.br\/\" target=\"_blank\" rel=\"noopener\">Faculdade do Com\u00e9rcio (FAC)<\/a>, <strong>Liliane j\u00e1 impactou a trajet\u00f3ria de mais de 400 alunos. <\/strong>A FAC \u00e9 mantida pelo Instituto Paulista de Ensino Superior do Com\u00e9rcio S\/A, resultado de uma iniciativa da <a href=\"https:\/\/acsp.com.br\/\" target=\"_blank\" rel=\"noopener\">Associa\u00e7\u00e3o Comercial de S\u00e3o Paulo (ACSP) <\/a>em parceria com a <a href=\"https:\/\/cacb.org.br\/\" target=\"_blank\" rel=\"noopener\">Confedera\u00e7\u00e3o das Associa\u00e7\u00f5es Comerciais e Empresariais do Brasil (CACB)<\/a>.<\/p>\n<p>Com 2,5 mil alunos, a FAC oferece <strong>dez cursos de gradua\u00e7\u00e3o a dist\u00e2ncia e sete de p\u00f3s-gradua\u00e7\u00e3o em regime h\u00edbrido<\/strong>. No total, s\u00e3o 65 cursos regulares e 28 cursos livres, voltados \u00e0 forma\u00e7\u00e3o de profissionais do setor produtivo.<\/p>\n<p>Desde o in\u00edcio das atividades da institui\u00e7\u00e3o, em 2020, Liliane Amikura Yatsu leciona em todas as gradua\u00e7\u00f5es e p\u00f3s-gradua\u00e7\u00f5es h\u00edbridas. Atualmente, tamb\u00e9m atua como coordenadora da p\u00f3s-gradua\u00e7\u00e3o e secret\u00e1ria acad\u00eamica da FAC.<\/p>\n<h2>Valoriza\u00e7\u00e3o dos professores e dedica\u00e7\u00e3o \u00e0 forma\u00e7\u00e3o profissional<\/h2>\n<p>O gerente de EAD da institui\u00e7\u00e3o, Wellington Luis, afirma que<strong> o Dia dos Professores representa para os profissionais que ensinam a dist\u00e2ncia um reconhecimento de \u201cdupla jornada e inova\u00e7\u00e3o\u201d.<\/strong><\/p>\n<p>\u201cO Dia dos Professores \u00e9 uma oportunidade para reconhecer que esse profissional, que o professor EAD exerce uma fun\u00e7\u00e3o com exig\u00eancias singulares: dom\u00ednio pedag\u00f3gico-tecnol\u00f3gico \u2013 que vai muito al\u00e9m do que ele precisa dominar \u2013 de plataformas virtuais, ferramentas, multim\u00eddia, precisa ter a habilidade de traduzir o conhecimento para o formato digital\u201d, aponta.<\/p>\n<p><strong>A institui\u00e7\u00e3o de ensino oferta cursos de gradua\u00e7\u00e3o e p\u00f3s-gradua\u00e7\u00e3o voltados \u00e0 realidade do mercado, com \u00eanfase em \u00e1reas estrat\u00e9gicas, como log\u00edstica, marketing, com\u00e9rcio exterior, gest\u00e3o financeira e recursos humanos<\/strong>. As \u00e1reas de estudo t\u00eam como foco o mundo digital e o empreendedorismo.\u00a0<\/p>\n<p>Al\u00e9m disso, a faculdade est\u00e1 integrada a uma <strong>rede que representa mais de 2 milh\u00f5es de empres\u00e1rios em todo o Brasil<\/strong>. A oportunidade garante aos alunos um ambiente favor\u00e1vel para networking, viv\u00eancia empresarial e oportunidades reais de inser\u00e7\u00e3o no mercado de trabalho.<\/p>\n<h2>Chat day<\/h2>\n<p>A flexibilidade guia a qualifica\u00e7\u00e3o dos estudantes da institui\u00e7\u00e3o. O gerente Wellington destaca que os cursos a dist\u00e2ncia oferecem suporte local, com apoio dos polos f\u00edsicos nas associa\u00e7\u00f5es comerciais, com acompanhamento presencial aos estudantes.<\/p>\n<p>\u201cNosso pessoal acad\u00eamico passa frequentemente por treinamentos, por oficinas, e tamb\u00e9m j\u00e1 s\u00e3o pessoas de gabarito, de nome, de respeito no mundo acad\u00eamico, mas para ter essa intera\u00e7\u00e3o conosco do mundo, das associa\u00e7\u00f5es, do associativismo, que \u00e9 um p\u00fablico muito diferenciado, t\u00eam essas oficinas para poderem ministrar as aulas, ter um conhecimento mais profundo, e tamb\u00e9m a gente tem todo um aparato tecnol\u00f3gico para que isso aconte\u00e7a de forma bem tranquila\u201d, explica o gerente.<\/p>\n<p>A forma\u00e7\u00e3o estimula o uso de ferramentas digitais, redes sociais, plataformas de venda online e automa\u00e7\u00e3o de processos. <strong>As atividades ajudam os neg\u00f3cios a se manterem competitivos num mercado em constante transforma\u00e7\u00e3o.\u00a0<\/strong><\/p>\n<p>Segundo o gerente, com vistas a garantir a intera\u00e7\u00e3o entre aluno e professor, a FAC adota um formato chamado de <strong><em>chat day<\/em><\/strong>. A a\u00e7\u00e3o permite que, semanalmente, os matriculados tirem d\u00favidas com os professores por meio de um chat online.<\/p>\n<p>\u201cIsso tem uma grande diferencia\u00e7\u00e3o e pesa muito na quest\u00e3o da intera\u00e7\u00e3o humana. Isso \u00e9 muito bom, n\u00e3o ser algo somente robotizado, mas ter um processo humanizado\u201d, diz.<\/p>\n<p>Conhe\u00e7a os cursos de Gradua\u00e7\u00e3o Presencial e EAD: <a href=\"http:\/\/facsp.com.br\" target=\"_blank\" rel=\"noopener\">facsp.com.br<\/a>.<br \/>\n\u00a0<\/p>\n<p>\t\t\t\t\t\t\t\t\t<img decoding=\"async\" src=\"https:\/\/brasil61.com\/api\/v1\/serve_pixel\/22254\/85229\" alt=\"Pixel Brasil 61\" class=\"b61_pixel\" width=\"0\" height=\"0\"><\/p>\n<div class=\"br61_backlink\">\n<p>\n\t\t\t\tFonte: <a href=\"https:\/\/brasil61.com\/dia-dos-professores-faculdade-do-comercio-destaca-atuacao-de-profissionais-da-modalidade-ead-cacb250073\" title=\"Artigo Original: Dia dos Professores: Faculdade do Com\u00e9rcio destaca atua\u00e7\u00e3o de profissionais da modalidade EAD\" target=\"_blank\" rel=\"noopener\">Brasil 61<\/a>\n\t\t\t<\/p>\n<\/p><\/div>\n<input type=\"hidden\" id=\"baseurl\" value=\"https:\/\/noticiasregionais.com.br\"><input type=\"hidden\" id=\"audio_nonce\" value=\"5c13e0637f\">","protected":false},"excerpt":{"rendered":"<p>Integrada \u00e0 rede que re\u00fane 2 milh\u00f5es de empres\u00e1rios, a institui\u00e7\u00e3o celebra a data refor\u00e7ando o papel da forma\u00e7\u00e3o empreendedora e do ensino acess\u00edvel<\/p>\n","protected":false},"author":1,"featured_media":10472,"comment_status":"","ping_status":"open","sticky":false,"template":"","format":"standard","meta":{"sfsi_plus_gutenberg_text_before_share":"","sfsi_plus_gutenberg_show_text_before_share":"","sfsi_plus_gutenberg_icon_type":"","sfsi_plus_gutenberg_icon_alignemt":"","sfsi_plus_gutenburg_max_per_row":"","footnotes":""},"categories":[8],"tags":[],"class_list":["post-10471","post","type-post","status-publish","format-standard","has-post-thumbnail","hentry","category-brasil"],"_links":{"self":[{"href":"https:\/\/noticiasregionais.com.br\/index.php?rest_route=\/wp\/v2\/posts\/10471","targetHints":{"allow":["GET"]}}],"collection":[{"href":"https:\/\/noticiasregionais.com.br\/index.php?rest_route=\/wp\/v2\/posts"}],"about":[{"href":"https:\/\/noticiasregionais.com.br\/index.php?rest_route=\/wp\/v2\/types\/post"}],"author":[{"embeddable":true,"href":"https:\/\/noticiasregionais.com.br\/index.php?rest_route=\/wp\/v2\/users\/1"}],"replies":[{"embeddable":true,"href":"https:\/\/noticiasregionais.com.br\/index.php?rest_route=%2Fwp%2Fv2%2Fcomments&post=10471"}],"version-history":[{"count":0,"href":"https:\/\/noticiasregionais.com.br\/index.php?rest_route=\/wp\/v2\/posts\/10471\/revisions"}],"wp:featuredmedia":[{"embeddable":true,"href":"https:\/\/noticiasregionais.com.br\/index.php?rest_route=\/wp\/v2\/media\/10472"}],"wp:attachment":[{"href":"https:\/\/noticiasregionais.com.br\/index.php?rest_route=%2Fwp%2Fv2%2Fmedia&parent=10471"}],"wp:term":[{"taxonomy":"category","embeddable":true,"href":"https:\/\/noticiasregionais.com.br\/index.php?rest_route=%2Fwp%2Fv2%2Fcategories&post=10471"},{"taxonomy":"post_tag","embeddable":true,"href":"https:\/\/noticiasregionais.com.br\/index.php?rest_route=%2Fwp%2Fv2%2Ftags&post=10471"}],"curies":[{"name":"wp","href":"https:\/\/api.w.org\/{rel}","templated":true}]}}