{"id":10473,"date":"2025-10-15T12:00:00","date_gmt":"2025-10-15T15:00:00","guid":{"rendered":"https:\/\/noticiasregionais.com.br\/?p=10473"},"modified":"2025-10-15T12:00:00","modified_gmt":"2025-10-15T15:00:00","slug":"doacao-de-orgaos-brasil-bate-recorde-mas-recusa-familiar-ainda-e-alta","status":"publish","type":"post","link":"https:\/\/noticiasregionais.com.br\/?p=10473","title":{"rendered":"Doa\u00e7\u00e3o de \u00f3rg\u00e3os: Brasil bate recorde, mas recusa familiar ainda \u00e9 alta"},"content":{"rendered":"<p>\t\t\t\t\t\t\t\t\t\t<audio controls class=\"b61_audio_player\" data-noticia=\"85114\" src=\"https:\/\/brasil61.com\/rails\/active_storage\/blobs\/eyJfcmFpbHMiOnsibWVzc2FnZSI6IkJBaHBBOUNwQXc9PSIsImV4cCI6bnVsbCwicHVyIjoiYmxvYl9pZCJ9fQ==--73a71e470821d7578badcbfd2402e66668daa424\/PDMS252960A\"><\/audio><\/p>\n<p><strong>O <a href=\"https:\/\/www.gov.br\/saude\/pt-br\/assuntos\/noticias\/2025\/setembro\/ministerio-da-saude-cria-acao-inedita-para-incentivar-a-doacao-de-orgaos-e-reverter-recusa-de-45-das-familias\" target=\"_blank\" rel=\"noopener\">Brasil realizou cerca de 15 mil\u00a0transplantes no primeiro semestre de 2025<\/a><\/strong>, o maior n\u00famero da s\u00e9rie hist\u00f3rica. Apesar do avan\u00e7o, o sistema ainda enfrenta um desafio: <strong>45% das fam\u00edlias recusam a doa\u00e7\u00e3o de \u00f3rg\u00e3os<\/strong>. Esse \u00edndice limita o n\u00famero de transplantes e contribui para a longa lista de espera.\u00a0Segundo o <a href=\"https:\/\/www.gov.br\/saude\/pt-br\/composicao\/saes\/snt\" target=\"_blank\" rel=\"noopener\">Sistema Nacional de Transplantes<\/a>, no ano recorrente, <strong>mais de <a href=\"https:\/\/www.gov.br\/saude\/pt-br\/composicao\/saes\/snt\/lista-de-espera-e-transplantes-realizados-no-brasil-no-ano-recorrente\" target=\"_blank\" rel=\"noopener\">47 mil pessoas<\/a> aguardam por um transplante de \u00f3rg\u00e3os no pa\u00eds<\/strong>.<\/p>\n<p>Para reverter esse cen\u00e1rio, a <a href=\"https:\/\/www.gov.br\/saude\/pt-br\/campanhas-da-saude\/2024\/doacao-de-orgaos\" target=\"_blank\" rel=\"noopener\"><strong>campanha de doa\u00e7\u00e3o de \u00f3rg\u00e3os de 2025<\/strong> do Minist\u00e9rio da Sa\u00fade \u201cVoc\u00ea diz sim, o Brasil inteiro agradece\u201d<\/a> pretende conscientizar a popula\u00e7\u00e3o sobre a import\u00e2ncia da doa\u00e7\u00e3o de \u00f3rg\u00e3os e tecidos. A iniciativa busca reduzir os casos de recusa familiar.<\/p>\n<p>Por essa raz\u00e3o, o ministro da Sa\u00fade, Alexandre Padilha, reitera a import\u00e2ncia de <strong>comunicar \u00e0 fam\u00edlia o desejo de doar<\/strong>. \u201cO fato de algu\u00e9m falar para um familiar, escrever uma carta, fazer um comunicado, conversar sobre isso e, hoje, postar na rede social que \u00e9 um doador \u2014 que quer ser um doador se um dia acontecer uma fatalidade e perder a vida \u2014, que quer fazer com que continue a defesa da vida, salvando a vida de outras pessoas, faz toda a diferen\u00e7a na decis\u00e3o da fam\u00edlia&#8221;, disse.<\/p>\n<p>A t\u00e9cnica de enfermagem Rita de K\u00e1ssia, do munic\u00edpio goiano de Luzi\u00e2nia, autorizou a doa\u00e7\u00e3o dos \u00f3rg\u00e3os do filho Gabriel, de 21 anos, que faleceu ap\u00f3s sofrer um choque el\u00e9trico e ser diagnosticado com morte encef\u00e1lica. Foram doados rins, f\u00edgado, cora\u00e7\u00e3o e c\u00f3rneas. Seis pessoas foram beneficiadas. Segundo Rita, o filho j\u00e1 havia manifestado o <strong>desejo de ser doador<\/strong> antes do acidente.<\/p>\n<p>\u201cSe a vontade dele era ser doador, ent\u00e3o eu decidi doar os \u00f3rg\u00e3os dele. Apesar de todo o sofrimento em perder um filho, em saber que nunca mais eu teria ele aqui, tive a plena convic\u00e7\u00e3o de que salvar outras vidas atrav\u00e9s dele seria um ato de hero\u00edsmo da parte dele&#8221;, conta a t\u00e9cnica.<\/p>\n<p>O Brasil \u00e9 o terceiro pa\u00eds em n\u00famero absoluto de transplantes, atr\u00e1s de Estados Unidos e China, e o <strong>primeiro em volume realizado exclusivamente por sistema p\u00fablico<\/strong>.<\/p>\n<p>\u201cVoc\u00ea diz sim, o Brasil inteiro agradece\u201d. Converse com sua fam\u00edlia e seja um doador. Para mais informa\u00e7\u00f5es, acesse o site <a href=\"https:\/\/www.gov.br\/saude\/pt-br\" target=\"_blank\" rel=\"noopener\">gov.br\/saude<\/a>.<\/p>\n<p>\t\t\t\t\t\t\t\t\t<img decoding=\"async\" src=\"https:\/\/brasil61.com\/api\/v1\/serve_pixel\/22254\/85114\" alt=\"Pixel Brasil 61\" class=\"b61_pixel\" width=\"0\" height=\"0\"><\/p>\n<div class=\"br61_backlink\">\n<p>\n\t\t\t\tFonte: <a href=\"https:\/\/brasil61.com\/doacao-de-orgaos-brasil-bate-recorde-mas-recusa-familiar-ainda-e-alta-pdms252960\" title=\"Artigo Original: Doa\u00e7\u00e3o de \u00f3rg\u00e3os: Brasil bate recorde, mas recusa familiar ainda \u00e9 alta \" target=\"_blank\" rel=\"noopener\">Brasil 61<\/a>\n\t\t\t<\/p>\n<\/p><\/div>\n<input type=\"hidden\" id=\"baseurl\" value=\"https:\/\/noticiasregionais.com.br\"><input type=\"hidden\" id=\"audio_nonce\" value=\"5c13e0637f\">","protected":false},"excerpt":{"rendered":"<p>Segundo o Minist\u00e9rio da Sa\u00fade, cerca de 15 mil transplantes foram realizados no primeiro semestre de 2025. Apesar do avan\u00e7o, 45% das fam\u00edlias recusam a doa\u00e7\u00e3o de \u00f3rg\u00e3os<\/p>\n","protected":false},"author":1,"featured_media":10474,"comment_status":"","ping_status":"open","sticky":false,"template":"","format":"standard","meta":{"sfsi_plus_gutenberg_text_before_share":"","sfsi_plus_gutenberg_show_text_before_share":"","sfsi_plus_gutenberg_icon_type":"","sfsi_plus_gutenberg_icon_alignemt":"","sfsi_plus_gutenburg_max_per_row":"","footnotes":""},"categories":[8],"tags":[],"class_list":["post-10473","post","type-post","status-publish","format-standard","has-post-thumbnail","hentry","category-brasil"],"_links":{"self":[{"href":"https:\/\/noticiasregionais.com.br\/index.php?rest_route=\/wp\/v2\/posts\/10473","targetHints":{"allow":["GET"]}}],"collection":[{"href":"https:\/\/noticiasregionais.com.br\/index.php?rest_route=\/wp\/v2\/posts"}],"about":[{"href":"https:\/\/noticiasregionais.com.br\/index.php?rest_route=\/wp\/v2\/types\/post"}],"author":[{"embeddable":true,"href":"https:\/\/noticiasregionais.com.br\/index.php?rest_route=\/wp\/v2\/users\/1"}],"replies":[{"embeddable":true,"href":"https:\/\/noticiasregionais.com.br\/index.php?rest_route=%2Fwp%2Fv2%2Fcomments&post=10473"}],"version-history":[{"count":0,"href":"https:\/\/noticiasregionais.com.br\/index.php?rest_route=\/wp\/v2\/posts\/10473\/revisions"}],"wp:featuredmedia":[{"embeddable":true,"href":"https:\/\/noticiasregionais.com.br\/index.php?rest_route=\/wp\/v2\/media\/10474"}],"wp:attachment":[{"href":"https:\/\/noticiasregionais.com.br\/index.php?rest_route=%2Fwp%2Fv2%2Fmedia&parent=10473"}],"wp:term":[{"taxonomy":"category","embeddable":true,"href":"https:\/\/noticiasregionais.com.br\/index.php?rest_route=%2Fwp%2Fv2%2Fcategories&post=10473"},{"taxonomy":"post_tag","embeddable":true,"href":"https:\/\/noticiasregionais.com.br\/index.php?rest_route=%2Fwp%2Fv2%2Ftags&post=10473"}],"curies":[{"name":"wp","href":"https:\/\/api.w.org\/{rel}","templated":true}]}}