{"id":10483,"date":"2025-10-16T04:10:00","date_gmt":"2025-10-16T07:10:00","guid":{"rendered":"https:\/\/noticiasregionais.com.br\/?p=10483"},"modified":"2025-10-16T04:10:00","modified_gmt":"2025-10-16T07:10:00","slug":"soja-e-trigo-confira-as-cotacoes-para-esta-quinta-feira-16","status":"publish","type":"post","link":"https:\/\/noticiasregionais.com.br\/?p=10483","title":{"rendered":"Soja e trigo: confira as cota\u00e7\u00f5es para esta quinta-feira (16)"},"content":{"rendered":"<p>\t\t\t\t\t\t\t\t\t\t<audio controls class=\"b61_audio_player\" data-noticia=\"85250\" src=\"https:\/\/brasil61.com\/rails\/active_storage\/blobs\/eyJfcmFpbHMiOnsibWVzc2FnZSI6IkJBaHBBeld0QXc9PSIsImV4cCI6bnVsbCwicHVyIjoiYmxvYl9pZCJ9fQ==--69454101bb7c4ecd4aaf7f05b8fc1974674d1624\/PAGR255866A\"><\/audio><\/p>\n<p>A saca de 60 kg da soja, nesta quinta-feira, registra queda no interior do Paran\u00e1 e estabilidade no litoral do estado, em Paranagu\u00e1. Na primeira regi\u00e3o, o gr\u00e3o \u00e9 negociado a R$133,23, enquanto no litoral, a cota\u00e7\u00e3o chega a R$138,26.<\/p>\n<h3>INDICADOR DA SOJA CEPEA\/ESALQ &#8211; PARAN\u00c1<\/h3>\n<table>\n<tbody>\n<tr>\n<th>Data<\/th>\n<th>Valor R$*<\/th>\n<th>Var.\/Dia<\/th>\n<th>Var.\/M\u00eas<\/th>\n<th>Valor US$*<\/th>\n<\/tr>\n<tr>\n<td>15\/10\/2025<\/td>\n<td>133,23<\/td>\n<td>-0,05%<\/td>\n<td>3,38%<\/td>\n<td>24,41<\/td>\n<\/tr>\n<tr>\n<td>14\/10\/2025<\/td>\n<td>133,29<\/td>\n<td>-0,11%<\/td>\n<td>3,42%<\/td>\n<td>24,38<\/td>\n<\/tr>\n<tr>\n<td>13\/10\/2025<\/td>\n<td>133,44<\/td>\n<td>0,57%<\/td>\n<td>3,54%<\/td>\n<td>24,45<\/td>\n<\/tr>\n<tr>\n<td>10\/10\/2025<\/td>\n<td>132,68<\/td>\n<td>0,55%<\/td>\n<td>2,95%<\/td>\n<td>24,13<\/td>\n<\/tr>\n<tr>\n<td>09\/10\/2025<\/td>\n<td>131,95<\/td>\n<td>0,04%<\/td>\n<td>2,38%<\/td>\n<td>24,53<\/td>\n<\/tr>\n<\/tbody>\n<\/table>\n<p>INDICADOR DA SOJA CEPEA\/ESALQ &#8211; PARANAGU\u00c1<\/p>\n<table>\n<tbody>\n<tr>\n<th>Data<\/th>\n<th>Valor R$*<\/th>\n<th>Var.\/Dia<\/th>\n<th>Var.\/M\u00eas<\/th>\n<th>Valor US$*<\/th>\n<\/tr>\n<tr>\n<td>15\/10\/2025<\/td>\n<td>138,26<\/td>\n<td>0,00%<\/td>\n<td>3,47%<\/td>\n<td>25,34<\/td>\n<\/tr>\n<tr>\n<td>14\/10\/2025<\/td>\n<td>138,26<\/td>\n<td>0,11%<\/td>\n<td>3,47%<\/td>\n<td>25,30<\/td>\n<\/tr>\n<tr>\n<td>13\/10\/2025<\/td>\n<td>138,11<\/td>\n<td>0,67%<\/td>\n<td>3,36%<\/td>\n<td>25,30<\/td>\n<\/tr>\n<tr>\n<td>10\/10\/2025<\/td>\n<td>137,19<\/td>\n<td>0,34%<\/td>\n<td>2,67%<\/td>\n<td>24,95<\/td>\n<\/tr>\n<tr>\n<td>09\/10\/2025<\/td>\n<td>136,72<\/td>\n<td>-0,16%<\/td>\n<td>2,32%<\/td>\n<td>25,42<\/td>\n<\/tr>\n<\/tbody>\n<\/table>\n<p>\u00a0<\/p>\n<\/p>\n<h2>Trigo<\/h2>\n<p>O pre\u00e7o do trigo apresenta queda de 0,03% no Paran\u00e1 e a tonelada \u00e9 negociada a R$1.232,09. E no Rio Grande do Sul, a tonelada do gr\u00e3o registra desvaloriza\u00e7\u00e3o de 2,47%, sendo cotada a R$1.123,56.<\/p>\n<h3>PRE\u00c7O M\u00c9DIO DO TRIGO CEPEA\/ESALQ &#8211; PARAN\u00c1<\/h3>\n<table>\n<tbody>\n<tr>\n<th>Data<\/th>\n<th>Valor R$\/t*<\/th>\n<th>Var.\/Dia<\/th>\n<th>Var.\/M\u00eas<\/th>\n<th>Valor US$\/t*<\/th>\n<\/tr>\n<tr>\n<td>15\/10\/2025<\/td>\n<td>1.232,09<\/td>\n<td>-0,03%<\/td>\n<td>-2,28%<\/td>\n<td>225,78<\/td>\n<\/tr>\n<tr>\n<td>14\/10\/2025<\/td>\n<td>1.232,51<\/td>\n<td>0,23%<\/td>\n<td>-2,25%<\/td>\n<td>225,49<\/td>\n<\/tr>\n<tr>\n<td>13\/10\/2025<\/td>\n<td>1.229,73<\/td>\n<td>-0,72%<\/td>\n<td>-2,47%<\/td>\n<td>225,31<\/td>\n<\/tr>\n<tr>\n<td>10\/10\/2025<\/td>\n<td>1.238,61<\/td>\n<td>-0,34%<\/td>\n<td>-1,77%<\/td>\n<td>225,24<\/td>\n<\/tr>\n<tr>\n<td>09\/10\/2025<\/td>\n<td>1.242,83<\/td>\n<td>0,71%<\/td>\n<td>-1,43%<\/td>\n<td>231,10<\/td>\n<\/tr>\n<\/tbody>\n<\/table>\n<p><!-- Indicador 2 - Valores em R$\/t --><\/p>\n<h3>PRE\u00c7O M\u00c9DIO DO TRIGO CEPEA\/ESALQ &#8211; RIO GRANDE DO SUL<\/h3>\n<table>\n<tbody>\n<tr>\n<th>Data<\/th>\n<th>Valor R$\/t*<\/th>\n<th>Var.\/Dia<\/th>\n<th>Var.\/M\u00eas<\/th>\n<th>Valor US$\/t*<\/th>\n<\/tr>\n<tr>\n<td>15\/10\/2025<\/td>\n<td>1.123,56<\/td>\n<td>-2,47%<\/td>\n<td>-8,35%<\/td>\n<td>205,89<\/td>\n<\/tr>\n<tr>\n<td>14\/10\/2025<\/td>\n<td>1.152,02<\/td>\n<td>0,19%<\/td>\n<td>-6,02%<\/td>\n<td>210,76<\/td>\n<\/tr>\n<tr>\n<td>13\/10\/2025<\/td>\n<td>1.149,79<\/td>\n<td>-0,94%<\/td>\n<td>-6,21%<\/td>\n<td>210,66<\/td>\n<\/tr>\n<tr>\n<td>10\/10\/2025<\/td>\n<td>1.160,66<\/td>\n<td>-2,15%<\/td>\n<td>-5,32%<\/td>\n<td>211,07<\/td>\n<\/tr>\n<tr>\n<td>09\/10\/2025<\/td>\n<td>1.186,12<\/td>\n<td>-0,24%<\/td>\n<td>-3,24%<\/td>\n<td>220,55<\/td>\n<\/tr>\n<\/tbody>\n<\/table>\n<p>Os dados s\u00e3o do <a href=\"https:\/\/www.cepea.org.br\/br\/indicador\/trigo.aspx\" target=\"_blank\" rel=\"noopener\">Cepea<\/a>.<\/p>\n<h2>O que \u00e9 uma saca de soja ou de trigo? Entenda a unidade de medida no mercado de gr\u00e3os<\/h2>\n<p>A saca de soja e a saca de trigo s\u00e3o as principais unidades de comercializa\u00e7\u00e3o de gr\u00e3os no Brasil. Cada saca equivale a 60 quilos, padr\u00e3o adotado por \u00f3rg\u00e3os oficiais como a Companhia Nacional de Abastecimento (Conab), o Minist\u00e9rio da Agricultura (MAPA) e o Centro de Estudos Avan\u00e7ados em Economia Aplicada (Cepea).<\/p>\n<p>Esse formato padronizado facilita o com\u00e9rcio da soja e do trigo, al\u00e9m de permitir um acompanhamento mais preciso das cota\u00e7\u00f5es e varia\u00e7\u00f5es de pre\u00e7os no mercado nacional.<\/p>\n<p>\u00a0<\/p>\n<p>\t\t\t\t\t\t\t\t\t<img decoding=\"async\" src=\"https:\/\/brasil61.com\/api\/v1\/serve_pixel\/22254\/85250\" alt=\"Pixel Brasil 61\" class=\"b61_pixel\" width=\"0\" height=\"0\"><\/p>\n<div class=\"br61_backlink\">\n<p>\n\t\t\t\tFonte: <a href=\"https:\/\/brasil61.com\/soja-e-trigo-confira-as-cotacoes-para-esta-quinta-feira-16-pagr255866\" title=\"Artigo Original: Soja e trigo: confira as cota\u00e7\u00f5es para esta quinta-feira (16)\" target=\"_blank\" rel=\"noopener\">Brasil 61<\/a>\n\t\t\t<\/p>\n<\/p><\/div>\n<input type=\"hidden\" id=\"baseurl\" value=\"https:\/\/noticiasregionais.com.br\"><input type=\"hidden\" id=\"audio_nonce\" value=\"533fbb67b1\">","protected":false},"excerpt":{"rendered":"<p>Cota\u00e7\u00f5es da soja caem no Paran\u00e1; trigo registra queda no Rio Grande do Sul e Paran\u00e1<\/p>\n","protected":false},"author":1,"featured_media":10484,"comment_status":"","ping_status":"open","sticky":false,"template":"","format":"standard","meta":{"sfsi_plus_gutenberg_text_before_share":"","sfsi_plus_gutenberg_show_text_before_share":"","sfsi_plus_gutenberg_icon_type":"","sfsi_plus_gutenberg_icon_alignemt":"","sfsi_plus_gutenburg_max_per_row":"","footnotes":""},"categories":[8],"tags":[],"class_list":["post-10483","post","type-post","status-publish","format-standard","has-post-thumbnail","hentry","category-brasil"],"_links":{"self":[{"href":"https:\/\/noticiasregionais.com.br\/index.php?rest_route=\/wp\/v2\/posts\/10483","targetHints":{"allow":["GET"]}}],"collection":[{"href":"https:\/\/noticiasregionais.com.br\/index.php?rest_route=\/wp\/v2\/posts"}],"about":[{"href":"https:\/\/noticiasregionais.com.br\/index.php?rest_route=\/wp\/v2\/types\/post"}],"author":[{"embeddable":true,"href":"https:\/\/noticiasregionais.com.br\/index.php?rest_route=\/wp\/v2\/users\/1"}],"replies":[{"embeddable":true,"href":"https:\/\/noticiasregionais.com.br\/index.php?rest_route=%2Fwp%2Fv2%2Fcomments&post=10483"}],"version-history":[{"count":0,"href":"https:\/\/noticiasregionais.com.br\/index.php?rest_route=\/wp\/v2\/posts\/10483\/revisions"}],"wp:featuredmedia":[{"embeddable":true,"href":"https:\/\/noticiasregionais.com.br\/index.php?rest_route=\/wp\/v2\/media\/10484"}],"wp:attachment":[{"href":"https:\/\/noticiasregionais.com.br\/index.php?rest_route=%2Fwp%2Fv2%2Fmedia&parent=10483"}],"wp:term":[{"taxonomy":"category","embeddable":true,"href":"https:\/\/noticiasregionais.com.br\/index.php?rest_route=%2Fwp%2Fv2%2Fcategories&post=10483"},{"taxonomy":"post_tag","embeddable":true,"href":"https:\/\/noticiasregionais.com.br\/index.php?rest_route=%2Fwp%2Fv2%2Ftags&post=10483"}],"curies":[{"name":"wp","href":"https:\/\/api.w.org\/{rel}","templated":true}]}}