{"id":10485,"date":"2025-10-16T04:15:00","date_gmt":"2025-10-16T07:15:00","guid":{"rendered":"https:\/\/noticiasregionais.com.br\/?p=10485"},"modified":"2025-10-16T04:15:00","modified_gmt":"2025-10-16T07:15:00","slug":"o-que-preve-pacote-anticrimes-violentos-aprovado-no-senado","status":"publish","type":"post","link":"https:\/\/noticiasregionais.com.br\/?p=10485","title":{"rendered":"O que prev\u00ea pacote &#8216;anticrimes violentos&#8217; aprovado no Senado"},"content":{"rendered":"<p>\t\t\t\t\t\t\t\t\t\t<audio controls class=\"b61_audio_player\" data-noticia=\"85246\" src=\"https:\/\/brasil61.com\/rails\/active_storage\/blobs\/eyJfcmFpbHMiOnsibWVzc2FnZSI6IkJBaHBBeXF0QXc9PSIsImV4cCI6bnVsbCwicHVyIjoiYmxvYl9pZCJ9fQ==--ddbebbc89c1aaac1d1d57495647e7da4ac8e941d\/BRAS2514941A\"><\/audio><\/p>\n<p>O <a href=\"https:\/\/www12.senado.leg.br\/noticias\/materias\/2025\/10\/14\/projeto-com-penas-mais-duras-para-crimes-violentos-segue-para-a-camara\" target=\"_blank\" rel=\"noopener\">Senado <\/a>aprovou o <strong>pacote anticrimes violentos<\/strong> (<a href=\"https:\/\/www25.senado.leg.br\/web\/atividade\/materias\/-\/materia\/166490\" target=\"_blank\" rel=\"noopener\">PL 4.809\/2024<\/a>), que <strong>endurece penas para delitos cometidos com viol\u00eancia, incluindo novos tipos penais voltados ao enfrentamento do crime organizado<\/strong>. A proposta, relatada pelo senador Alessandro Vieira (MDB-SE), segue agora para a C\u00e2mara dos Deputados.<\/p>\n<\/p>\n<p dir=\"ltr\" style=\"text-align: justify\">Entre as principais mudan\u00e7as, <strong>o projeto reduz o limite &#8211; de oito para seis anos &#8211; para que o cumprimento da pena seja iniciado em regime fechado<\/strong>. Al\u00e9m disso, exige o <strong>pagamento da multa<\/strong> para a progress\u00e3o de regime em casos de <strong>tr\u00e1fico de drogas<\/strong>, <strong>mil\u00edcias <\/strong>e <strong>organiza\u00e7\u00e3o criminosa<\/strong>.\u00a0<\/p>\n<p dir=\"ltr\" style=\"text-align: justify\"><span style=\"font-size:18px\">Penas aumentadas\u00a0<\/span><\/p>\n<p dir=\"ltr\" style=\"text-align: justify\">O texto <strong>aumenta puni\u00e7\u00f5es para roubos<\/strong> em grupo ou contra transportes de valores e cargas, fixando pena de seis a 12 anos de reclus\u00e3o. Outras penas elevadas incluem:\u00a0<\/p>\n<ul dir=\"ltr\">\n<li style=\"text-align: justify\">Roubo com armas de fogo de uso restrito ou proibido: 8 a 20 anos;<\/li>\n<li style=\"text-align: justify\">Roubo com les\u00e3o corporal grave: 10 a 20 anos;<\/li>\n<li style=\"text-align: justify\">Extors\u00e3o para impor contrata\u00e7\u00e3o de servi\u00e7os: aumento da pena de um ter\u00e7o at\u00e9 a metade, com pena inicial de 4 a 10 anos de reclus\u00e3o;<\/li>\n<li style=\"text-align: justify\">Constitui\u00e7\u00e3o de mil\u00edcia privada: 6 a 10 anos;<\/li>\n<li style=\"text-align: justify\">Recepta\u00e7\u00e3o: 2 a 6 anos;<\/li>\n<li style=\"text-align: justify\">Recepta\u00e7\u00e3o culposa: 1 a 5 anos<\/li>\n<li style=\"text-align: justify\">Homic\u00eddio simples: 8 a 20 anos;<\/li>\n<li style=\"text-align: justify\">Tr\u00e1fico de drogas: penas vari\u00e1veis conforme o caso.<\/li>\n<\/ul>\n<p dir=\"ltr\" style=\"text-align: justify\"><span style=\"font-size:18px\">Novos crimes e regras\u00a0<\/span><\/p>\n<p dir=\"ltr\" style=\"text-align: justify\">O projeto cria o crime de <strong>resist\u00eancia qualificada<\/strong>, que prev\u00ea pena de um a tr\u00eas anos de reclus\u00e3o para quem impedir a execu\u00e7\u00e3o de um ato legal, dificultar a atua\u00e7\u00e3o de agentes de seguran\u00e7a ou fugir ap\u00f3s pr\u00e1tica de resist\u00eancia.<\/p>\n<p dir=\"ltr\" style=\"text-align: justify\">Casos ocorridos em manifesta\u00e7\u00f5es pol\u00edticas, movimentos sociais, sindicais, religiosos, de classe ou categoria profissional ficam fora da tipifica\u00e7\u00e3o.<\/p>\n<p dir=\"ltr\" style=\"text-align: justify\">Outras mudan\u00e7as incluem <strong>penas mais altas para uso e com\u00e9rcio de armas de origem il\u00edcita<\/strong>, criminaliza o uso de <strong>escudos humanos<\/strong> e estabelece novos crit\u00e9rios objetivos de periculosidade para fundamentar pris\u00f5es preventivas.<\/p>\n<p dir=\"ltr\" style=\"text-align: justify\">Elaborado pela Comiss\u00e3o de Seguran\u00e7a P\u00fablica (CSP), o projeto altera o <strong>C\u00f3digo Penal<\/strong>, o <strong>C\u00f3digo de Processo Penal<\/strong>, o <strong>Estatuto do Desarmamento<\/strong>, a <strong>Lei de Crimes Hediondos<\/strong> e a <strong>Lei de Drogas<\/strong>.<\/p>\n<p dir=\"ltr\" style=\"text-align: justify\">O presidente da comiss\u00e3o, senador Fl\u00e1vio Bolsonaro (PL-RJ), afirmou que o texto \u00e9 um marco na \u00e1rea da seguran\u00e7a p\u00fablica:\u00a0<\/p>\n<p dir=\"ltr\" style=\"text-align: justify\">\u201c\u00c9 o projeto de maior impacto na seguran\u00e7a p\u00fablica que esse Congresso poderia construir na \u00faltima d\u00e9cada, porque ele engloba uma s\u00e9rie de iniciativas, algumas j\u00e1 tramitando em projeto de lei nesta Casa, mas que agora est\u00e3o tramitando em conjunto com esse pacote anti-crime violento\u201d, disse o senador.\u00a0<\/p>\n<p dir=\"ltr\" style=\"text-align: justify\">Com informa\u00e7\u00f5es da TV Senado<\/p>\n<p>\t\t\t\t\t\t\t\t\t<img decoding=\"async\" src=\"https:\/\/brasil61.com\/api\/v1\/serve_pixel\/22254\/85246\" alt=\"Pixel Brasil 61\" class=\"b61_pixel\" width=\"0\" height=\"0\"><\/p>\n<div class=\"br61_backlink\">\n<p>\n\t\t\t\tFonte: <a href=\"https:\/\/brasil61.com\/o-que-preve-pacote-anticrimes-violentos-aprovado-no-senado-bras2514941\" title=\"Artigo Original: O que prev\u00ea pacote &#039;anticrimes violentos&#039; aprovado no Senado\" target=\"_blank\" rel=\"noopener\">Brasil 61<\/a>\n\t\t\t<\/p>\n<\/p><\/div>\n<input type=\"hidden\" id=\"baseurl\" value=\"https:\/\/noticiasregionais.com.br\"><input type=\"hidden\" id=\"audio_nonce\" value=\"533fbb67b1\">","protected":false},"excerpt":{"rendered":"<p>Proposta refor\u00e7a o combate ao crime organizado, aumenta puni\u00e7\u00f5es para roubos e homic\u00eddios e cria novos crimes como o de resist\u00eancia qualificada<\/p>\n","protected":false},"author":1,"featured_media":10486,"comment_status":"","ping_status":"open","sticky":false,"template":"","format":"standard","meta":{"sfsi_plus_gutenberg_text_before_share":"","sfsi_plus_gutenberg_show_text_before_share":"","sfsi_plus_gutenberg_icon_type":"","sfsi_plus_gutenberg_icon_alignemt":"","sfsi_plus_gutenburg_max_per_row":"","footnotes":""},"categories":[8],"tags":[],"class_list":["post-10485","post","type-post","status-publish","format-standard","has-post-thumbnail","hentry","category-brasil"],"_links":{"self":[{"href":"https:\/\/noticiasregionais.com.br\/index.php?rest_route=\/wp\/v2\/posts\/10485","targetHints":{"allow":["GET"]}}],"collection":[{"href":"https:\/\/noticiasregionais.com.br\/index.php?rest_route=\/wp\/v2\/posts"}],"about":[{"href":"https:\/\/noticiasregionais.com.br\/index.php?rest_route=\/wp\/v2\/types\/post"}],"author":[{"embeddable":true,"href":"https:\/\/noticiasregionais.com.br\/index.php?rest_route=\/wp\/v2\/users\/1"}],"replies":[{"embeddable":true,"href":"https:\/\/noticiasregionais.com.br\/index.php?rest_route=%2Fwp%2Fv2%2Fcomments&post=10485"}],"version-history":[{"count":0,"href":"https:\/\/noticiasregionais.com.br\/index.php?rest_route=\/wp\/v2\/posts\/10485\/revisions"}],"wp:featuredmedia":[{"embeddable":true,"href":"https:\/\/noticiasregionais.com.br\/index.php?rest_route=\/wp\/v2\/media\/10486"}],"wp:attachment":[{"href":"https:\/\/noticiasregionais.com.br\/index.php?rest_route=%2Fwp%2Fv2%2Fmedia&parent=10485"}],"wp:term":[{"taxonomy":"category","embeddable":true,"href":"https:\/\/noticiasregionais.com.br\/index.php?rest_route=%2Fwp%2Fv2%2Fcategories&post=10485"},{"taxonomy":"post_tag","embeddable":true,"href":"https:\/\/noticiasregionais.com.br\/index.php?rest_route=%2Fwp%2Fv2%2Ftags&post=10485"}],"curies":[{"name":"wp","href":"https:\/\/api.w.org\/{rel}","templated":true}]}}