{"id":10487,"date":"2025-10-16T04:25:00","date_gmt":"2025-10-16T07:25:00","guid":{"rendered":"https:\/\/noticiasregionais.com.br\/?p=10487"},"modified":"2025-10-16T04:25:00","modified_gmt":"2025-10-16T07:25:00","slug":"governo-lanca-fundo-de-r-20-bilhoes-para-modernizar-rede-publica-de-saude","status":"publish","type":"post","link":"https:\/\/noticiasregionais.com.br\/?p=10487","title":{"rendered":"Governo lan\u00e7a fundo de R$ 20 bilh\u00f5es para modernizar rede p\u00fablica de sa\u00fade"},"content":{"rendered":"<p>\t\t\t\t\t\t\t\t\t\t<audio controls class=\"b61_audio_player\" data-noticia=\"85247\" src=\"https:\/\/brasil61.com\/rails\/active_storage\/blobs\/eyJfcmFpbHMiOnsibWVzc2FnZSI6IkJBaHBBeVd0QXc9PSIsImV4cCI6bnVsbCwicHVyIjoiYmxvYl9pZCJ9fQ==--cdf565785aec90921bf6b386a4be02bf4f867902\/BRAS2514942A\"><\/audio><\/p>\n<p>Com o objetivo de <strong>ampliar e modernizar a rede p\u00fablica de sa\u00fade e educa\u00e7\u00e3o em todo o pa\u00eds<\/strong>, o Governo Federal anunciou o <strong>Fundo de Investimentos em Infraestrutura de Sa\u00fade (FIIS-Sa\u00fade)<\/strong>. A nova linha de financiamento <strong>vai disponibilizar<\/strong>, por meio do <a href=\"https:\/\/www.bndes.gov.br\/wps\/portal\/site\/home\" target=\"_blank\" rel=\"noopener\">Banco Nacional de Desenvolvimento Econ\u00f4mico e Social (BNDES)<\/a>, <strong>R$ 20 bilh\u00f5es em cr\u00e9dito subsidiado para obras, aquisi\u00e7\u00e3o de equipamentos e ve\u00edculos<\/strong>.\u00a0<\/p>\n<p>O edital estabelece <strong>prioridade <\/strong>para <strong>projetos habilitados no PAC Sele\u00e7\u00f5es 2023 e 2025<\/strong>, assim como para aqueles apresentados por <strong>entidades participantes do<a href=\"https:\/\/www.gov.br\/saude\/pt-br\/composicao\/saes\/agora-tem-especialistas\" target=\"_blank\" rel=\"noopener\"> Programa Agora Tem Especialistas<\/a><\/strong>.<\/p>\n<p>Segundo o ministro da Sa\u00fade, Alexandre Padilha, a iniciativa \u00e9 uma oportunidade in\u00e9dita de financiamento para expandir e melhorar os servi\u00e7os de sa\u00fade em todo o Brasil. \u201cAs entidades filantr\u00f3picas e privadas que prestam servi\u00e7os ao SUS nunca tiveram um financiamento como este\u201d, afirmou.\u00a0<\/p>\n<p>Padilha tamb\u00e9m ressaltou o impacto positivo na ind\u00fastria nacional: \u201cOutro diferencial \u00e9 o fortalecimento da ind\u00fastria de equipamentos m\u00e9dicos que produz no Brasil, contribuindo para a soberania tecnol\u00f3gica e produtiva do nosso pa\u00eds\u201d.<\/p>\n<h2>Quem pode participar?<\/h2>\n<p>De acordo com o regulamento, <strong>podem apresentar propostas ao FIIS-Sa\u00fade<\/strong>:<\/p>\n<ul>\n<li>\u00d3rg\u00e3os e entidades da administra\u00e7\u00e3o p\u00fablica direta e indireta de <strong>estados<\/strong>, <strong>munic\u00edpios <\/strong>e do <strong>Distrito Federal<\/strong>;\u00a0<\/li>\n<li><strong>Institui\u00e7\u00f5es filantr\u00f3picas de sa\u00fade<\/strong> certificadas, nos termos da Lei Complementar n\u00ba 187\/2021;<\/li>\n<li><strong>Sociedades de Prop\u00f3sito Espec\u00edfico<\/strong> com contratos vigentes de concess\u00e3o, permiss\u00e3o, autoriza\u00e7\u00e3o ou arrendamento de <strong>servi\u00e7os de sa\u00fade no SUS<\/strong>;\u00a0<\/li>\n<li><strong>Organiza\u00e7\u00f5es Sociais<\/strong> com contrato vigente de <strong>gest\u00e3o de unidade p\u00fablica de sa\u00fade<\/strong>;\u00a0<\/li>\n<li><strong>Entidades privadas<\/strong>, com ou sem fins lucrativos, com contrato vigente de <strong>presta\u00e7\u00e3o de servi\u00e7os de sa\u00fade no SUS<\/strong>;\u00a0<\/li>\n<li>Entidades participantes do <strong>Programa \u201cAgora Tem Especialistas\u201d<\/strong>.\u00a0<\/li>\n<\/ul>\n<p>Os entes p\u00fablicos com <strong>propostas previamente habilitadas no PAC Sele\u00e7\u00f5es 2023 e 2025 est\u00e3o dispensados de nova an\u00e1lise t\u00e9cnica das obras<\/strong>, visto que essas etapas j\u00e1 foram conclu\u00eddas. Com isso, <strong>os projetos seguem diretamente para a fase de financiamento<\/strong>\u00a0e novas propostas tamb\u00e9m poder\u00e3o ser apresentadas.<\/p>\n<h2>Condi\u00e7\u00f5es de financiamento<\/h2>\n<p>A <strong>libera\u00e7\u00e3o <\/strong>dos recursos est\u00e1 <strong>prevista para os anos de 2025 e 2026, com R$ 10 bilh\u00f5es destinados a cada per\u00edodo<\/strong>. As condi\u00e7\u00f5es de financiamento incluem<strong> juros abaixo das taxas praticadas pelo mercado, prazo de at\u00e9 20 anos para pagamento e car\u00eancia de 24 meses<\/strong>.<\/p>\n<p>O cr\u00e9dito poder\u00e1 ser acessado de <strong>duas formas<\/strong>:<\/p>\n<ul>\n<li>Cr\u00e9dito <strong>direto <\/strong>no BNDES: a partir de R$ 20 milh\u00f5es;<\/li>\n<li>Cr\u00e9dito <strong>indireto <\/strong>(via institui\u00e7\u00f5es financeiras credenciadas): at\u00e9 R$ 50 milh\u00f5es.<\/li>\n<\/ul>\n<h2>Onde os recursos podem ser aplicados?<\/h2>\n<p>Os recursos disponibilizados pelo fundo podem ser aplicados em:<\/p>\n<ul>\n<li>Obras de constru\u00e7\u00e3o, amplia\u00e7\u00e3o e moderniza\u00e7\u00e3o de unidades de sa\u00fade;<\/li>\n<li>Aquisi\u00e7\u00e3o de equipamentos nacionais credenciados no BNDES ou importados sem similar no pa\u00eds;<\/li>\n<li>Compra de ve\u00edculos de transporte sanit\u00e1rio, como ambul\u00e2ncias, vans, barcos e helic\u00f3pteros.<\/li>\n<\/ul>\n<h2>Como realizar a inscri\u00e7\u00e3o?<\/h2>\n<p>As <strong>inscri\u00e7\u00f5es <\/strong>para o FIIS-Sa\u00fade <strong>est\u00e3o abertas<\/strong> e podem ser realizadas <strong>at\u00e9 7 de novembro de 2025<\/strong> pelo portal <a href=\"https:\/\/www.gov.br\/transferegov\/pt-br\" target=\"_blank\" rel=\"noopener\">Transferegov.br<\/a>. As propostas devem ser apresentadas por Carta-consulta eletr\u00f4nica, dispon\u00edvel no sistema.<\/p>\n<p>\t\t\t\t\t\t\t\t\t<img decoding=\"async\" src=\"https:\/\/brasil61.com\/api\/v1\/serve_pixel\/22254\/85247\" alt=\"Pixel Brasil 61\" class=\"b61_pixel\" width=\"0\" height=\"0\"><\/p>\n<div class=\"br61_backlink\">\n<p>\n\t\t\t\tFonte: <a href=\"https:\/\/brasil61.com\/governo-lanca-fundo-de-r-20-bilhoes-para-modernizar-rede-publica-de-saude-bras2514942\" title=\"Artigo Original: Governo lan\u00e7a fundo de R$ 20 bilh\u00f5es para modernizar rede p\u00fablica de sa\u00fade\" target=\"_blank\" rel=\"noopener\">Brasil 61<\/a>\n\t\t\t<\/p>\n<\/p><\/div>\n<input type=\"hidden\" id=\"baseurl\" value=\"https:\/\/noticiasregionais.com.br\"><input type=\"hidden\" id=\"audio_nonce\" value=\"5c13e0637f\">","protected":false},"excerpt":{"rendered":"<p>FIIS-Sa\u00fade vai financiar obras, equipamentos e ve\u00edculos para ampliar o atendimento do SUS; projetos do PAC e do programa \u201cAgora Tem Especialistas\u201d ter\u00e3o prioridade na sele\u00e7\u00e3o<\/p>\n","protected":false},"author":1,"featured_media":10488,"comment_status":"","ping_status":"open","sticky":false,"template":"","format":"standard","meta":{"sfsi_plus_gutenberg_text_before_share":"","sfsi_plus_gutenberg_show_text_before_share":"","sfsi_plus_gutenberg_icon_type":"","sfsi_plus_gutenberg_icon_alignemt":"","sfsi_plus_gutenburg_max_per_row":"","footnotes":""},"categories":[8],"tags":[],"class_list":["post-10487","post","type-post","status-publish","format-standard","has-post-thumbnail","hentry","category-brasil"],"_links":{"self":[{"href":"https:\/\/noticiasregionais.com.br\/index.php?rest_route=\/wp\/v2\/posts\/10487","targetHints":{"allow":["GET"]}}],"collection":[{"href":"https:\/\/noticiasregionais.com.br\/index.php?rest_route=\/wp\/v2\/posts"}],"about":[{"href":"https:\/\/noticiasregionais.com.br\/index.php?rest_route=\/wp\/v2\/types\/post"}],"author":[{"embeddable":true,"href":"https:\/\/noticiasregionais.com.br\/index.php?rest_route=\/wp\/v2\/users\/1"}],"replies":[{"embeddable":true,"href":"https:\/\/noticiasregionais.com.br\/index.php?rest_route=%2Fwp%2Fv2%2Fcomments&post=10487"}],"version-history":[{"count":0,"href":"https:\/\/noticiasregionais.com.br\/index.php?rest_route=\/wp\/v2\/posts\/10487\/revisions"}],"wp:featuredmedia":[{"embeddable":true,"href":"https:\/\/noticiasregionais.com.br\/index.php?rest_route=\/wp\/v2\/media\/10488"}],"wp:attachment":[{"href":"https:\/\/noticiasregionais.com.br\/index.php?rest_route=%2Fwp%2Fv2%2Fmedia&parent=10487"}],"wp:term":[{"taxonomy":"category","embeddable":true,"href":"https:\/\/noticiasregionais.com.br\/index.php?rest_route=%2Fwp%2Fv2%2Fcategories&post=10487"},{"taxonomy":"post_tag","embeddable":true,"href":"https:\/\/noticiasregionais.com.br\/index.php?rest_route=%2Fwp%2Fv2%2Ftags&post=10487"}],"curies":[{"name":"wp","href":"https:\/\/api.w.org\/{rel}","templated":true}]}}