{"id":10489,"date":"2025-10-16T04:30:00","date_gmt":"2025-10-16T07:30:00","guid":{"rendered":"https:\/\/noticiasregionais.com.br\/?p=10489"},"modified":"2025-10-16T04:30:00","modified_gmt":"2025-10-16T07:30:00","slug":"novo-plano-nacional-de-educacao-preve-investimento-de-r-280-bilhoes-ate-2035","status":"publish","type":"post","link":"https:\/\/noticiasregionais.com.br\/?p=10489","title":{"rendered":"Novo Plano Nacional de Educa\u00e7\u00e3o prev\u00ea investimento de R$ 280 bilh\u00f5es at\u00e9 2035"},"content":{"rendered":"<p>\t\t\t\t\t\t\t\t\t\t<audio controls class=\"b61_audio_player\" data-noticia=\"85253\" src=\"https:\/\/brasil61.com\/rails\/active_storage\/blobs\/eyJfcmFpbHMiOnsibWVzc2FnZSI6IkJBaHBBeWV0QXc9PSIsImV4cCI6bnVsbCwicHVyIjoiYmxvYl9pZCJ9fQ==--eece5c196babaee402e4127809e609e629a8b150\/BRAS2514945A\"><\/audio><\/p>\n<p>A implementa\u00e7\u00e3o do novo Plano Nacional de Educa\u00e7\u00e3o (PNE), atualmente em an\u00e1lise na C\u00e2mara dos Deputados, deve exigir um investimento de R$ 280 bilh\u00f5es em recursos p\u00fablicos at\u00e9 2035. O valor est\u00e1 previsto no parecer apresentado ao Projeto de Lei 2614\/2024, que estabelece as metas educacionais para os pr\u00f3ximos dez anos.<\/p>\n<p>Desse total, R$ 130 bilh\u00f5es ser\u00e3o destinados \u00e0 corre\u00e7\u00e3o de defici\u00eancias estruturais em escolas de ensino fundamental e m\u00e9dio, como aus\u00eancia de banheiros, cozinhas, quadras e espa\u00e7os de lazer. Tamb\u00e9m est\u00e3o inclu\u00eddas a\u00e7\u00f5es de amplia\u00e7\u00e3o das redes p\u00fablicas, constru\u00e7\u00e3o de novas unidades escolares, melhorias em infraestrutura e ado\u00e7\u00e3o de tecnologia.<\/p>\n<p>O relat\u00f3rio prop\u00f5e que parte dos recursos venha da arrecada\u00e7\u00e3o excedente com a explora\u00e7\u00e3o de petr\u00f3leo, estimada em R$ 220 bilh\u00f5es entre 2026 e 2036. A proposta \u00e9 reservar esses valores exclusivamente para a educa\u00e7\u00e3o, sem impacto sobre o arcabou\u00e7o fiscal.<\/p>\n<p>O financiamento da educa\u00e7\u00e3o foi inclu\u00eddo como o 19\u00ba objetivo do novo PNE, complementando as metas j\u00e1 previstas nas \u00e1reas de educa\u00e7\u00e3o infantil, alfabetiza\u00e7\u00e3o, ensino fundamental, m\u00e9dio, t\u00e9cnico, superior, inclus\u00e3o, diversidade, conectividade, forma\u00e7\u00e3o de professores e gest\u00e3o democr\u00e1tica.<\/p>\n<p>Est\u00e1 prevista a cria\u00e7\u00e3o de um sistema de monitoramento permanente, com acompanhamento em tempo real do cumprimento das metas. O plano estabelece um cronograma detalhado, com divis\u00e3o de responsabilidades entre Uni\u00e3o, estados e munic\u00edpios, para garantir clareza na execu\u00e7\u00e3o de cada etapa.<\/p>\n<p>A comiss\u00e3o especial respons\u00e1vel pela an\u00e1lise do projeto seguir\u00e1 discutindo o parecer. Os parlamentares ter\u00e3o prazo para apresentar emendas antes da vota\u00e7\u00e3o final. A expectativa \u00e9 que a tramita\u00e7\u00e3o seja conclu\u00edda na C\u00e2mara ainda em 2025, com posterior envio ao Senado. O novo PNE substituir\u00e1 o plano vigente, cuja validade expira em dezembro deste ano.<\/p>\n<p>As informa\u00e7\u00f5es s\u00e3o da <a href=\"https:\/\/www.camara.leg.br\/noticias\/1211752-relator-preve-investimento-r-280-bilhoes-para-implantar-o-novo-plano-nacional-de-educacao\/\" target=\"_blank\" rel=\"noopener\">C\u00e2mara dos Deputados<\/a>.<\/p>\n<p>\t\t\t\t\t\t\t\t\t<img decoding=\"async\" src=\"https:\/\/brasil61.com\/api\/v1\/serve_pixel\/22254\/85253\" alt=\"Pixel Brasil 61\" class=\"b61_pixel\" width=\"0\" height=\"0\"><\/p>\n<div class=\"br61_backlink\">\n<p>\n\t\t\t\tFonte: <a href=\"https:\/\/brasil61.com\/novo-plano-nacional-de-educacao-preve-investimento-de-r-280-bilhoes-ate-2035-bras2514945\" title=\"Artigo Original: Novo Plano Nacional de Educa\u00e7\u00e3o prev\u00ea investimento de R$ 280 bilh\u00f5es at\u00e9 2035\" target=\"_blank\" rel=\"noopener\">Brasil 61<\/a>\n\t\t\t<\/p>\n<\/p><\/div>\n<input type=\"hidden\" id=\"baseurl\" value=\"https:\/\/noticiasregionais.com.br\"><input type=\"hidden\" id=\"audio_nonce\" value=\"5c13e0637f\">","protected":false},"excerpt":{"rendered":"<p>Proposta em an\u00e1lise na C\u00e2mara prev\u00ea recursos para ampliar escolas, modernizar infraestrutura e investir em tecnologia; parte do valor viria da explora\u00e7\u00e3o de petr\u00f3leo<\/p>\n","protected":false},"author":1,"featured_media":10490,"comment_status":"","ping_status":"open","sticky":false,"template":"","format":"standard","meta":{"sfsi_plus_gutenberg_text_before_share":"","sfsi_plus_gutenberg_show_text_before_share":"","sfsi_plus_gutenberg_icon_type":"","sfsi_plus_gutenberg_icon_alignemt":"","sfsi_plus_gutenburg_max_per_row":"","footnotes":""},"categories":[8],"tags":[],"class_list":["post-10489","post","type-post","status-publish","format-standard","has-post-thumbnail","hentry","category-brasil"],"_links":{"self":[{"href":"https:\/\/noticiasregionais.com.br\/index.php?rest_route=\/wp\/v2\/posts\/10489","targetHints":{"allow":["GET"]}}],"collection":[{"href":"https:\/\/noticiasregionais.com.br\/index.php?rest_route=\/wp\/v2\/posts"}],"about":[{"href":"https:\/\/noticiasregionais.com.br\/index.php?rest_route=\/wp\/v2\/types\/post"}],"author":[{"embeddable":true,"href":"https:\/\/noticiasregionais.com.br\/index.php?rest_route=\/wp\/v2\/users\/1"}],"replies":[{"embeddable":true,"href":"https:\/\/noticiasregionais.com.br\/index.php?rest_route=%2Fwp%2Fv2%2Fcomments&post=10489"}],"version-history":[{"count":0,"href":"https:\/\/noticiasregionais.com.br\/index.php?rest_route=\/wp\/v2\/posts\/10489\/revisions"}],"wp:featuredmedia":[{"embeddable":true,"href":"https:\/\/noticiasregionais.com.br\/index.php?rest_route=\/wp\/v2\/media\/10490"}],"wp:attachment":[{"href":"https:\/\/noticiasregionais.com.br\/index.php?rest_route=%2Fwp%2Fv2%2Fmedia&parent=10489"}],"wp:term":[{"taxonomy":"category","embeddable":true,"href":"https:\/\/noticiasregionais.com.br\/index.php?rest_route=%2Fwp%2Fv2%2Fcategories&post=10489"},{"taxonomy":"post_tag","embeddable":true,"href":"https:\/\/noticiasregionais.com.br\/index.php?rest_route=%2Fwp%2Fv2%2Ftags&post=10489"}],"curies":[{"name":"wp","href":"https:\/\/api.w.org\/{rel}","templated":true}]}}