{"id":1049,"date":"2023-11-06T19:42:04","date_gmt":"2023-11-06T22:42:04","guid":{"rendered":"https:\/\/noticiasregionais.com.br\/?p=1049"},"modified":"2023-11-06T19:42:16","modified_gmt":"2023-11-06T22:42:16","slug":"equipe-k9-do-13o-baep-realiza-prisao-de-traficante-em-santa-cruz-do-rio-pardo","status":"publish","type":"post","link":"https:\/\/noticiasregionais.com.br\/?p=1049","title":{"rendered":"Equipe K9 do 13\u00ba BAEP realiza pris\u00e3o de traficante em Santa Cruz do Rio Pardo"},"content":{"rendered":"\n<p>Na manh\u00e3 desta ter\u00e7a-feira, a equipe K9 do 13\u00ba Batalh\u00e3o de A\u00e7\u00f5es Especiais de Pol\u00edcia (BAEP) realizou uma opera\u00e7\u00e3o que resultou na pris\u00e3o de um jovem de 19 anos, identificado como P.V.S.C., por tr\u00e1fico de drogas. A a\u00e7\u00e3o ocorreu na Rua Gast\u00e3o Vidigal, no Bairro Esta\u00e7\u00e3o, na cidade de Santa Cruz do Rio Pardo, no interior de S\u00e3o Paulo.<\/p>\n\n\n\n<p>Por volta das 09h10, a equipe estava em patrulhamento de a\u00e7\u00f5es especiais com c\u00e3es quando avistou o suspeito em posse de entorpecentes. A abordagem foi realizada de forma r\u00e1pida e eficaz, culminando na apreens\u00e3o de sete por\u00e7\u00f5es de maconha, totalizando 0,080 gramas, e nove por\u00e7\u00f5es de coca\u00edna, somando 0,013 gramas.<\/p>\n\n\n\n<p>Imediatamente, foi dada voz de pris\u00e3o ao indiv\u00edduo, que foi conduzido \u00e0 Central de Pol\u00edcia Judici\u00e1ria de Santa Cruz do Rio Pardo, onde permanece \u00e0 disposi\u00e7\u00e3o da justi\u00e7a. O registro da ocorr\u00eancia ficou sob responsabilidade da Pol\u00edcia Civil.<\/p>\n\n\n\n<p>A a\u00e7\u00e3o da equipe K9 do 13\u00ba BAEP demonstra o compromisso das for\u00e7as de seguran\u00e7a em combater o tr\u00e1fico de drogas e manter a ordem e seguran\u00e7a p\u00fablica na regi\u00e3o. A colabora\u00e7\u00e3o dos c\u00e3es na opera\u00e7\u00e3o foi fundamental para o sucesso da abordagem e apreens\u00e3o das subst\u00e2ncias il\u00edcitas.<\/p>\n\n\n\n<p>A Pol\u00edcia Militar refor\u00e7a a import\u00e2ncia da participa\u00e7\u00e3o da comunidade no combate ao crime, encorajando os cidad\u00e3os a denunciarem atividades suspeitas por meio do telefone 190 ou de maneira an\u00f4nima, atrav\u00e9s do Disque Den\u00fancia 181.<\/p>\n\n\n\n<p>O jovem detido, P.V.S.C., enfrentar\u00e1 as devidas medidas legais e responder\u00e1 pelo crime de tr\u00e1fico de drogas, conforme previsto na legisla\u00e7\u00e3o brasileira. A a\u00e7\u00e3o da equipe K9 do 13\u00ba BAEP serve como exemplo de que a atua\u00e7\u00e3o eficaz das for\u00e7as policiais contribui para a seguran\u00e7a e bem-estar da comunidade.<\/p>\n<input type=\"hidden\" id=\"baseurl\" value=\"https:\/\/noticiasregionais.com.br\"><input type=\"hidden\" id=\"audio_nonce\" value=\"533fbb67b1\">","protected":false},"excerpt":{"rendered":"<p>Na manh\u00e3 desta ter\u00e7a-feira, a equipe K9 do 13\u00ba Batalh\u00e3o de A\u00e7\u00f5es Especiais de Pol\u00edcia (BAEP) realizou uma opera\u00e7\u00e3o que&hellip;<\/p>\n","protected":false},"author":1,"featured_media":1050,"comment_status":"closed","ping_status":"open","sticky":false,"template":"","format":"standard","meta":{"sfsi_plus_gutenberg_text_before_share":"","sfsi_plus_gutenberg_show_text_before_share":"","sfsi_plus_gutenberg_icon_type":"","sfsi_plus_gutenberg_icon_alignemt":"","sfsi_plus_gutenburg_max_per_row":"","footnotes":""},"categories":[6,12,1],"tags":[],"class_list":["post-1049","post","type-post","status-publish","format-standard","has-post-thumbnail","hentry","category-sao_paulo","category-capa","category-noticias"],"_links":{"self":[{"href":"https:\/\/noticiasregionais.com.br\/index.php?rest_route=\/wp\/v2\/posts\/1049","targetHints":{"allow":["GET"]}}],"collection":[{"href":"https:\/\/noticiasregionais.com.br\/index.php?rest_route=\/wp\/v2\/posts"}],"about":[{"href":"https:\/\/noticiasregionais.com.br\/index.php?rest_route=\/wp\/v2\/types\/post"}],"author":[{"embeddable":true,"href":"https:\/\/noticiasregionais.com.br\/index.php?rest_route=\/wp\/v2\/users\/1"}],"replies":[{"embeddable":true,"href":"https:\/\/noticiasregionais.com.br\/index.php?rest_route=%2Fwp%2Fv2%2Fcomments&post=1049"}],"version-history":[{"count":1,"href":"https:\/\/noticiasregionais.com.br\/index.php?rest_route=\/wp\/v2\/posts\/1049\/revisions"}],"predecessor-version":[{"id":1051,"href":"https:\/\/noticiasregionais.com.br\/index.php?rest_route=\/wp\/v2\/posts\/1049\/revisions\/1051"}],"wp:featuredmedia":[{"embeddable":true,"href":"https:\/\/noticiasregionais.com.br\/index.php?rest_route=\/wp\/v2\/media\/1050"}],"wp:attachment":[{"href":"https:\/\/noticiasregionais.com.br\/index.php?rest_route=%2Fwp%2Fv2%2Fmedia&parent=1049"}],"wp:term":[{"taxonomy":"category","embeddable":true,"href":"https:\/\/noticiasregionais.com.br\/index.php?rest_route=%2Fwp%2Fv2%2Fcategories&post=1049"},{"taxonomy":"post_tag","embeddable":true,"href":"https:\/\/noticiasregionais.com.br\/index.php?rest_route=%2Fwp%2Fv2%2Ftags&post=1049"}],"curies":[{"name":"wp","href":"https:\/\/api.w.org\/{rel}","templated":true}]}}