{"id":10499,"date":"2025-10-16T14:00:00","date_gmt":"2025-10-16T17:00:00","guid":{"rendered":"https:\/\/noticiasregionais.com.br\/?p=10499"},"modified":"2025-10-16T14:00:00","modified_gmt":"2025-10-16T17:00:00","slug":"prodot-nova-politica-nacional-fortalece-doacao-de-orgaos-no-brasil","status":"publish","type":"post","link":"https:\/\/noticiasregionais.com.br\/?p=10499","title":{"rendered":"PRODOT: Nova pol\u00edtica nacional fortalece doa\u00e7\u00e3o de \u00f3rg\u00e3os no Brasil"},"content":{"rendered":"<p>\t\t\t\t\t\t\t\t\t\t<audio controls class=\"b61_audio_player\" data-noticia=\"85117\" src=\"https:\/\/brasil61.com\/rails\/active_storage\/blobs\/eyJfcmFpbHMiOnsibWVzc2FnZSI6IkJBaHBBOXVwQXc9PSIsImV4cCI6bnVsbCwicHVyIjoiYmxvYl9pZCJ9fQ==--321c06a518fb63d755c258e08cf47e0f31c7b3d5\/PDMS252961A\"><\/audio><\/p>\n<p>O <a href=\"https:\/\/www.gov.br\/saude\/pt-br\" target=\"_blank\" rel=\"noopener\">Minist\u00e9rio da Sa\u00fade<\/a> lan\u00e7ou uma <strong>pol\u00edtica in\u00e9dita para fortalecer a doa\u00e7\u00e3o de \u00f3rg\u00e3os e tecidos no Brasil<\/strong>: o <a href=\"https:\/\/www.gov.br\/saude\/pt-br\/assuntos\/noticias\/2025\/setembro\/ministerio-da-saude-cria-acao-inedita-para-incentivar-a-doacao-de-orgaos-e-reverter-recusa-de-45-das-familias\" target=\"_blank\" rel=\"noopener\">Programa Nacional de Qualidade na Doa\u00e7\u00e3o de \u00d3rg\u00e3os e Tecidos para Transplantes (PRODOT)<\/a>. Pela primeira vez, <strong>profissionais que atuam na identifica\u00e7\u00e3o de doadores e na abordagem familiar receber\u00e3o incentivos financeiros mensais<\/strong>, conforme o volume de atendimentos e indicadores de desempenho, como o aumento da taxa de autoriza\u00e7\u00e3o familiar.<\/p>\n<p>A iniciativa, monitorada pelo <a href=\"https:\/\/www.gov.br\/saude\/pt-br\/composicao\/saes\/snt\" target=\"_blank\" rel=\"noopener\">Sistema Nacional de Transplantes (SNT)<\/a>, tem como principal objetivo qualificar o di\u00e1logo com as fam\u00edlias e aprimorar o acompanhamento das doa\u00e7\u00f5es nos hospitais, com foco na humaniza\u00e7\u00e3o e na efici\u00eancia do processo.<\/p>\n<p><strong>Para receber a qualifica\u00e7\u00e3o, equipes hospitalares de doa\u00e7\u00e3o (e-DOT) dever\u00e3o cumprir pr\u00e1ticas obrigat\u00f3rias<\/strong>, como a busca ativa de potenciais doadores, participa\u00e7\u00e3o em programas de educa\u00e7\u00e3o institucional, treinamentos e rotinas de notifica\u00e7\u00e3o de \u00f3bitos.<\/p>\n<p>Durante o an\u00fancio do novo PRODOT, o ministro da Sa\u00fade, Alexandre Padilha, destacou a import\u00e2ncia de<strong> fortalecer as equipes que atuam diretamente na sensibiliza\u00e7\u00e3o das fam\u00edlias<\/strong> e na organiza\u00e7\u00e3o das doa\u00e7\u00f5es.<\/p>\n<p>\u201cTer esse programa que refor\u00e7a a qualidade, o acompanhamento e a avalia\u00e7\u00e3o de desempenho vai ajudar para que cada vez mais a coordena\u00e7\u00e3o de transplantes tenha um contato quase direto e o retorno dessas v\u00e1rias equipes espalhadas em servi\u00e7os por todo o pa\u00eds&#8221;, afirmou.<\/p>\n<h2>Investimentos<\/h2>\n<p>O PRODOT integra um conjunto de medidas que somam R$ 20 milh\u00f5es por ano para modernizar o SNT. Desse total, <strong>R$ 7,4 milh\u00f5es s\u00e3o destinados exclusivamente ao programa<\/strong>, que busca elevar o percentual de doa\u00e7\u00f5es autorizadas pelas fam\u00edlias brasileiras, atualmente em torno de 45%.\u00a0<\/p>\n<p>\u201cVoc\u00ea diz sim, o Brasil inteiro agradece\u201d. Converse com sua fam\u00edlia e seja um doador. Para mais informa\u00e7\u00f5es, acesse o site <a href=\"https:\/\/www.gov.br\/saude\/pt-br\" target=\"_blank\" rel=\"noopener\">gov.br\/saude<\/a>.<\/p>\n<p>\t\t\t\t\t\t\t\t\t<img decoding=\"async\" src=\"https:\/\/brasil61.com\/api\/v1\/serve_pixel\/22254\/85117\" alt=\"Pixel Brasil 61\" class=\"b61_pixel\" width=\"0\" height=\"0\"><\/p>\n<div class=\"br61_backlink\">\n<p>\n\t\t\t\tFonte: <a href=\"https:\/\/brasil61.com\/prodot-nova-politica-nacional-fortalece-doacao-de-orgaos-no-brasil-pdms252961\" title=\"Artigo Original: PRODOT: Nova pol\u00edtica nacional fortalece doa\u00e7\u00e3o de \u00f3rg\u00e3os no Brasil\" target=\"_blank\" rel=\"noopener\">Brasil 61<\/a>\n\t\t\t<\/p>\n<\/p><\/div>\n<input type=\"hidden\" id=\"baseurl\" value=\"https:\/\/noticiasregionais.com.br\"><input type=\"hidden\" id=\"audio_nonce\" value=\"5c13e0637f\">","protected":false},"excerpt":{"rendered":"<p>Minist\u00e9rio da Sa\u00fade lan\u00e7a programa com incentivo financeiro e qualifica\u00e7\u00e3o de equipes hospitalares para ampliar o n\u00famero de doa\u00e7\u00f5es e humanizar o atendimento \u00e0s fam\u00edlias<\/p>\n","protected":false},"author":1,"featured_media":10500,"comment_status":"","ping_status":"open","sticky":false,"template":"","format":"standard","meta":{"sfsi_plus_gutenberg_text_before_share":"","sfsi_plus_gutenberg_show_text_before_share":"","sfsi_plus_gutenberg_icon_type":"","sfsi_plus_gutenberg_icon_alignemt":"","sfsi_plus_gutenburg_max_per_row":"","footnotes":""},"categories":[8],"tags":[],"class_list":["post-10499","post","type-post","status-publish","format-standard","has-post-thumbnail","hentry","category-brasil"],"_links":{"self":[{"href":"https:\/\/noticiasregionais.com.br\/index.php?rest_route=\/wp\/v2\/posts\/10499","targetHints":{"allow":["GET"]}}],"collection":[{"href":"https:\/\/noticiasregionais.com.br\/index.php?rest_route=\/wp\/v2\/posts"}],"about":[{"href":"https:\/\/noticiasregionais.com.br\/index.php?rest_route=\/wp\/v2\/types\/post"}],"author":[{"embeddable":true,"href":"https:\/\/noticiasregionais.com.br\/index.php?rest_route=\/wp\/v2\/users\/1"}],"replies":[{"embeddable":true,"href":"https:\/\/noticiasregionais.com.br\/index.php?rest_route=%2Fwp%2Fv2%2Fcomments&post=10499"}],"version-history":[{"count":0,"href":"https:\/\/noticiasregionais.com.br\/index.php?rest_route=\/wp\/v2\/posts\/10499\/revisions"}],"wp:featuredmedia":[{"embeddable":true,"href":"https:\/\/noticiasregionais.com.br\/index.php?rest_route=\/wp\/v2\/media\/10500"}],"wp:attachment":[{"href":"https:\/\/noticiasregionais.com.br\/index.php?rest_route=%2Fwp%2Fv2%2Fmedia&parent=10499"}],"wp:term":[{"taxonomy":"category","embeddable":true,"href":"https:\/\/noticiasregionais.com.br\/index.php?rest_route=%2Fwp%2Fv2%2Fcategories&post=10499"},{"taxonomy":"post_tag","embeddable":true,"href":"https:\/\/noticiasregionais.com.br\/index.php?rest_route=%2Fwp%2Fv2%2Ftags&post=10499"}],"curies":[{"name":"wp","href":"https:\/\/api.w.org\/{rel}","templated":true}]}}