{"id":10517,"date":"2025-10-17T04:40:00","date_gmt":"2025-10-17T07:40:00","guid":{"rendered":"https:\/\/noticiasregionais.com.br\/?p=10517"},"modified":"2025-10-17T04:40:00","modified_gmt":"2025-10-17T07:40:00","slug":"governo-federal-reforca-combate-a-praga-que-ameaca-producao-de-mandioca-no-amapa","status":"publish","type":"post","link":"https:\/\/noticiasregionais.com.br\/?p=10517","title":{"rendered":"Governo federal refor\u00e7a combate \u00e0 praga que amea\u00e7a produ\u00e7\u00e3o de mandioca no Amap\u00e1"},"content":{"rendered":"<p>\t\t\t\t\t\t\t\t\t\t<audio controls class=\"b61_audio_player\" data-noticia=\"85289\" src=\"https:\/\/brasil61.com\/rails\/active_storage\/blobs\/eyJfcmFpbHMiOnsibWVzc2FnZSI6IkJBaHBBM0d1QXc9PSIsImV4cCI6bnVsbCwicHVyIjoiYmxvYl9pZCJ9fQ==--a49ec284b7e9444b17118e71e2fa5c83c0f191fb\/MAPA250005A\"><\/audio><\/p>\n<p><strong>Dez munic\u00edpios do <a href=\"https:\/\/www.amapa.gov.br\/\" target=\"_blank\" rel=\"noopener\">Amap\u00e1<\/a>\u00a0enfrentam uma infesta\u00e7\u00e3o da \u201cvassoura-de-bruxa\u201d<\/strong>, que afeta lavouras de mandioca e compromete a produ\u00e7\u00e3o agr\u00edcola. Desse total, <strong>oito est\u00e3o em estado de emerg\u00eancia<\/strong> devido ao avan\u00e7o da praga (ver lista abaixo).\u00a0<\/p>\n<p>A <strong>doen\u00e7a<\/strong>, causada pelo fungo <em>Ceratobasidium theobromae (Rhizoctonia theobromae)<\/em>, <strong>representa uma amea\u00e7a \u00e0 seguran\u00e7a alimentar <\/strong>de comunidades ind\u00edgenas e n\u00e3o ind\u00edgenas.\u00a0<\/p>\n<p><strong>Munic\u00edpios em situa\u00e7\u00e3o de emerg\u00eancia decretada:<\/strong><\/p>\n<ul>\n<li>Amap\u00e1;<\/li>\n<li>Cal\u00e7oene;<\/li>\n<li>Cutias;<\/li>\n<li>Oiapoque;<\/li>\n<li>Pedra Branca do Amapari;<\/li>\n<li>Porto Grande;<\/li>\n<li>Pracu\u00faba;<\/li>\n<li>Tartarugalzinho.<\/li>\n<\/ul>\n<p>Com o objetivo de <strong>garantir o abastecimento local<\/strong> <strong>e proteger a renda das fam\u00edlias afetadas<\/strong>, o ministro da Agricultura e Pecu\u00e1ria, Carlos F\u00e1varo, recebeu na quarta-feira (15) o ministro da Integra\u00e7\u00e3o e do Desenvolvimento Regional, Waldez G\u00f3es. A reuni\u00e3o tratou das a\u00e7\u00f5es conjuntas do Governo Federal no combate \u00e0 praga.<\/p>\n<p>Segundo F\u00e1varo, <strong>o enfrentamento da vassoura-de-bruxa \u00e9 prioridade<\/strong> na agenda do <a href=\"https:\/\/www.gov.br\/agricultura\/pt-br\" target=\"_blank\" rel=\"noopener\">Minist\u00e9rio da Agricultura e Pecu\u00e1ria (Mapa)<\/a>. Para <strong>conter a dissemina\u00e7\u00e3o da doen\u00e7a<\/strong> <strong>e oferecer suporte aos produtores<\/strong>, a Pasta implementou conv\u00eanios e <strong>destinou R$ 2,2 milh\u00f5es ao custeio da defesa agropecu\u00e1ria<\/strong> no estado.<\/p>\n<p>\u201cO Brasil \u00e9 uma refer\u00eancia mundial em defesa agropecu\u00e1ria. Caso sejam necess\u00e1rios mais recursos, estaremos prontos para disponibiliz\u00e1-los, sem precarizar o trabalho\u201d, assegurou o ministro.<\/p>\n<p>Por sua vez, o ministro Waldez G\u00f3es destacou que o trabalho articulado entre o Governo, o estado e os munic\u00edpios tem sido fundamental para mitigar os impactos sociais e econ\u00f4micos provocados pela praga.<\/p>\n<p>\u201cEstamos h\u00e1 alguns meses enfrentando a vassoura-de-bruxa da mandioca no Amap\u00e1. A doen\u00e7a j\u00e1 est\u00e1 presente em dez munic\u00edpios, dos quais oito com situa\u00e7\u00e3o sanit\u00e1ria reconhecida oficialmente pelo governo federal. O ministro F\u00e1varo tem liderado esse processo, garantindo recursos para o combate, o controle e o investimento em pesquisa e ci\u00eancia, para que possamos retomar a produ\u00e7\u00e3o de mandioca no estado\u201d, afirmou G\u00f3es.<\/p>\n<h2>Medidas adotadas<\/h2>\n<p><strong>O Mapa autorizou<\/strong> a comercializa\u00e7\u00e3o segura da mandioca braba e da macaxeira e, no mesmo pacote de a\u00e7\u00f5es, iniciou a distribui\u00e7\u00e3o de mudas sadias para plantio.<\/p>\n<p>A <strong>macaxeira<\/strong>, tamb\u00e9m chamada de mandioca de mesa, passou a ter <strong>permiss\u00e3o para ser processada, cortada e embalada diretamente nas regi\u00f5es produtoras<\/strong>. Com isso, o produto chega ao consumidor final por meio de feiras, supermercados ou venda direta, sem necessidade de deslocamento para centros industriais.<\/p>\n<p>J\u00e1 a <strong>mandioca braba<\/strong>, utilizada na produ\u00e7\u00e3o de farinha, <strong>teve flexibiliza\u00e7\u00e3o nas regras de comercializa\u00e7\u00e3o<\/strong>. O processamento agora pode ocorrer dentro das comunidades rurais, em casas de farinha m\u00f3veis, com autoriza\u00e7\u00e3o para transporte e venda segura da farinha produzida. \u201cEssas medidas atendem \u00e0 demanda dos produtores, que podem manter sua renda, e dos consumidores, que continuam tendo acesso a um alimento essencial para os amapaenses\u201d, explicou F\u00e1varo.<\/p>\n<h2>Investimentos em pesquisa<\/h2>\n<p>Al\u00e9m das estrat\u00e9gias imediatas, o <strong>Mapa investe em pesquisa e inova\u00e7\u00e3o<\/strong> por meio da <a href=\"https:\/\/www.embrapa.br\/\" target=\"_blank\" rel=\"noopener\">Embrapa<\/a>, com <strong>foco no desenvolvimento de variedades de mandioca tolerantes ou resistentes \u00e0 praga<\/strong>.\u00a0<\/p>\n<p>De acordo com F\u00e1varo, o Governo refor\u00e7ou o or\u00e7amento da empresa e solicitou \u00e0 presidente da institui\u00e7\u00e3o, Silvia Massruh\u00e1, que priorize esse tema. \u201c\u00c9 uma doen\u00e7a nova no mundo, mas temos confian\u00e7a de que a Embrapa vai conseguir avan\u00e7ar\u201d, destacou.<\/p>\n<p>At\u00e9 que a variedade resistente esteja dispon\u00edvel, <strong>a distribui\u00e7\u00e3o de mudas sadias tem sido adotada como estrat\u00e9gia para manter o ciclo produtivo e garantir alimento \u00e0 popula\u00e7\u00e3o do Amap\u00e1<\/strong>.<\/p>\n<p><strong>VEJA MAIS:<\/strong><\/p>\n<ul>\n<li><a href=\"https:\/\/brasil61.com\/n\/mapa-e-petrobras-debatem-integracao-entre-agro-e-energia-para-impulsionar-o-desenvolvimento-do-brasil-mapa250003\" target=\"_blank\" rel=\"noopener\">Mapa e Petrobras debatem integra\u00e7\u00e3o entre agro e energia para impulsionar o desenvolvimento do Brasil<\/a><\/li>\n<li><a href=\"https:\/\/brasil61.com\/n\/mapa-e-apexbrasil-alinham-acoes-para-habilitacoes-de-frigorificos-e-fortalecimento-de-exportacoes-na-regiao-amazonica-mapa250002\" target=\"_blank\" rel=\"noopener\">Mapa e ApexBrasil alinham a\u00e7\u00f5es para habilita\u00e7\u00f5es de frigor\u00edficos e fortalecimento de exporta\u00e7\u00f5es na regi\u00e3o amaz\u00f4nica<\/a><\/li>\n<\/ul>\n<p>\t\t\t\t\t\t\t\t\t<img decoding=\"async\" src=\"https:\/\/brasil61.com\/api\/v1\/serve_pixel\/22254\/85289\" alt=\"Pixel Brasil 61\" class=\"b61_pixel\" width=\"0\" height=\"0\"><\/p>\n<div class=\"br61_backlink\">\n<p>\n\t\t\t\tFonte: <a href=\"https:\/\/brasil61.com\/governo-federal-reforca-combate-a-praga-que-ameaca-producao-de-mandioca-no-amapa-mapa250005\" title=\"Artigo Original: Governo federal refor\u00e7a combate \u00e0 praga que amea\u00e7a produ\u00e7\u00e3o de mandioca no Amap\u00e1\" target=\"_blank\" rel=\"noopener\">Brasil 61<\/a>\n\t\t\t<\/p>\n<\/p><\/div>\n<input type=\"hidden\" id=\"baseurl\" value=\"https:\/\/noticiasregionais.com.br\"><input type=\"hidden\" id=\"audio_nonce\" value=\"533fbb67b1\">","protected":false},"excerpt":{"rendered":"<p>Metade dos munic\u00edpios do estado est\u00e1 em situa\u00e7\u00e3o de emerg\u00eancia devido \u00e0 doen\u00e7a vassoura-de-bruxa, que representa uma amea\u00e7a \u00e0 seguran\u00e7a alimentar<\/p>\n","protected":false},"author":1,"featured_media":10518,"comment_status":"","ping_status":"open","sticky":false,"template":"","format":"standard","meta":{"sfsi_plus_gutenberg_text_before_share":"","sfsi_plus_gutenberg_show_text_before_share":"","sfsi_plus_gutenberg_icon_type":"","sfsi_plus_gutenberg_icon_alignemt":"","sfsi_plus_gutenburg_max_per_row":"","footnotes":""},"categories":[8],"tags":[],"class_list":["post-10517","post","type-post","status-publish","format-standard","has-post-thumbnail","hentry","category-brasil"],"_links":{"self":[{"href":"https:\/\/noticiasregionais.com.br\/index.php?rest_route=\/wp\/v2\/posts\/10517","targetHints":{"allow":["GET"]}}],"collection":[{"href":"https:\/\/noticiasregionais.com.br\/index.php?rest_route=\/wp\/v2\/posts"}],"about":[{"href":"https:\/\/noticiasregionais.com.br\/index.php?rest_route=\/wp\/v2\/types\/post"}],"author":[{"embeddable":true,"href":"https:\/\/noticiasregionais.com.br\/index.php?rest_route=\/wp\/v2\/users\/1"}],"replies":[{"embeddable":true,"href":"https:\/\/noticiasregionais.com.br\/index.php?rest_route=%2Fwp%2Fv2%2Fcomments&post=10517"}],"version-history":[{"count":0,"href":"https:\/\/noticiasregionais.com.br\/index.php?rest_route=\/wp\/v2\/posts\/10517\/revisions"}],"wp:featuredmedia":[{"embeddable":true,"href":"https:\/\/noticiasregionais.com.br\/index.php?rest_route=\/wp\/v2\/media\/10518"}],"wp:attachment":[{"href":"https:\/\/noticiasregionais.com.br\/index.php?rest_route=%2Fwp%2Fv2%2Fmedia&parent=10517"}],"wp:term":[{"taxonomy":"category","embeddable":true,"href":"https:\/\/noticiasregionais.com.br\/index.php?rest_route=%2Fwp%2Fv2%2Fcategories&post=10517"},{"taxonomy":"post_tag","embeddable":true,"href":"https:\/\/noticiasregionais.com.br\/index.php?rest_route=%2Fwp%2Fv2%2Ftags&post=10517"}],"curies":[{"name":"wp","href":"https:\/\/api.w.org\/{rel}","templated":true}]}}