{"id":1052,"date":"2023-11-06T19:49:32","date_gmt":"2023-11-06T22:49:32","guid":{"rendered":"https:\/\/noticiasregionais.com.br\/?p=1052"},"modified":"2023-11-06T19:56:07","modified_gmt":"2023-11-06T22:56:07","slug":"secretaria-de-desenvolvimento-economico-trabalho-e-turismo-teve-programacao-especial-para-comemorar-o-dia-das-criancas","status":"publish","type":"post","link":"https:\/\/noticiasregionais.com.br\/?p=1052","title":{"rendered":"Filhos de servidores, netos e publico em geral comemoraram o dia das crian\u00e7as"},"content":{"rendered":"\n<p class=\"has-text-align-center\"><strong>Secretaria de Desenvolvimento Econ\u00f4mico, Trabalho e Turismo teve programa\u00e7\u00e3o especial para todos os usu\u00e1rios, em especial para as crian\u00e7as<\/strong><\/p>\n\n\n\n<p>A Prefeitura de Ourinhos, por meio da Secretaria Municipal de Desenvolvimento Econ\u00f4mico, Trabalho e Turismo, realizou na manh\u00e3 da v\u00e9spera do feriado (11\/10), programa\u00e7\u00e3o especial e gratuita em comemora\u00e7\u00e3o ao Dia das Crian\u00e7as.<\/p>\n\n\n\n<p>A a\u00e7\u00e3o aconteceu na sede da Secretaria, com os servidores fantasiados para recepcionar a popula\u00e7\u00e3o, principalmente \u00e0s crian\u00e7as que estavam acompanhando os pais, usu\u00e1rios dos servi\u00e7os da Pasta, assim como para os filhos e netos de servidores municipais.<\/p>\n\n\n\n<p>Houve muita divers\u00e3o, brincadeiras, pula-pula e participa\u00e7\u00f5es do Corpo de Bombeiros, policiais da GCM, policiais da For\u00e7a T\u00e1tica do 31\u00ba BPMI\/i e policiais do 13\u00ba BAEP. As crian\u00e7as interagiram com os membros das corpora\u00e7\u00f5es, conheceram as viaturas e aprenderam sobre as funcionalidades dos equipamentos utilizados pelos bombeiros, pela GCM, pela For\u00e7a T\u00e1tica e ainda assistiram a uma apresenta\u00e7\u00e3o especial do c\u00e3o policial Drako, do 13\u00ba BAEP.<\/p>\n\n\n\n<p>Outro ponto alto da festa foram as pinturas art\u00edsticas realizadas pela servidora da Educa\u00e7\u00e3o Izacarla e a visita do super her\u00f3i \u2018Superman\u2019, personagem interpretado pelo GCM, Lucas, ambos parceiros da iniciativa.<\/p>\n\n\n\n<p>O secret\u00e1rio Tiago Moreira destacou a import\u00e2ncia de celebrar essa data, fortalecer os la\u00e7os familiares e valorizar o servidor p\u00fablico. \u201cPreparamos um dia especial para as crian\u00e7as, criamos esse ambiente com muito carinho, recheado de brincadeiras e descontra\u00e7\u00e3o. O nosso prop\u00f3sito \u00e9 proporcionar o bem comum e valorizar as fam\u00edlias e as crian\u00e7as, alinhado \u00e0s pol\u00edticas p\u00fablicas que temos em nossa Secretaria\u201d.<\/p>\n\n\n\n<p>O servidor p\u00fablico Diego Duarte elogiou a iniciativa. \u201cMeus filhos adoraram conhecer mais de perto meu trabalho e tamb\u00e9m ficaram encantados ao participar dessa interatividade com brincadeiras e atividades especiais com a pol\u00edcia e os bombeiros\u201d.<\/p>\n\n\n\n<p>A servidora p\u00fablica Joelisa Cunha tamb\u00e9m parabenizou o dia especial. \u201cFoi simplesmente maravilhoso poder comemorar o Dia das Crian\u00e7as no meu ambiente de trabalho, com minha filha e com aqueles que s\u00e3o a raz\u00e3o da gente estar ali. Agrade\u00e7o ao secret\u00e1rio Tiago e a toda equipe SEDETT\u201d.<\/p>\n\n\n\n<p>Ao longo das atividades, as crian\u00e7as puderam se deliciar com doces, balas, pirulitos e pipocas, distribu\u00eddas gratuitamente.<\/p>\n\n\n\n<figure class=\"wp-block-gallery has-nested-images columns-default is-cropped wp-block-gallery-1 is-layout-flex wp-block-gallery-is-layout-flex\">\n<figure class=\"wp-block-image size-large\"><a href=\"https:\/\/noticiasregionais.com.br\/wp-content\/uploads\/2023\/11\/WhatsApp-Image-2023-11-06-at-11.43.04-1.jpeg\"><img decoding=\"async\" width=\"1024\" height=\"709\" data-id=\"1053\" src=\"https:\/\/noticiasregionais.com.br\/wp-content\/uploads\/2023\/11\/WhatsApp-Image-2023-11-06-at-11.43.04-1-1024x709.jpeg\" alt=\"\" class=\"wp-image-1053\" srcset=\"https:\/\/noticiasregionais.com.br\/wp-content\/uploads\/2023\/11\/WhatsApp-Image-2023-11-06-at-11.43.04-1-1024x709.jpeg 1024w, https:\/\/noticiasregionais.com.br\/wp-content\/uploads\/2023\/11\/WhatsApp-Image-2023-11-06-at-11.43.04-1-300x208.jpeg 300w, https:\/\/noticiasregionais.com.br\/wp-content\/uploads\/2023\/11\/WhatsApp-Image-2023-11-06-at-11.43.04-1-768x532.jpeg 768w, https:\/\/noticiasregionais.com.br\/wp-content\/uploads\/2023\/11\/WhatsApp-Image-2023-11-06-at-11.43.04-1-1536x1064.jpeg 1536w, https:\/\/noticiasregionais.com.br\/wp-content\/uploads\/2023\/11\/WhatsApp-Image-2023-11-06-at-11.43.04-1.jpeg 1600w\" sizes=\"(max-width: 1024px) 100vw, 1024px\" \/><\/a><\/figure>\n\n\n\n<figure class=\"wp-block-image size-large\"><a href=\"https:\/\/noticiasregionais.com.br\/wp-content\/uploads\/2023\/11\/WhatsApp-Image-2023-11-06-at-11.43.03-2.jpeg\"><img decoding=\"async\" width=\"1024\" height=\"682\" data-id=\"1055\" src=\"https:\/\/noticiasregionais.com.br\/wp-content\/uploads\/2023\/11\/WhatsApp-Image-2023-11-06-at-11.43.03-2-1024x682.jpeg\" alt=\"\" class=\"wp-image-1055\" srcset=\"https:\/\/noticiasregionais.com.br\/wp-content\/uploads\/2023\/11\/WhatsApp-Image-2023-11-06-at-11.43.03-2-1024x682.jpeg 1024w, https:\/\/noticiasregionais.com.br\/wp-content\/uploads\/2023\/11\/WhatsApp-Image-2023-11-06-at-11.43.03-2-300x200.jpeg 300w, https:\/\/noticiasregionais.com.br\/wp-content\/uploads\/2023\/11\/WhatsApp-Image-2023-11-06-at-11.43.03-2-768x512.jpeg 768w, https:\/\/noticiasregionais.com.br\/wp-content\/uploads\/2023\/11\/WhatsApp-Image-2023-11-06-at-11.43.03-2-1536x1023.jpeg 1536w, https:\/\/noticiasregionais.com.br\/wp-content\/uploads\/2023\/11\/WhatsApp-Image-2023-11-06-at-11.43.03-2.jpeg 1600w\" sizes=\"(max-width: 1024px) 100vw, 1024px\" \/><\/a><\/figure>\n\n\n\n<figure class=\"wp-block-image size-large\"><a href=\"https:\/\/noticiasregionais.com.br\/wp-content\/uploads\/2023\/11\/WhatsApp-Image-2023-11-06-at-11.43.03-1.jpeg\"><img decoding=\"async\" width=\"682\" height=\"1024\" data-id=\"1054\" src=\"https:\/\/noticiasregionais.com.br\/wp-content\/uploads\/2023\/11\/WhatsApp-Image-2023-11-06-at-11.43.03-1-682x1024.jpeg\" alt=\"\" class=\"wp-image-1054\" srcset=\"https:\/\/noticiasregionais.com.br\/wp-content\/uploads\/2023\/11\/WhatsApp-Image-2023-11-06-at-11.43.03-1-682x1024.jpeg 682w, https:\/\/noticiasregionais.com.br\/wp-content\/uploads\/2023\/11\/WhatsApp-Image-2023-11-06-at-11.43.03-1-200x300.jpeg 200w, https:\/\/noticiasregionais.com.br\/wp-content\/uploads\/2023\/11\/WhatsApp-Image-2023-11-06-at-11.43.03-1-768x1153.jpeg 768w, https:\/\/noticiasregionais.com.br\/wp-content\/uploads\/2023\/11\/WhatsApp-Image-2023-11-06-at-11.43.03-1-1023x1536.jpeg 1023w, https:\/\/noticiasregionais.com.br\/wp-content\/uploads\/2023\/11\/WhatsApp-Image-2023-11-06-at-11.43.03-1.jpeg 1066w\" sizes=\"(max-width: 682px) 100vw, 682px\" \/><\/a><\/figure>\n\n\n\n<figure class=\"wp-block-image size-large\"><a href=\"https:\/\/noticiasregionais.com.br\/wp-content\/uploads\/2023\/11\/WhatsApp-Image-2023-11-06-at-11.43.04.jpeg\"><img decoding=\"async\" width=\"1024\" height=\"682\" data-id=\"1056\" src=\"https:\/\/noticiasregionais.com.br\/wp-content\/uploads\/2023\/11\/WhatsApp-Image-2023-11-06-at-11.43.04-1024x682.jpeg\" alt=\"\" class=\"wp-image-1056\" srcset=\"https:\/\/noticiasregionais.com.br\/wp-content\/uploads\/2023\/11\/WhatsApp-Image-2023-11-06-at-11.43.04-1024x682.jpeg 1024w, https:\/\/noticiasregionais.com.br\/wp-content\/uploads\/2023\/11\/WhatsApp-Image-2023-11-06-at-11.43.04-300x200.jpeg 300w, https:\/\/noticiasregionais.com.br\/wp-content\/uploads\/2023\/11\/WhatsApp-Image-2023-11-06-at-11.43.04-768x512.jpeg 768w, https:\/\/noticiasregionais.com.br\/wp-content\/uploads\/2023\/11\/WhatsApp-Image-2023-11-06-at-11.43.04-1536x1023.jpeg 1536w, https:\/\/noticiasregionais.com.br\/wp-content\/uploads\/2023\/11\/WhatsApp-Image-2023-11-06-at-11.43.04.jpeg 1600w\" sizes=\"(max-width: 1024px) 100vw, 1024px\" \/><\/a><\/figure>\n<\/figure>\n<input type=\"hidden\" id=\"baseurl\" value=\"https:\/\/noticiasregionais.com.br\"><input type=\"hidden\" id=\"audio_nonce\" value=\"533fbb67b1\">","protected":false},"excerpt":{"rendered":"<p>Secretaria de Desenvolvimento Econ\u00f4mico, Trabalho e Turismo teve programa\u00e7\u00e3o especial para todos os usu\u00e1rios, em especial para as crian\u00e7as A&hellip;<\/p>\n","protected":false},"author":1,"featured_media":1057,"comment_status":"closed","ping_status":"open","sticky":false,"template":"","format":"standard","meta":{"sfsi_plus_gutenberg_text_before_share":"","sfsi_plus_gutenberg_show_text_before_share":"","sfsi_plus_gutenberg_icon_type":"","sfsi_plus_gutenberg_icon_alignemt":"","sfsi_plus_gutenburg_max_per_row":"","footnotes":""},"categories":[5,10,1],"tags":[],"class_list":["post-1052","post","type-post","status-publish","format-standard","has-post-thumbnail","hentry","category-ourinhos","category-destaques","category-noticias"],"_links":{"self":[{"href":"https:\/\/noticiasregionais.com.br\/index.php?rest_route=\/wp\/v2\/posts\/1052","targetHints":{"allow":["GET"]}}],"collection":[{"href":"https:\/\/noticiasregionais.com.br\/index.php?rest_route=\/wp\/v2\/posts"}],"about":[{"href":"https:\/\/noticiasregionais.com.br\/index.php?rest_route=\/wp\/v2\/types\/post"}],"author":[{"embeddable":true,"href":"https:\/\/noticiasregionais.com.br\/index.php?rest_route=\/wp\/v2\/users\/1"}],"replies":[{"embeddable":true,"href":"https:\/\/noticiasregionais.com.br\/index.php?rest_route=%2Fwp%2Fv2%2Fcomments&post=1052"}],"version-history":[{"count":3,"href":"https:\/\/noticiasregionais.com.br\/index.php?rest_route=\/wp\/v2\/posts\/1052\/revisions"}],"predecessor-version":[{"id":1062,"href":"https:\/\/noticiasregionais.com.br\/index.php?rest_route=\/wp\/v2\/posts\/1052\/revisions\/1062"}],"wp:featuredmedia":[{"embeddable":true,"href":"https:\/\/noticiasregionais.com.br\/index.php?rest_route=\/wp\/v2\/media\/1057"}],"wp:attachment":[{"href":"https:\/\/noticiasregionais.com.br\/index.php?rest_route=%2Fwp%2Fv2%2Fmedia&parent=1052"}],"wp:term":[{"taxonomy":"category","embeddable":true,"href":"https:\/\/noticiasregionais.com.br\/index.php?rest_route=%2Fwp%2Fv2%2Fcategories&post=1052"},{"taxonomy":"post_tag","embeddable":true,"href":"https:\/\/noticiasregionais.com.br\/index.php?rest_route=%2Fwp%2Fv2%2Ftags&post=1052"}],"curies":[{"name":"wp","href":"https:\/\/api.w.org\/{rel}","templated":true}]}}